{"id":54015,"date":"2021-02-18T10:20:33","date_gmt":"2021-02-18T13:20:33","guid":{"rendered":"http:\/\/blogdoeloiltoncajuhy.com.br\/site\/?p=54015"},"modified":"2021-02-18T10:20:34","modified_gmt":"2021-02-18T13:20:34","slug":"idosa-e-presa-pela-prf-na-bahia-conduzindo-embriagada-veiculo-na-contramao-de-direcao","status":"publish","type":"post","link":"https:\/\/blogdoeloiltoncajuhy.com.br\/site\/idosa-e-presa-pela-prf-na-bahia-conduzindo-embriagada-veiculo-na-contramao-de-direcao\/","title":{"rendered":"Idosa \u00e9 presa pela PRF na Bahia conduzindo embriagada ve\u00edculo na contram\u00e3o de dire\u00e7\u00e3o"},"content":{"rendered":"\n<h5 class=\"has-text-align-center wp-block-heading\"><em>Ela foi autuada por infra\u00e7\u00e3o grav\u00edssima, que prev\u00ea o pagamento de multa no valor de R$ 2.934,70. O teste no aparelho apresentou \u00edndice quase 3 vezes maior do valor considerado como crime que \u00e9 de 0,34 mgL<\/em><\/h5>\n\n\n\n<div class=\"wp-block-image\"><figure class=\"aligncenter size-full\"><img data-recalc-dims=\"1\" fetchpriority=\"high\" decoding=\"async\" width=\"768\" height=\"427\" src=\"https:\/\/i0.wp.com\/blogdoeloiltoncajuhy.com.br\/site\/wp-content\/uploads\/2021\/02\/PRF_PrisaoIdosaEmbriagada.jpeg?resize=768%2C427\" alt=\"\" class=\"wp-image-54016\" srcset=\"https:\/\/i0.wp.com\/blogdoeloiltoncajuhy.com.br\/site\/wp-content\/uploads\/2021\/02\/PRF_PrisaoIdosaEmbriagada.jpeg?w=768&amp;ssl=1 768w, https:\/\/i0.wp.com\/blogdoeloiltoncajuhy.com.br\/site\/wp-content\/uploads\/2021\/02\/PRF_PrisaoIdosaEmbriagada.jpeg?resize=300%2C167&amp;ssl=1 300w\" sizes=\"(max-width: 768px) 100vw, 768px\" \/><\/figure><\/div>\n\n\n\n<p>A Pol\u00edcia Rodovi\u00e1ria Federal deteve a condutora de um ve\u00edculo Hilux alcoolizada. A a\u00e7\u00e3o foi registrada no Km 183 da BR 110, trecho do munic\u00edpio de Ribeira do Pombal\/BA.<\/p>\n\n\n\n<p>Por volta das 16h52, da ter\u00e7a-feira (16) uma equipe da PRF realizava ronda ostensiva voltada \u00e0 preven\u00e7\u00e3o de acidentes quando visualizou o ve\u00edculo realizando manobras perigosas, entrando constantemente na contram\u00e3o e acostamento da rodovia, colocando em risco a seguran\u00e7a de todos.<\/p>\n\n\n\n<p>De imediato, os policiais conseguiram realizar os procedimentos de abordagem e durante a fiscaliza\u00e7\u00e3o, a idosa, de 72 anos, foi submetida ao teste com etil\u00f4metro, cujo resultado aferiu 0,84 mg\/L (miligramas de \u00e1lcool por litro de ar expelido dos pulm\u00f5es), comprovando a embriaguez.<\/p>\n\n\n\n<p>Dada \u00e0s circunst\u00e2ncias, a ocorr\u00eancia foi encaminhada \u00e0 Delegacia de Pol\u00edcia Civil de Ribeira do Pombal e apresentada \u00e0 autoridade policial de plant\u00e3o.<\/p>\n\n\n\n<p>Al\u00e9m de deten\u00e7\u00e3o por crime de tr\u00e2nsito, a multa por alcoolemia custa R$ 2.934,70, valor que \u00e9 duplicado em caso de reincid\u00eancia. Ademais, ocorre a penalidade administrativa que suspende ou pro\u00edbe o motorista de obter a habilita\u00e7\u00e3o ou permiss\u00e3o para dirigir ve\u00edculo automotor por um per\u00edodo de 12 meses.<\/p>\n\n\n\n<p>A PRF ressalta que dirigir sob influ\u00eancia de \u00e1lcool, al\u00e9m de ser crime, gera risco para a seguran\u00e7a vi\u00e1ria e \u00e0 integridade f\u00edsica dos usu\u00e1rios das rodovias. Para coibir essa conduta perigosa o \u00f3rg\u00e3o mant\u00e9m fiscaliza\u00e7\u00e3o intensa em todas as rodovias federais do pa\u00eds.<\/p>\n","protected":false},"excerpt":{"rendered":"<p>Ela foi autuada por infra\u00e7\u00e3o grav\u00edssima, que prev\u00ea o pagamento de multa no valor de R$ 2.934,70. O teste no aparelho apresentou \u00edndice quase 3 vezes maior do valor considerado como crime que \u00e9 de 0,34 mgL A Pol\u00edcia Rodovi\u00e1ria Federal deteve a condutora de um ve\u00edculo Hilux alcoolizada. A a\u00e7\u00e3o foi registrada no Km [&hellip;]<\/p>\n","protected":false},"author":2,"featured_media":54016,"comment_status":"open","ping_status":"open","sticky":false,"template":"","format":"standard","meta":{"_acf_changed":false,"_monsterinsights_skip_tracking":false,"_monsterinsights_sitenote_active":false,"_monsterinsights_sitenote_note":"","_monsterinsights_sitenote_category":0,"_jetpack_memberships_contains_paid_content":false,"footnotes":"","jetpack_publicize_message":"","jetpack_publicize_feature_enabled":true,"jetpack_social_post_already_shared":true,"jetpack_social_options":{"image_generator_settings":{"template":"highway","default_image_id":0,"font":"","enabled":false},"version":2}},"categories":[15],"tags":[],"class_list":["post-54015","post","type-post","status-publish","format-standard","has-post-thumbnail","hentry","category-policia"],"acf":[],"jetpack_publicize_connections":[],"jetpack_featured_media_url":"https:\/\/i0.wp.com\/blogdoeloiltoncajuhy.com.br\/site\/wp-content\/uploads\/2021\/02\/PRF_PrisaoIdosaEmbriagada.jpeg?fit=768%2C427&ssl=1","jetpack_sharing_enabled":true,"publishpress_future_workflow_manual_trigger":{"enabledWorkflows":[]},"_links":{"self":[{"href":"https:\/\/blogdoeloiltoncajuhy.com.br\/site\/wp-json\/wp\/v2\/posts\/54015","targetHints":{"allow":["GET"]}}],"collection":[{"href":"https:\/\/blogdoeloiltoncajuhy.com.br\/site\/wp-json\/wp\/v2\/posts"}],"about":[{"href":"https:\/\/blogdoeloiltoncajuhy.com.br\/site\/wp-json\/wp\/v2\/types\/post"}],"author":[{"embeddable":true,"href":"https:\/\/blogdoeloiltoncajuhy.com.br\/site\/wp-json\/wp\/v2\/users\/2"}],"replies":[{"embeddable":true,"href":"https:\/\/blogdoeloiltoncajuhy.com.br\/site\/wp-json\/wp\/v2\/comments?post=54015"}],"version-history":[{"count":2,"href":"https:\/\/blogdoeloiltoncajuhy.com.br\/site\/wp-json\/wp\/v2\/posts\/54015\/revisions"}],"predecessor-version":[{"id":54018,"href":"https:\/\/blogdoeloiltoncajuhy.com.br\/site\/wp-json\/wp\/v2\/posts\/54015\/revisions\/54018"}],"wp:featuredmedia":[{"embeddable":true,"href":"https:\/\/blogdoeloiltoncajuhy.com.br\/site\/wp-json\/wp\/v2\/media\/54016"}],"wp:attachment":[{"href":"https:\/\/blogdoeloiltoncajuhy.com.br\/site\/wp-json\/wp\/v2\/media?parent=54015"}],"wp:term":[{"taxonomy":"category","embeddable":true,"href":"https:\/\/blogdoeloiltoncajuhy.com.br\/site\/wp-json\/wp\/v2\/categories?post=54015"},{"taxonomy":"post_tag","embeddable":true,"href":"https:\/\/blogdoeloiltoncajuhy.com.br\/site\/wp-json\/wp\/v2\/tags?post=54015"}],"curies":[{"name":"wp","href":"https:\/\/api.w.org\/{rel}","templated":true}]}}