{"id":54011,"date":"2021-02-18T10:08:34","date_gmt":"2021-02-18T13:08:34","guid":{"rendered":"http:\/\/blogdoeloiltoncajuhy.com.br\/site\/?p=54011"},"modified":"2021-02-18T10:09:43","modified_gmt":"2021-02-18T13:09:43","slug":"ibge-abre-concursos-para-mais-de-204-mil-vagas-para-o-censo-2021","status":"publish","type":"post","link":"https:\/\/blogdoeloiltoncajuhy.com.br\/site\/ibge-abre-concursos-para-mais-de-204-mil-vagas-para-o-censo-2021\/","title":{"rendered":"IBGE abre concursos para mais de 204 mil vagas para o Censo 2021"},"content":{"rendered":"\n<h5 class=\"has-text-align-center wp-block-heading\"><em>S\u00e3o 181.898 vagas para recenseador, que exige n\u00edvel fundamental, e 22.409 para agente censit\u00e1rio, de n\u00edvel m\u00e9dio; remunera\u00e7\u00e3o vai at\u00e9 R$ 2,1 mil<\/em><\/h5>\n\n\n\n<div class=\"wp-block-image\"><figure class=\"aligncenter size-full is-resized\"><img data-recalc-dims=\"1\" fetchpriority=\"high\" decoding=\"async\" src=\"https:\/\/i0.wp.com\/blogdoeloiltoncajuhy.com.br\/site\/wp-content\/uploads\/2020\/09\/IBGE-censo-2020.jpg?resize=738%2C369\" alt=\"\" class=\"wp-image-49063\" width=\"738\" height=\"369\" srcset=\"https:\/\/i0.wp.com\/blogdoeloiltoncajuhy.com.br\/site\/wp-content\/uploads\/2020\/09\/IBGE-censo-2020.jpg?w=984&amp;ssl=1 984w, https:\/\/i0.wp.com\/blogdoeloiltoncajuhy.com.br\/site\/wp-content\/uploads\/2020\/09\/IBGE-censo-2020.jpg?resize=300%2C150&amp;ssl=1 300w, https:\/\/i0.wp.com\/blogdoeloiltoncajuhy.com.br\/site\/wp-content\/uploads\/2020\/09\/IBGE-censo-2020.jpg?resize=768%2C384&amp;ssl=1 768w\" sizes=\"(max-width: 738px) 100vw, 738px\" \/><\/figure><\/div>\n\n\n\n<p>O Instituto Brasileiro de Geografia e Estat\u00edstica (IBGE) reabriu o aguardado concurso para 204.307 vagas tempor\u00e1rias para a realiza\u00e7\u00e3o do Censo Demogr\u00e1fico 2021, com sal\u00e1rios de at\u00e9 R$ 2.100. Os editais foram publicados nesta quinta-feira (18) no Di\u00e1rio Oficial da Uni\u00e3o.<\/p>\n\n\n\n<p>S\u00e3o dois processos seletivos e h\u00e1 vagas distribu\u00eddas para praticamente todos os munic\u00edpios do pa\u00eds.<\/p>\n\n\n\n<p class=\"has-black-color has-text-color has-large-font-size\"><strong>Veja a distribui\u00e7\u00e3o de vagas e sal\u00e1rios:<\/strong><\/p>\n\n\n\n<ul class=\"wp-block-list\"><li>181.898 vagas para a fun\u00e7\u00e3o de Recenseador: remunera\u00e7\u00e3o por produ\u00e7\u00e3o, de acordo com o n\u00famero de domic\u00edlios visitados e question\u00e1rios respondidos.<\/li><\/ul>\n\n\n\n<ul class=\"wp-block-list\"><li>5.450 vagas para a fun\u00e7\u00e3o de Agente Censit\u00e1rio Municipal: sal\u00e1rio de R$ 2.100.<\/li><\/ul>\n\n\n\n<ul class=\"wp-block-list\"><li>16.959 vagas para a fun\u00e7\u00e3o de Agente Censit\u00e1rio Supervisor: sal\u00e1rio de R$ 1.700.<\/li><\/ul>\n\n\n\n<p class=\"has-black-color has-text-color has-large-font-size\"><strong>Recenseador<\/strong><\/p>\n\n\n\n<p>Para a fun\u00e7\u00e3o de recenseador, \u00e9 exigido ensino fundamental completo. A previs\u00e3o de dura\u00e7\u00e3o do contrato \u00e9 de at\u00e9 3 meses, podendo ser prorrogado mediante necessidade de conclus\u00e3o das atividades do Censo e de disponibilidade or\u00e7ament\u00e1ria. As renova\u00e7\u00f5es ou rescis\u00f5es dos contratos estar\u00e3o condicionadas ainda ao cronograma da coleta e aos resultados da avalia\u00e7\u00e3o de desempenho do contratado. A jornada de trabalho \u00e9 de, no m\u00ednimo, 25 horas semanais. <a href=\"https:\/\/www.in.gov.br\/en\/web\/dou\/-\/edital-n-2\/2021processo-seletivo-simplificado-para-a-contratacao-temporaria-de-pessoal-na-funcao-de-recenseador-304003035\" target=\"_blank\" rel=\"noreferrer noopener\">Veja aqui o edital<\/a>.<\/p>\n\n\n\n<p class=\"has-black-color has-text-color has-large-font-size\"><strong>Agente censit\u00e1rio<\/strong><\/p>\n\n\n\n<p>Para as fun\u00e7\u00f5es de agente censit\u00e1rio, \u00e9 exigido ensino m\u00e9dio completo.<\/p>\n\n\n\n<ul class=\"wp-block-list\"><li><a href=\"https:\/\/www.in.gov.br\/en\/web\/dou\/-\/edital-n-1\/2021processo-seletivo-simplificado-para-a-contratacao-temporaria-de-pessoal-na-funcao-de-agente-censitario-municipal-acm-e-na-funcao-de-agente-censitario-supervisor-acs-303979136\" target=\"_blank\" rel=\"noreferrer noopener\">Veja aqui o edital<\/a><\/li><\/ul>\n\n\n\n<p>O agente censit\u00e1rio municipal gerencia o posto de coleta e, durante todo o trabalho do Censo Demogr\u00e1fico 2021, estar\u00e1 \u00e0 frente de dois tipos de a\u00e7\u00f5es:<\/p>\n\n\n\n<ul class=\"wp-block-list\"><li>Administrativas \u2013 controle e \u00e0 gest\u00e3o dos recursos humanos e materiais do Posto de Coleta;<\/li><\/ul>\n\n\n\n<ul class=\"wp-block-list\"><li>T\u00e9cnico-operacionais \u2013 gestor de uma equipe de Agentes Censit\u00e1rios Supervisores e recenseadores em que acompanhar\u00e1 e orientar\u00e1 a Coleta de Dados.<\/li><\/ul>\n\n\n\n<p>O agente censit\u00e1rio supervisor exerce as tarefas de supervis\u00e3o da opera\u00e7\u00e3o censit\u00e1ria, com foco nas quest\u00f5es t\u00e9cnicas e de inform\u00e1tica e administrativas. Est\u00e1 subordinado ao Agente Censit\u00e1rio Municipal. Sua principal fun\u00e7\u00e3o \u00e9 acompanhar, avaliar e, sobretudo, orientar os Recenseadores durante a execu\u00e7\u00e3o dos trabalhos de campo.<\/p>\n\n\n\n<p>A dura\u00e7\u00e3o dos contratos \u00e9 de 5 meses, podendo ser prorrogado, com base nas necessidades de conclus\u00e3o das atividades do Censo Demogr\u00e1fico 2021 e na disponibilidade de recursos or\u00e7ament\u00e1rios.<\/p>\n\n\n\n<p>Ao candidato que obtiver melhor classifica\u00e7\u00e3o ser\u00e1 oferecida a vaga de Agente Censit\u00e1rio Municipal. Aos demais candidatos classificados ser\u00e3o asseguradas as vagas de Agente Censit\u00e1rio Supervisor, obedecida a ordem de classifica\u00e7\u00e3o.<\/p>\n\n\n\n<p>A jornada de trabalho \u00e9 de 40 horas semanais, sendo 8 horas di\u00e1rias.<\/p>\n\n\n\n<p class=\"has-black-color has-text-color has-large-font-size\"><strong>Inscri\u00e7\u00f5es<\/strong><\/p>\n\n\n\n<p>Para as vagas de recenseador, as inscri\u00e7\u00f5es come\u00e7am no dia 23 de fevereiro e v\u00e3o at\u00e9 19 de mar\u00e7o, pelo site <a href=\"http:\/\/www.cebraspe.org.br\/concursos\/ibge_20_ recenseador\" target=\"_blank\" rel=\"noreferrer noopener\">http:\/\/www.cebraspe.org.br\/concursos\/ibge_20_ recenseador<\/a>. A taxa de inscri\u00e7\u00e3o \u00e9 de R$ 25,77.<\/p>\n\n\n\n<p>Para as vagas de agente censit\u00e1rio municipal e agente censit\u00e1rio supervisor, as inscri\u00e7\u00f5es come\u00e7am nesta sexta-feira (19) e v\u00e3o at\u00e9 15 de mar\u00e7o pelo site <a href=\"http:\/\/www.cebraspe.org.br\/concursos\/ibge_20_agente\" target=\"_blank\" rel=\"noreferrer noopener\">http:\/\/www.cebraspe.org.br\/concursos\/ibge_20_agente<\/a>. A taxa de inscri\u00e7\u00e3o \u00e9 de R$ 39,49.<\/p>\n\n\n\n<p class=\"has-black-color has-text-color has-large-font-size\"><strong>Provas e resultados<\/strong><\/p>\n\n\n\n<p>De acordo com o IBGE, as provas objetivas ser\u00e3o aplicadas presencialmente em 18 de abril para agente censit\u00e1rio municipal e agente censit\u00e1rio supervisor. Para recenseadores, as provas ser\u00e3o tamb\u00e9m presenciais, em 25 de abril, &#8220;seguindo os protocolos sanit\u00e1rios de preven\u00e7\u00e3o da Covid-19&#8221;.<\/p>\n\n\n\n<p>Essa diferen\u00e7a de datas permite ao candidato participar dos dois processos seletivos. As provas ser\u00e3o realizadas em todos os munic\u00edpios onde houver vagas.<\/p>\n\n\n\n<p class=\"has-black-color has-text-color has-medium-font-size\"><strong>Provas para agente censit\u00e1rio municipal e agente censit\u00e1rio supervisor:<\/strong><\/p>\n\n\n\n<ul class=\"wp-block-list\"><li>prova objetiva de car\u00e1ter eliminat\u00f3rio e classificat\u00f3rio<\/li><\/ul>\n\n\n\n<ul class=\"wp-block-list\"><li>4 horas de dura\u00e7\u00e3o, aplicada no turno da tarde<\/li><\/ul>\n\n\n\n<ul class=\"wp-block-list\"><li>10 quest\u00f5es de L\u00edngua Portuguesa<\/li><\/ul>\n\n\n\n<ul class=\"wp-block-list\"><li>10 quest\u00f5es de Racioc\u00ednio L\u00f3gico Quantitativo<\/li><\/ul>\n\n\n\n<ul class=\"wp-block-list\"><li>5 quest\u00f5es de \u00c9tica no Servi\u00e7o P\u00fablico<\/li><\/ul>\n\n\n\n<ul class=\"wp-block-list\"><li>15 quest\u00f5es de No\u00e7\u00f5es de Administra\u00e7\u00e3o\/Situa\u00e7\u00f5es Gerenciais<\/li><\/ul>\n\n\n\n<ul class=\"wp-block-list\"><li>20 quest\u00f5es de Conhecimentos T\u00e9cnicos. O conte\u00fado program\u00e1tico est\u00e1 dispon\u00edvel no edital.<\/li><\/ul>\n\n\n\n<p class=\"has-black-color has-text-color has-medium-font-size\"><strong>Prova para recenseador:<\/strong><\/p>\n\n\n\n<ul class=\"wp-block-list\"><li>prova objetiva, de car\u00e1ter eliminat\u00f3rio e classificat\u00f3rio<\/li><\/ul>\n\n\n\n<ul class=\"wp-block-list\"><li>4 horas de dura\u00e7\u00e3o, aplicada no turno da tarde<\/li><\/ul>\n\n\n\n<ul class=\"wp-block-list\"><li>10 quest\u00f5es de L\u00edngua Portuguesa<\/li><\/ul>\n\n\n\n<ul class=\"wp-block-list\"><li>10 quest\u00f5es de Matem\u00e1tica<\/li><\/ul>\n\n\n\n<ul class=\"wp-block-list\"><li>5 quest\u00f5es sobre \u00c9tica no Servi\u00e7o P\u00fablico<\/li><\/ul>\n\n\n\n<ul class=\"wp-block-list\"><li>25 quest\u00f5es de Conhecimentos T\u00e9cnicos<\/li><\/ul>\n\n\n\n<p>Os gabaritos preliminares ser\u00e3o divulgados no dia seguinte a aplica\u00e7\u00e3o das provas, a partir das 19h, no site do Cebraspe. O resultado final dos aprovados ser\u00e1 divulgado em 27 de maio.<\/p>\n\n\n\n<p>A previs\u00e3o para contrata\u00e7\u00e3o \u00e9 dia 31 de maio no caso dos agentes censit\u00e1rios, e em julho, para os recenseadores.<\/p>\n","protected":false},"excerpt":{"rendered":"<p>S\u00e3o 181.898 vagas para recenseador, que exige n\u00edvel fundamental, e 22.409 para agente censit\u00e1rio, de n\u00edvel m\u00e9dio; remunera\u00e7\u00e3o vai at\u00e9 R$ 2,1 mil O Instituto Brasileiro de Geografia e Estat\u00edstica (IBGE) reabriu o aguardado concurso para 204.307 vagas tempor\u00e1rias para a realiza\u00e7\u00e3o do Censo Demogr\u00e1fico 2021, com sal\u00e1rios de at\u00e9 R$ 2.100. Os editais foram [&hellip;]<\/p>\n","protected":false},"author":2,"featured_media":6672,"comment_status":"open","ping_status":"open","sticky":false,"template":"","format":"standard","meta":{"_acf_changed":false,"_monsterinsights_skip_tracking":false,"_monsterinsights_sitenote_active":false,"_monsterinsights_sitenote_note":"","_monsterinsights_sitenote_category":0,"_jetpack_memberships_contains_paid_content":false,"footnotes":"","jetpack_publicize_message":"","jetpack_publicize_feature_enabled":true,"jetpack_social_post_already_shared":true,"jetpack_social_options":{"image_generator_settings":{"template":"highway","default_image_id":0,"font":"","enabled":false},"version":2}},"categories":[1],"tags":[],"class_list":["post-54011","post","type-post","status-publish","format-standard","has-post-thumbnail","hentry","category-noticias"],"acf":[],"jetpack_publicize_connections":[],"jetpack_featured_media_url":"https:\/\/i0.wp.com\/blogdoeloiltoncajuhy.com.br\/site\/wp-content\/uploads\/2015\/12\/concurso-ibge.jpg?fit=500%2C331&ssl=1","jetpack_sharing_enabled":true,"publishpress_future_workflow_manual_trigger":{"enabledWorkflows":[]},"_links":{"self":[{"href":"https:\/\/blogdoeloiltoncajuhy.com.br\/site\/wp-json\/wp\/v2\/posts\/54011","targetHints":{"allow":["GET"]}}],"collection":[{"href":"https:\/\/blogdoeloiltoncajuhy.com.br\/site\/wp-json\/wp\/v2\/posts"}],"about":[{"href":"https:\/\/blogdoeloiltoncajuhy.com.br\/site\/wp-json\/wp\/v2\/types\/post"}],"author":[{"embeddable":true,"href":"https:\/\/blogdoeloiltoncajuhy.com.br\/site\/wp-json\/wp\/v2\/users\/2"}],"replies":[{"embeddable":true,"href":"https:\/\/blogdoeloiltoncajuhy.com.br\/site\/wp-json\/wp\/v2\/comments?post=54011"}],"version-history":[{"count":3,"href":"https:\/\/blogdoeloiltoncajuhy.com.br\/site\/wp-json\/wp\/v2\/posts\/54011\/revisions"}],"predecessor-version":[{"id":54014,"href":"https:\/\/blogdoeloiltoncajuhy.com.br\/site\/wp-json\/wp\/v2\/posts\/54011\/revisions\/54014"}],"wp:featuredmedia":[{"embeddable":true,"href":"https:\/\/blogdoeloiltoncajuhy.com.br\/site\/wp-json\/wp\/v2\/media\/6672"}],"wp:attachment":[{"href":"https:\/\/blogdoeloiltoncajuhy.com.br\/site\/wp-json\/wp\/v2\/media?parent=54011"}],"wp:term":[{"taxonomy":"category","embeddable":true,"href":"https:\/\/blogdoeloiltoncajuhy.com.br\/site\/wp-json\/wp\/v2\/categories?post=54011"},{"taxonomy":"post_tag","embeddable":true,"href":"https:\/\/blogdoeloiltoncajuhy.com.br\/site\/wp-json\/wp\/v2\/tags?post=54011"}],"curies":[{"name":"wp","href":"https:\/\/api.w.org\/{rel}","templated":true}]}}