{"id":54003,"date":"2021-02-18T09:02:45","date_gmt":"2021-02-18T12:02:45","guid":{"rendered":"http:\/\/blogdoeloiltoncajuhy.com.br\/site\/?p=54003"},"modified":"2021-02-18T09:02:46","modified_gmt":"2021-02-18T12:02:46","slug":"prefeitura-de-andorinha-divulga-resultado-do-concurso-dos-caretas-web","status":"publish","type":"post","link":"https:\/\/blogdoeloiltoncajuhy.com.br\/site\/prefeitura-de-andorinha-divulga-resultado-do-concurso-dos-caretas-web\/","title":{"rendered":"Prefeitura de Andorinha divulga resultado do Concurso dos Caretas Web"},"content":{"rendered":"\n<div class=\"wp-block-image\"><figure class=\"aligncenter size-large\"><img data-recalc-dims=\"1\" fetchpriority=\"high\" decoding=\"async\" width=\"800\" height=\"799\" src=\"https:\/\/i0.wp.com\/blogdoeloiltoncajuhy.com.br\/site\/wp-content\/uploads\/2021\/02\/PMA_Concurso-dos-Caretas-2021_01.jpeg?resize=800%2C799\" alt=\"\" class=\"wp-image-54004\" srcset=\"https:\/\/i0.wp.com\/blogdoeloiltoncajuhy.com.br\/site\/wp-content\/uploads\/2021\/02\/PMA_Concurso-dos-Caretas-2021_01.jpeg?w=1000&amp;ssl=1 1000w, https:\/\/i0.wp.com\/blogdoeloiltoncajuhy.com.br\/site\/wp-content\/uploads\/2021\/02\/PMA_Concurso-dos-Caretas-2021_01.jpeg?resize=300%2C300&amp;ssl=1 300w, https:\/\/i0.wp.com\/blogdoeloiltoncajuhy.com.br\/site\/wp-content\/uploads\/2021\/02\/PMA_Concurso-dos-Caretas-2021_01.jpeg?resize=150%2C150&amp;ssl=1 150w, https:\/\/i0.wp.com\/blogdoeloiltoncajuhy.com.br\/site\/wp-content\/uploads\/2021\/02\/PMA_Concurso-dos-Caretas-2021_01.jpeg?resize=768%2C767&amp;ssl=1 768w\" sizes=\"(max-width: 800px) 100vw, 800px\" \/><\/figure><\/div>\n\n\n\n<p>A Prefeitura Municipal de Andorinha, atrav\u00e9s da Secretaria de Cultura, divulgou nesta quarta-feira (17) o resultado do Concurso dos Caretas.<\/p>\n\n\n\n<p>Por conta do momento de pandemia vivido pela popula\u00e7\u00e3o e pensando na sa\u00fade de todos, este ano o governo municipal fez um Carnaval diferente. Com a impossibilidade da realiza\u00e7\u00e3o do Carnaval de rua, j\u00e1 que os foli\u00f5es e os caretas n\u00e3o puderam ir \u00e0s ruas com suas fantasias, a prefeitura buscou uma maneira de deixar a alegria invadir o cora\u00e7\u00e3o dos amantes desta festa t\u00e3o tradicional.<\/p>\n\n\n\n<p>O concurso foi realizado de forma virtual, para que n\u00e3o houvesse aglomera\u00e7\u00f5es, mas com a alegria de sempre. A disputa ficou definida em tr\u00eas categorias: Baby, infantil e adulto.<\/p>\n\n\n\n<p class=\"has-black-color has-text-color has-medium-font-size\"><strong>Confira abaixo os ganhadores:<\/strong><\/p>\n\n\n\n<p><strong>BABY:<\/strong><\/p>\n\n\n\n<div class=\"wp-block-image\"><figure class=\"aligncenter size-large\"><img data-recalc-dims=\"1\" decoding=\"async\" width=\"800\" height=\"800\" src=\"https:\/\/i0.wp.com\/blogdoeloiltoncajuhy.com.br\/site\/wp-content\/uploads\/2021\/02\/PMA_Concurso-dos-Caretas-2021_Baby.jpeg?resize=800%2C800\" alt=\"\" class=\"wp-image-54005\" srcset=\"https:\/\/i0.wp.com\/blogdoeloiltoncajuhy.com.br\/site\/wp-content\/uploads\/2021\/02\/PMA_Concurso-dos-Caretas-2021_Baby.jpeg?w=999&amp;ssl=1 999w, https:\/\/i0.wp.com\/blogdoeloiltoncajuhy.com.br\/site\/wp-content\/uploads\/2021\/02\/PMA_Concurso-dos-Caretas-2021_Baby.jpeg?resize=300%2C300&amp;ssl=1 300w, https:\/\/i0.wp.com\/blogdoeloiltoncajuhy.com.br\/site\/wp-content\/uploads\/2021\/02\/PMA_Concurso-dos-Caretas-2021_Baby.jpeg?resize=150%2C150&amp;ssl=1 150w, https:\/\/i0.wp.com\/blogdoeloiltoncajuhy.com.br\/site\/wp-content\/uploads\/2021\/02\/PMA_Concurso-dos-Caretas-2021_Baby.jpeg?resize=768%2C768&amp;ssl=1 768w\" sizes=\"(max-width: 800px) 100vw, 800px\" \/><\/figure><\/div>\n\n\n\n<p>1\u00ba Lugar &#8211; Anjinha<br>2\u00ba Lugar &#8211; Goten<\/p>\n\n\n\n<p><strong>INFANTIL:<\/strong><\/p>\n\n\n\n<div class=\"wp-block-image\"><figure class=\"aligncenter size-large\"><img data-recalc-dims=\"1\" decoding=\"async\" width=\"800\" height=\"800\" src=\"https:\/\/i0.wp.com\/blogdoeloiltoncajuhy.com.br\/site\/wp-content\/uploads\/2021\/02\/PMA_Concurso-dos-Caretas-2021_Infantil.jpeg?resize=800%2C800\" alt=\"\" class=\"wp-image-54006\" srcset=\"https:\/\/i0.wp.com\/blogdoeloiltoncajuhy.com.br\/site\/wp-content\/uploads\/2021\/02\/PMA_Concurso-dos-Caretas-2021_Infantil.jpeg?w=999&amp;ssl=1 999w, https:\/\/i0.wp.com\/blogdoeloiltoncajuhy.com.br\/site\/wp-content\/uploads\/2021\/02\/PMA_Concurso-dos-Caretas-2021_Infantil.jpeg?resize=300%2C300&amp;ssl=1 300w, https:\/\/i0.wp.com\/blogdoeloiltoncajuhy.com.br\/site\/wp-content\/uploads\/2021\/02\/PMA_Concurso-dos-Caretas-2021_Infantil.jpeg?resize=150%2C150&amp;ssl=1 150w, https:\/\/i0.wp.com\/blogdoeloiltoncajuhy.com.br\/site\/wp-content\/uploads\/2021\/02\/PMA_Concurso-dos-Caretas-2021_Infantil.jpeg?resize=768%2C768&amp;ssl=1 768w\" sizes=\"(max-width: 800px) 100vw, 800px\" \/><\/figure><\/div>\n\n\n\n<p>1\u00ba Lugar &#8211; Policial<br>2\u00ba Lugar \u2013 M\u00e1gica<br>3\u00ba Lugar &#8211; Z\u00e9 Gotinha<\/p>\n\n\n\n<p><strong>ADULTO:<\/strong><\/p>\n\n\n\n<div class=\"wp-block-image\"><figure class=\"aligncenter size-large\"><img data-recalc-dims=\"1\" loading=\"lazy\" decoding=\"async\" width=\"800\" height=\"800\" src=\"https:\/\/i0.wp.com\/blogdoeloiltoncajuhy.com.br\/site\/wp-content\/uploads\/2021\/02\/PMA_Concurso-dos-Caretas-2021_Adulto.jpeg?resize=800%2C800\" alt=\"\" class=\"wp-image-54007\" srcset=\"https:\/\/i0.wp.com\/blogdoeloiltoncajuhy.com.br\/site\/wp-content\/uploads\/2021\/02\/PMA_Concurso-dos-Caretas-2021_Adulto.jpeg?w=999&amp;ssl=1 999w, https:\/\/i0.wp.com\/blogdoeloiltoncajuhy.com.br\/site\/wp-content\/uploads\/2021\/02\/PMA_Concurso-dos-Caretas-2021_Adulto.jpeg?resize=300%2C300&amp;ssl=1 300w, https:\/\/i0.wp.com\/blogdoeloiltoncajuhy.com.br\/site\/wp-content\/uploads\/2021\/02\/PMA_Concurso-dos-Caretas-2021_Adulto.jpeg?resize=150%2C150&amp;ssl=1 150w, https:\/\/i0.wp.com\/blogdoeloiltoncajuhy.com.br\/site\/wp-content\/uploads\/2021\/02\/PMA_Concurso-dos-Caretas-2021_Adulto.jpeg?resize=768%2C768&amp;ssl=1 768w\" sizes=\"(max-width: 800px) 100vw, 800px\" \/><\/figure><\/div>\n\n\n\n<p>1\u00ba Lugar &#8211; Espantalho<br>2\u00ba Lugar &#8211; Exterminador do Coronav\u00edrus<br>3\u00ba Lugar &#8211; O Palha\u00e7o<\/p>\n\n\n\n<p>A Prefeitura, atrav\u00e9s da Secretaria de Cultura, parabeniza os ganhadores e agradece a participa\u00e7\u00e3o e intera\u00e7\u00e3o de todos que contribu\u00edram enviando suas fotos e votando para eleger as melhores fantasias, contribuindo para que o concurso fosse realizado mantendo a tradi\u00e7\u00e3o.<\/p>\n","protected":false},"excerpt":{"rendered":"<p>A Prefeitura Municipal de Andorinha, atrav\u00e9s da Secretaria de Cultura, divulgou nesta quarta-feira (17) o resultado do Concurso dos Caretas. Por conta do momento de pandemia vivido pela popula\u00e7\u00e3o e pensando na sa\u00fade de todos, este ano o governo municipal fez um Carnaval diferente. Com a impossibilidade da realiza\u00e7\u00e3o do Carnaval de rua, j\u00e1 que [&hellip;]<\/p>\n","protected":false},"author":2,"featured_media":54004,"comment_status":"open","ping_status":"open","sticky":false,"template":"","format":"standard","meta":{"_acf_changed":false,"_monsterinsights_skip_tracking":false,"_monsterinsights_sitenote_active":false,"_monsterinsights_sitenote_note":"","_monsterinsights_sitenote_category":0,"_jetpack_memberships_contains_paid_content":false,"footnotes":"","jetpack_publicize_message":"","jetpack_publicize_feature_enabled":true,"jetpack_social_post_already_shared":true,"jetpack_social_options":{"image_generator_settings":{"template":"highway","default_image_id":0,"font":"","enabled":false},"version":2}},"categories":[11],"tags":[],"class_list":["post-54003","post","type-post","status-publish","format-standard","has-post-thumbnail","hentry","category-regional"],"acf":[],"jetpack_publicize_connections":[],"jetpack_featured_media_url":"https:\/\/i0.wp.com\/blogdoeloiltoncajuhy.com.br\/site\/wp-content\/uploads\/2021\/02\/PMA_Concurso-dos-Caretas-2021_01.jpeg?fit=1000%2C999&ssl=1","jetpack_sharing_enabled":true,"publishpress_future_workflow_manual_trigger":{"enabledWorkflows":[]},"_links":{"self":[{"href":"https:\/\/blogdoeloiltoncajuhy.com.br\/site\/wp-json\/wp\/v2\/posts\/54003","targetHints":{"allow":["GET"]}}],"collection":[{"href":"https:\/\/blogdoeloiltoncajuhy.com.br\/site\/wp-json\/wp\/v2\/posts"}],"about":[{"href":"https:\/\/blogdoeloiltoncajuhy.com.br\/site\/wp-json\/wp\/v2\/types\/post"}],"author":[{"embeddable":true,"href":"https:\/\/blogdoeloiltoncajuhy.com.br\/site\/wp-json\/wp\/v2\/users\/2"}],"replies":[{"embeddable":true,"href":"https:\/\/blogdoeloiltoncajuhy.com.br\/site\/wp-json\/wp\/v2\/comments?post=54003"}],"version-history":[{"count":2,"href":"https:\/\/blogdoeloiltoncajuhy.com.br\/site\/wp-json\/wp\/v2\/posts\/54003\/revisions"}],"predecessor-version":[{"id":54009,"href":"https:\/\/blogdoeloiltoncajuhy.com.br\/site\/wp-json\/wp\/v2\/posts\/54003\/revisions\/54009"}],"wp:featuredmedia":[{"embeddable":true,"href":"https:\/\/blogdoeloiltoncajuhy.com.br\/site\/wp-json\/wp\/v2\/media\/54004"}],"wp:attachment":[{"href":"https:\/\/blogdoeloiltoncajuhy.com.br\/site\/wp-json\/wp\/v2\/media?parent=54003"}],"wp:term":[{"taxonomy":"category","embeddable":true,"href":"https:\/\/blogdoeloiltoncajuhy.com.br\/site\/wp-json\/wp\/v2\/categories?post=54003"},{"taxonomy":"post_tag","embeddable":true,"href":"https:\/\/blogdoeloiltoncajuhy.com.br\/site\/wp-json\/wp\/v2\/tags?post=54003"}],"curies":[{"name":"wp","href":"https:\/\/api.w.org\/{rel}","templated":true}]}}