{"id":53931,"date":"2021-02-16T11:50:13","date_gmt":"2021-02-16T14:50:13","guid":{"rendered":"http:\/\/blogdoeloiltoncajuhy.com.br\/site\/?p=53931"},"modified":"2021-02-16T11:55:48","modified_gmt":"2021-02-16T14:55:48","slug":"cantora-mirielle-cajuhy-prepara-lancamento-de-clipe-para-o-dia-da-mulher","status":"publish","type":"post","link":"https:\/\/blogdoeloiltoncajuhy.com.br\/site\/cantora-mirielle-cajuhy-prepara-lancamento-de-clipe-para-o-dia-da-mulher\/","title":{"rendered":"Cantora Mirielle Cajuhy prepara lan\u00e7amento de clipe para o Dia da Mulher"},"content":{"rendered":"\n<div class=\"wp-block-image\"><figure class=\"aligncenter size-large\"><img data-recalc-dims=\"1\" fetchpriority=\"high\" decoding=\"async\" width=\"800\" height=\"640\" src=\"https:\/\/i0.wp.com\/blogdoeloiltoncajuhy.com.br\/site\/wp-content\/uploads\/2021\/02\/Mirielle-UmLugar.jpg?resize=800%2C640\" alt=\"\" class=\"wp-image-53932\" srcset=\"https:\/\/i0.wp.com\/blogdoeloiltoncajuhy.com.br\/site\/wp-content\/uploads\/2021\/02\/Mirielle-UmLugar.jpg?resize=1024%2C819&amp;ssl=1 1024w, https:\/\/i0.wp.com\/blogdoeloiltoncajuhy.com.br\/site\/wp-content\/uploads\/2021\/02\/Mirielle-UmLugar.jpg?resize=300%2C240&amp;ssl=1 300w, https:\/\/i0.wp.com\/blogdoeloiltoncajuhy.com.br\/site\/wp-content\/uploads\/2021\/02\/Mirielle-UmLugar.jpg?resize=768%2C614&amp;ssl=1 768w, https:\/\/i0.wp.com\/blogdoeloiltoncajuhy.com.br\/site\/wp-content\/uploads\/2021\/02\/Mirielle-UmLugar.jpg?resize=1536%2C1229&amp;ssl=1 1536w, https:\/\/i0.wp.com\/blogdoeloiltoncajuhy.com.br\/site\/wp-content\/uploads\/2021\/02\/Mirielle-UmLugar.jpg?w=2048&amp;ssl=1 2048w, https:\/\/i0.wp.com\/blogdoeloiltoncajuhy.com.br\/site\/wp-content\/uploads\/2021\/02\/Mirielle-UmLugar.jpg?w=1600 1600w\" sizes=\"(max-width: 800px) 100vw, 800px\" \/><figcaption><em>Foto: James Jonathan<\/em><\/figcaption><\/figure><\/div>\n\n\n\n<p><em>\u201cE tome tento, menina! Cada parte do teu corpo \u00e9 um c\u00f4modo do teu lar\u201d<\/em>. \u00c9 com esse aviso que o refr\u00e3o da m\u00fasica <strong><em>\u201cLugar\u201d<\/em><\/strong> traz o recado. A composi\u00e7\u00e3o da cantora Mirielle Cajuhy tem na sua ess\u00eancia a exalta\u00e7\u00e3o ao sagrado feminino e a resili\u00eancia que \u00e9 pr\u00f3pria das mulheres.<\/p>\n\n\n\n<p>Em janeiro, a artista gravou clipe e escolheu o Dia Internacional da Mulher para lan\u00e7\u00e1-lo no seu canal do YouTube. <em>\u201cUma felicidade enorme em poder compartilhar esse trabalho nessa data t\u00e3o significativa, que foi fruto de muito esfor\u00e7o em equipe\u201d<\/em>, conta.<\/p>\n\n\n\n<p>Ela tamb\u00e9m destacou a satisfa\u00e7\u00e3o de ter contado com o apoio financeiro da Prefeitura de Juazeiro, atrav\u00e9s da Lei Aldir Blanc. <em>\u201cA ficha demorou a cair! Foi o primeiro edital que concorri na vida e consegui. S\u00f3 tenho a agradecer!\u201d<\/em>.<\/p>\n\n\n\n<p class=\"has-black-color has-text-color has-medium-font-size\"><strong>A m\u00fasica<\/strong><\/p>\n\n\n\n<p><strong><em>\u201cLugar\u201d<\/em><\/strong> foi uma das selecionadas para concorrer ao Festival Ed\u00e9sio Santos da Can\u00e7\u00e3o, em dezembro de 2020. A m\u00fasica n\u00e3o foi para a final, mas a compositora e int\u00e9rprete sentiu-se honrada com sua participa\u00e7\u00e3o. <em>\u201cLugar passa uma mensagem que transcende qualquer competi\u00e7\u00e3o ou pr\u00eamio. Fala de paci\u00eancia, ang\u00fastia, for\u00e7a, delicadeza\u2026 Tudo muito sob uma perspectiva feminina. Passar esse recado j\u00e1 foi uma vit\u00f3ria para mim\u201d<\/em>, afirma. A can\u00e7\u00e3o, que foi fruto da quarentena da artista, estar\u00e1 dispon\u00edvel alguns dias antes do clipe para pr\u00e9-save nas principais plataformas digitais.<\/p>\n\n\n\n<p class=\"has-black-color has-text-color has-medium-font-size\"><strong>A for\u00e7a da mulher atrav\u00e9s da dan\u00e7a<\/strong><\/p>\n\n\n\n<p>O clipe de <strong><em>\u201cLugar\u201d<\/em><\/strong> trar\u00e1 uma narrativa contada atrav\u00e9s da dan\u00e7a e de muita expressividade. Quem assina a coreografia do clipe \u00e9 a bailarina Larissa Tosta, que elaborou tudo unindo elementos que v\u00e3o desde o afox\u00e9 \u00e0 dan\u00e7a contempor\u00e2nea. Na obra, Mirielle, Larissa e a tamb\u00e9m bailarina Ana Beatriz Ribeiro, entregam movimentos e passeiam pela ess\u00eancia da m\u00fasica atrav\u00e9s da expressividade dos seus corpos. <em>\u201cFoi um prazer imenso coreografar para esse projeto t\u00e3o especial\u201d<\/em>, afirma Larissa.<\/p>\n\n\n\n<p class=\"has-black-color has-text-color has-medium-font-size\"><strong>Luz, c\u00e2mera\u2026 a\u00e7\u00e3o!<\/strong><\/p>\n\n\n\n<p>Mirielle conta que a escolha do local para a grava\u00e7\u00e3o do clipe tamb\u00e9m teve um significado. <em>\u201cPensei n\u2019O Casar\u00e3o porque ele dialoga diretamente com a mensagem da m\u00fasica e por dispor de c\u00f4modos que poderiam ser explorados de acordo com o que vem sendo cantado\u201d<\/em>, explicou. <em>\u201cEle \u00e9 como se fosse um personagem do clipe tamb\u00e9m\u201d<\/em>, completou.<\/p>\n\n\n\n<p class=\"has-black-color has-text-color has-medium-font-size\"><strong>Lan\u00e7amento<\/strong><\/p>\n\n\n\n<p>O clipe tem data de estreia prevista para o dia 08 de mar\u00e7o, no canal do YouTube da cantora. O hor\u00e1rio ainda n\u00e3o est\u00e1 definido, mas ela aproveita para angariar inscri\u00e7\u00f5es at\u00e9 l\u00e1. <em>\u201cPe\u00e7o a todos que se inscrevam no meu canal e tamb\u00e9m me acompanhem nas redes sociais. L\u00e1 eu vou lan\u00e7ar diversas divulga\u00e7\u00f5es at\u00e9 a estreia oficial. Making off em v\u00eddeo e foto, ensaio fotogr\u00e1fico, curiosidades sobre a m\u00fasica e muito mais. Est\u00e1 imperd\u00edvel!\u201d<\/em>, destacou.<\/p>\n\n\n\n<p><strong>Link do canal da cantora:<\/strong> <a href=\"https:\/\/youtube.com\/c\/MirielleCajuhy\" target=\"_blank\" rel=\"noreferrer noopener\">https:\/\/youtube.com\/c\/MirielleCajuhy<\/a><\/p>\n","protected":false},"excerpt":{"rendered":"<p>\u201cE tome tento, menina! Cada parte do teu corpo \u00e9 um c\u00f4modo do teu lar\u201d. \u00c9 com esse aviso que o refr\u00e3o da m\u00fasica \u201cLugar\u201d traz o recado. A composi\u00e7\u00e3o da cantora Mirielle Cajuhy tem na sua ess\u00eancia a exalta\u00e7\u00e3o ao sagrado feminino e a resili\u00eancia que \u00e9 pr\u00f3pria das mulheres. Em janeiro, a artista [&hellip;]<\/p>\n","protected":false},"author":2,"featured_media":53932,"comment_status":"open","ping_status":"open","sticky":false,"template":"","format":"standard","meta":{"_acf_changed":false,"_monsterinsights_skip_tracking":false,"_monsterinsights_sitenote_active":false,"_monsterinsights_sitenote_note":"","_monsterinsights_sitenote_category":0,"_jetpack_memberships_contains_paid_content":false,"footnotes":"","jetpack_publicize_message":"","jetpack_publicize_feature_enabled":true,"jetpack_social_post_already_shared":true,"jetpack_social_options":{"image_generator_settings":{"template":"highway","default_image_id":0,"font":"","enabled":false},"version":2}},"categories":[8],"tags":[],"class_list":["post-53931","post","type-post","status-publish","format-standard","has-post-thumbnail","hentry","category-cultura"],"acf":[],"jetpack_publicize_connections":[],"jetpack_featured_media_url":"https:\/\/i0.wp.com\/blogdoeloiltoncajuhy.com.br\/site\/wp-content\/uploads\/2021\/02\/Mirielle-UmLugar.jpg?fit=2048%2C1638&ssl=1","jetpack_sharing_enabled":true,"publishpress_future_workflow_manual_trigger":{"enabledWorkflows":[]},"_links":{"self":[{"href":"https:\/\/blogdoeloiltoncajuhy.com.br\/site\/wp-json\/wp\/v2\/posts\/53931","targetHints":{"allow":["GET"]}}],"collection":[{"href":"https:\/\/blogdoeloiltoncajuhy.com.br\/site\/wp-json\/wp\/v2\/posts"}],"about":[{"href":"https:\/\/blogdoeloiltoncajuhy.com.br\/site\/wp-json\/wp\/v2\/types\/post"}],"author":[{"embeddable":true,"href":"https:\/\/blogdoeloiltoncajuhy.com.br\/site\/wp-json\/wp\/v2\/users\/2"}],"replies":[{"embeddable":true,"href":"https:\/\/blogdoeloiltoncajuhy.com.br\/site\/wp-json\/wp\/v2\/comments?post=53931"}],"version-history":[{"count":3,"href":"https:\/\/blogdoeloiltoncajuhy.com.br\/site\/wp-json\/wp\/v2\/posts\/53931\/revisions"}],"predecessor-version":[{"id":53935,"href":"https:\/\/blogdoeloiltoncajuhy.com.br\/site\/wp-json\/wp\/v2\/posts\/53931\/revisions\/53935"}],"wp:featuredmedia":[{"embeddable":true,"href":"https:\/\/blogdoeloiltoncajuhy.com.br\/site\/wp-json\/wp\/v2\/media\/53932"}],"wp:attachment":[{"href":"https:\/\/blogdoeloiltoncajuhy.com.br\/site\/wp-json\/wp\/v2\/media?parent=53931"}],"wp:term":[{"taxonomy":"category","embeddable":true,"href":"https:\/\/blogdoeloiltoncajuhy.com.br\/site\/wp-json\/wp\/v2\/categories?post=53931"},{"taxonomy":"post_tag","embeddable":true,"href":"https:\/\/blogdoeloiltoncajuhy.com.br\/site\/wp-json\/wp\/v2\/tags?post=53931"}],"curies":[{"name":"wp","href":"https:\/\/api.w.org\/{rel}","templated":true}]}}