{"id":53867,"date":"2021-02-14T13:53:14","date_gmt":"2021-02-14T16:53:14","guid":{"rendered":"http:\/\/blogdoeloiltoncajuhy.com.br\/site\/?p=53867"},"modified":"2021-02-14T13:53:16","modified_gmt":"2021-02-14T16:53:16","slug":"senhor-do-bonfim-segunda-temporada-do-podcast-calumbi-estreia-nesta-terca-feira-16","status":"publish","type":"post","link":"https:\/\/blogdoeloiltoncajuhy.com.br\/site\/senhor-do-bonfim-segunda-temporada-do-podcast-calumbi-estreia-nesta-terca-feira-16\/","title":{"rendered":"Senhor do Bonfim: Segunda temporada do Podcast Calumbi estreia nesta ter\u00e7a-feira (16)"},"content":{"rendered":"\n<div class=\"wp-block-image\"><figure class=\"aligncenter size-large\"><img data-recalc-dims=\"1\" fetchpriority=\"high\" decoding=\"async\" width=\"800\" height=\"800\" src=\"https:\/\/i0.wp.com\/blogdoeloiltoncajuhy.com.br\/site\/wp-content\/uploads\/2021\/02\/PodcastCalumbi_Cidades.jpeg?resize=800%2C800\" alt=\"\" class=\"wp-image-53868\" srcset=\"https:\/\/i0.wp.com\/blogdoeloiltoncajuhy.com.br\/site\/wp-content\/uploads\/2021\/02\/PodcastCalumbi_Cidades.jpeg?resize=1024%2C1024&amp;ssl=1 1024w, https:\/\/i0.wp.com\/blogdoeloiltoncajuhy.com.br\/site\/wp-content\/uploads\/2021\/02\/PodcastCalumbi_Cidades.jpeg?resize=300%2C300&amp;ssl=1 300w, https:\/\/i0.wp.com\/blogdoeloiltoncajuhy.com.br\/site\/wp-content\/uploads\/2021\/02\/PodcastCalumbi_Cidades.jpeg?resize=150%2C150&amp;ssl=1 150w, https:\/\/i0.wp.com\/blogdoeloiltoncajuhy.com.br\/site\/wp-content\/uploads\/2021\/02\/PodcastCalumbi_Cidades.jpeg?resize=768%2C768&amp;ssl=1 768w, https:\/\/i0.wp.com\/blogdoeloiltoncajuhy.com.br\/site\/wp-content\/uploads\/2021\/02\/PodcastCalumbi_Cidades.jpeg?w=1280&amp;ssl=1 1280w\" sizes=\"(max-width: 800px) 100vw, 800px\" \/><\/figure><\/div>\n\n\n\n<p>Depois da temporada de estreia, que apresentou as origens de Senhor do Bonfim e suas caracter\u00edsticas mais marcantes, o Podcast Calumbi chega \u00e0 sua segunda temporada. Intitulada <strong>\u201cO Piemonte Norte do Itapicuru\u201d<\/strong>, a nova temporada conta com oito epis\u00f3dios e ser\u00e1 veiculada a partir do dia 16 de fevereiro, com epis\u00f3dios novos lan\u00e7ados sempre \u00e0s ter\u00e7as-feiras. Os epis\u00f3dios abordam a hist\u00f3ria dos munic\u00edpios que, juntos a Senhor do Bonfim, comp\u00f5em a regi\u00e3o \u2014 Campo Formoso, Jaguarari, Pindoba\u00e7u, Caldeir\u00e3o Grande, Ant\u00f4nio Gon\u00e7alves, Filad\u00e9lfia, Ponto Novo e Andorinha.<\/p>\n\n\n\n<p>A segunda temporada do Podcast Calumbi tem como objetivo registrar e preservar as culturas sertanejas que comp\u00f5em o Territ\u00f3rio Piemonte Norte do Itapicuru, al\u00e9m de expandir a percep\u00e7\u00e3o dos ouvintes a respeito dessa regi\u00e3o de realidades m\u00faltiplas. Para isso, a elabora\u00e7\u00e3o dos epis\u00f3dios conta com a utiliza\u00e7\u00e3o de documentos e pesquisas historiogr\u00e1ficas, al\u00e9m de entrevistas com estudiosos e agentes culturais.<\/p>\n\n\n\n<p><em>\u201cO nosso Podcast busca promover a visibilidade positiva deste territ\u00f3rio, que normalmente aparece na m\u00eddia devido a dois acontecimentos: trag\u00e9dias ou grandes festas, a exemplo dos festejos juninos. Vamos transcender essas quest\u00f5es, apresentando um panorama da produ\u00e7\u00e3o cultural e hist\u00f3rica, acontecimentos e particularidades de cada munic\u00edpio que integra a regi\u00e3o\u201d<\/em>, destaca a idealizadora e apresentadora do Podcast Calumbi, Adriana Santana.<\/p>\n\n\n\n<p>A temporada pretende promover uma conex\u00e3o hist\u00f3rica e identit\u00e1ria entre os moradores da regi\u00e3o, que a partir dos epis\u00f3dios poder\u00e3o compreender que as origens dos munic\u00edpios se assemelham e que os nascidos nessa localidade s\u00e3o descendentes dos mesmos povos ind\u00edgenas. <em>\u201cConhecendo nossa hist\u00f3ria, vamos nos fortalecer enquanto grupo, ao mesmo tempo em que reconheceremos as identidades particulares\u201d<\/em>, frisa Adriana.<\/p>\n\n\n\n<p>Ao final de cada epis\u00f3dio, ser\u00e3o apresentadas dicas de atra\u00e7\u00f5es tur\u00edsticas, m\u00fasicas, livros, filmes e outros conte\u00fados produzidos nos munic\u00edpios ou sobre os munic\u00edpios, para fazer circular a produ\u00e7\u00e3o cultural local. Nesta temporada, as cidades ser\u00e3o apresentadas de acordo com a ordem em que foram emancipadas politicamente. O epis\u00f3dio de lan\u00e7amento aborda a hist\u00f3ria e a cultura de Campo Formoso, primeira a se emancipar no territ\u00f3rio depois de Senhor do Bonfim. Conhecida como \u201ccapital dos min\u00e9rios\u201d, devido \u00e0 grande riqueza do seu solo, Campo Formoso tamb\u00e9m se destaca como a localidade que deu in\u00edcio ao povoamento da regi\u00e3o.<\/p>\n\n\n\n<p>O Podcast Calumbi est\u00e1 dispon\u00edvel gratuitamente em todas as plataformas de streaming, como: Spotify, Deezer, Amazon Music, Pocket Casts, Google Podcasts e Youtube.<\/p>\n\n\n\n<p>A segunda temporada do programa tem apoio financeiro do Estado da Bahia atrav\u00e9s da Secretaria de Cultura e do Centro de Culturas Populares e Identit\u00e1rias (Programa Aldir Blanc Bahia) via Lei Aldir Blanc, direcionada pela Secretaria Especial da Cultura do Minist\u00e9rio do Turismo, Governo Federal.<\/p>\n\n\n\n<p>Link do Podcast Calumbi no YouTube:<br><a href=\"https:\/\/www.youtube.com\/channel\/UCbAudiFFMTlZBdRRSWjB8Rw\" target=\"_blank\" rel=\"noreferrer noopener\">https:\/\/www.youtube.com\/channel\/UCbAudiFFMTlZBdRRSWjB8Rw<\/a><\/p>\n\n\n\n<p>Link do Podcast Calumbi no Spot:<br><a href=\"https:\/\/open.spotify.com\/show\/2EbF6LSNz0tKgCTDuCdaJH\" target=\"_blank\" rel=\"noreferrer noopener\">https:\/\/open.spotify.com\/show\/2EbF6LSNz0tKgCTDuCdaJH<\/a><\/p>\n","protected":false},"excerpt":{"rendered":"<p>Depois da temporada de estreia, que apresentou as origens de Senhor do Bonfim e suas caracter\u00edsticas mais marcantes, o Podcast Calumbi chega \u00e0 sua segunda temporada. Intitulada \u201cO Piemonte Norte do Itapicuru\u201d, a nova temporada conta com oito epis\u00f3dios e ser\u00e1 veiculada a partir do dia 16 de fevereiro, com epis\u00f3dios novos lan\u00e7ados sempre \u00e0s [&hellip;]<\/p>\n","protected":false},"author":2,"featured_media":53868,"comment_status":"open","ping_status":"open","sticky":false,"template":"","format":"standard","meta":{"_acf_changed":false,"_monsterinsights_skip_tracking":false,"_monsterinsights_sitenote_active":false,"_monsterinsights_sitenote_note":"","_monsterinsights_sitenote_category":0,"_jetpack_memberships_contains_paid_content":false,"footnotes":"","jetpack_publicize_message":"","jetpack_publicize_feature_enabled":true,"jetpack_social_post_already_shared":true,"jetpack_social_options":{"image_generator_settings":{"template":"highway","default_image_id":0,"font":"","enabled":false},"version":2}},"categories":[4],"tags":[],"class_list":["post-53867","post","type-post","status-publish","format-standard","has-post-thumbnail","hentry","category-local"],"acf":[],"jetpack_publicize_connections":[],"jetpack_featured_media_url":"https:\/\/i0.wp.com\/blogdoeloiltoncajuhy.com.br\/site\/wp-content\/uploads\/2021\/02\/PodcastCalumbi_Cidades.jpeg?fit=1280%2C1280&ssl=1","jetpack_sharing_enabled":true,"publishpress_future_workflow_manual_trigger":{"enabledWorkflows":[]},"_links":{"self":[{"href":"https:\/\/blogdoeloiltoncajuhy.com.br\/site\/wp-json\/wp\/v2\/posts\/53867","targetHints":{"allow":["GET"]}}],"collection":[{"href":"https:\/\/blogdoeloiltoncajuhy.com.br\/site\/wp-json\/wp\/v2\/posts"}],"about":[{"href":"https:\/\/blogdoeloiltoncajuhy.com.br\/site\/wp-json\/wp\/v2\/types\/post"}],"author":[{"embeddable":true,"href":"https:\/\/blogdoeloiltoncajuhy.com.br\/site\/wp-json\/wp\/v2\/users\/2"}],"replies":[{"embeddable":true,"href":"https:\/\/blogdoeloiltoncajuhy.com.br\/site\/wp-json\/wp\/v2\/comments?post=53867"}],"version-history":[{"count":2,"href":"https:\/\/blogdoeloiltoncajuhy.com.br\/site\/wp-json\/wp\/v2\/posts\/53867\/revisions"}],"predecessor-version":[{"id":53870,"href":"https:\/\/blogdoeloiltoncajuhy.com.br\/site\/wp-json\/wp\/v2\/posts\/53867\/revisions\/53870"}],"wp:featuredmedia":[{"embeddable":true,"href":"https:\/\/blogdoeloiltoncajuhy.com.br\/site\/wp-json\/wp\/v2\/media\/53868"}],"wp:attachment":[{"href":"https:\/\/blogdoeloiltoncajuhy.com.br\/site\/wp-json\/wp\/v2\/media?parent=53867"}],"wp:term":[{"taxonomy":"category","embeddable":true,"href":"https:\/\/blogdoeloiltoncajuhy.com.br\/site\/wp-json\/wp\/v2\/categories?post=53867"},{"taxonomy":"post_tag","embeddable":true,"href":"https:\/\/blogdoeloiltoncajuhy.com.br\/site\/wp-json\/wp\/v2\/tags?post=53867"}],"curies":[{"name":"wp","href":"https:\/\/api.w.org\/{rel}","templated":true}]}}