{"id":53863,"date":"2021-02-14T13:41:51","date_gmt":"2021-02-14T16:41:51","guid":{"rendered":"http:\/\/blogdoeloiltoncajuhy.com.br\/site\/?p=53863"},"modified":"2021-02-14T13:41:52","modified_gmt":"2021-02-14T16:41:52","slug":"governador-da-ba-diz-que-diversos-hospitais-estao-com-100-de-ocupacao-e-alerta-para-colapso-momento-e-muito-grave","status":"publish","type":"post","link":"https:\/\/blogdoeloiltoncajuhy.com.br\/site\/governador-da-ba-diz-que-diversos-hospitais-estao-com-100-de-ocupacao-e-alerta-para-colapso-momento-e-muito-grave\/","title":{"rendered":"Governador da BA diz que diversos hospitais est\u00e3o com 100% de ocupa\u00e7\u00e3o e alerta para colapso: &#8216;Momento \u00e9 muito grave&#8217;"},"content":{"rendered":"\n<h5 class=\"has-text-align-center wp-block-heading\"><em>Declara\u00e7\u00e3o foi durante a entrega de obras no munic\u00edpio de Entre Rios, neste s\u00e1bado (13). Rui Costa destacou o aumento do n\u00famero de casos da Covid-19 no estado<\/em><\/h5>\n\n\n\n<div class=\"wp-block-image\"><figure class=\"aligncenter size-large\"><img data-recalc-dims=\"1\" fetchpriority=\"high\" decoding=\"async\" width=\"800\" height=\"501\" src=\"https:\/\/i0.wp.com\/blogdoeloiltoncajuhy.com.br\/site\/wp-content\/uploads\/2021\/02\/rui-costa-entre-rios.jpg?resize=800%2C501\" alt=\"\" class=\"wp-image-53864\" srcset=\"https:\/\/i0.wp.com\/blogdoeloiltoncajuhy.com.br\/site\/wp-content\/uploads\/2021\/02\/rui-costa-entre-rios.jpg?w=984&amp;ssl=1 984w, https:\/\/i0.wp.com\/blogdoeloiltoncajuhy.com.br\/site\/wp-content\/uploads\/2021\/02\/rui-costa-entre-rios.jpg?resize=300%2C188&amp;ssl=1 300w, https:\/\/i0.wp.com\/blogdoeloiltoncajuhy.com.br\/site\/wp-content\/uploads\/2021\/02\/rui-costa-entre-rios.jpg?resize=768%2C481&amp;ssl=1 768w\" sizes=\"(max-width: 800px) 100vw, 800px\" \/><figcaption><em>Rui Costa faz alerta sobre pandemia na Bahia \u2014 Foto: Governo do Estado<\/em><\/figcaption><\/figure><\/div>\n\n\n\n<p>O governador da Bahia, Rui Costa, fez um alerta sobre o crescimento do n\u00famero de casos do novo coronav\u00edrus no estado durante a entrega de obras no munic\u00edpio de Entre Rios, neste s\u00e1bado (13).<\/p>\n\n\n\n<p>Rui afirmou que diversos hospitais do estado est\u00e3o com 100% de ocupa\u00e7\u00e3o e que o momento \u00e9 muito grave. <em>&#8220;Infelizmente, depois de novembro, a curva come\u00e7ou a subir, o n\u00famero de casos voltou a subir. Subiu em novembro, subiu em dezembro e, pior, continuou a subir em janeiro&#8221;<\/em>, disse.<\/p>\n\n\n\n<p><em>&#8220;Estamos com v\u00e1rios hospitais nossos com 100% de ocupa\u00e7\u00e3o de Covid. 100%, v\u00e1rios. Ou seja, o momento \u00e9 muito grave&#8221;<\/em>. Ainda durante a declara\u00e7\u00e3o, ele fez um apelo \u00e0 popula\u00e7\u00e3o. <em>&#8220;Eu queria pedir a compreens\u00e3o de voc\u00eas. Se continuar esse ritmo de crescimento da doen\u00e7a na Bahia, em duas ou tr\u00eas semanas n\u00f3s podemos estar pior do que est\u00e1vamos em julho do ano passado e corremos o risco de ter colapso no sistema de sa\u00fade, o que, em nenhum momento n\u00f3s tivemos desde o in\u00edcio da pandemia&#8221;<\/em>, disse.<\/p>\n\n\n\n<p><em>&#8220;Ent\u00e3o eu fa\u00e7o um apelo a voc\u00eas: n\u00f3s estamos chegando no limite da quantidade de leitos poss\u00edveis. Tem gente, ou porque cansou ou porque acha que como come\u00e7ou a vacinar j\u00e1 pode tirar a m\u00e1scara. Por favor, saiu na rua, use m\u00e1scara. Isso aqui [a m\u00e1scara] n\u00e3o \u00e9 vacina, mas isso aqui reduz muito a taxa de contamina\u00e7\u00e3o. Ent\u00e3o eu pe\u00e7o a voc\u00eas que usem m\u00e1scara, fa\u00e7am da higieniza\u00e7\u00e3o das m\u00e3os uma rotina j\u00e1\u201d<\/em>, concluiu.<\/p>\n\n\n\n<p class=\"has-black-color has-text-color\"><strong>Veja abaixo os hospitais com 100% de ocupa\u00e7\u00e3o na Bahia at\u00e9 as 19h30 deste s\u00e1bado (13), de acordo com a plataforma da Secretaria Estadual de Sa\u00fade (Sesab), Business Intelligence:<\/strong><\/p>\n\n\n\n<ul class=\"wp-block-list\"><li>Hospital Geral Ernesto Sim\u00f5es Filho (Salvador)<\/li><\/ul>\n\n\n\n<ul class=\"wp-block-list\"><li>Hospital Neurocor (Porto Seguro)<\/li><\/ul>\n\n\n\n<ul class=\"wp-block-list\"><li>Hospital Municipal de Teixeira de Freitas<\/li><\/ul>\n\n\n\n<ul class=\"wp-block-list\"><li>Hospital Paulo Afonso<\/li><\/ul>\n\n\n\n<ul class=\"wp-block-list\"><li><strong>Hospital Municipal Dom Antonio Monteiro (Senhor do Bonfim)<\/strong><\/li><\/ul>\n\n\n\n<ul class=\"wp-block-list\"><li>Hospital Itiba (Barreiras)<\/li><\/ul>\n\n\n\n<ul class=\"wp-block-list\"><li>Hospital Municipal Carmela Dutra (Bom Jesus da Lapa)<\/li><\/ul>\n\n\n\n<ul class=\"wp-block-list\"><li>Hospital Amec (Camacan)<\/li><\/ul>\n\n\n\n<ul class=\"wp-block-list\"><li>Hospital de Base Lu\u00eds Eduardo Magalh\u00e3es<\/li><\/ul>\n","protected":false},"excerpt":{"rendered":"<p>Declara\u00e7\u00e3o foi durante a entrega de obras no munic\u00edpio de Entre Rios, neste s\u00e1bado (13). Rui Costa destacou o aumento do n\u00famero de casos da Covid-19 no estado O governador da Bahia, Rui Costa, fez um alerta sobre o crescimento do n\u00famero de casos do novo coronav\u00edrus no estado durante a entrega de obras no [&hellip;]<\/p>\n","protected":false},"author":2,"featured_media":53864,"comment_status":"open","ping_status":"open","sticky":false,"template":"","format":"standard","meta":{"_acf_changed":false,"_monsterinsights_skip_tracking":false,"_monsterinsights_sitenote_active":false,"_monsterinsights_sitenote_note":"","_monsterinsights_sitenote_category":0,"_jetpack_memberships_contains_paid_content":false,"footnotes":"","jetpack_publicize_message":"","jetpack_publicize_feature_enabled":true,"jetpack_social_post_already_shared":true,"jetpack_social_options":{"image_generator_settings":{"template":"highway","default_image_id":0,"font":"","enabled":false},"version":2}},"categories":[7],"tags":[],"class_list":["post-53863","post","type-post","status-publish","format-standard","has-post-thumbnail","hentry","category-saude"],"acf":[],"jetpack_publicize_connections":[],"jetpack_featured_media_url":"https:\/\/i0.wp.com\/blogdoeloiltoncajuhy.com.br\/site\/wp-content\/uploads\/2021\/02\/rui-costa-entre-rios.jpg?fit=984%2C616&ssl=1","jetpack_sharing_enabled":true,"publishpress_future_workflow_manual_trigger":{"enabledWorkflows":[]},"_links":{"self":[{"href":"https:\/\/blogdoeloiltoncajuhy.com.br\/site\/wp-json\/wp\/v2\/posts\/53863","targetHints":{"allow":["GET"]}}],"collection":[{"href":"https:\/\/blogdoeloiltoncajuhy.com.br\/site\/wp-json\/wp\/v2\/posts"}],"about":[{"href":"https:\/\/blogdoeloiltoncajuhy.com.br\/site\/wp-json\/wp\/v2\/types\/post"}],"author":[{"embeddable":true,"href":"https:\/\/blogdoeloiltoncajuhy.com.br\/site\/wp-json\/wp\/v2\/users\/2"}],"replies":[{"embeddable":true,"href":"https:\/\/blogdoeloiltoncajuhy.com.br\/site\/wp-json\/wp\/v2\/comments?post=53863"}],"version-history":[{"count":2,"href":"https:\/\/blogdoeloiltoncajuhy.com.br\/site\/wp-json\/wp\/v2\/posts\/53863\/revisions"}],"predecessor-version":[{"id":53866,"href":"https:\/\/blogdoeloiltoncajuhy.com.br\/site\/wp-json\/wp\/v2\/posts\/53863\/revisions\/53866"}],"wp:featuredmedia":[{"embeddable":true,"href":"https:\/\/blogdoeloiltoncajuhy.com.br\/site\/wp-json\/wp\/v2\/media\/53864"}],"wp:attachment":[{"href":"https:\/\/blogdoeloiltoncajuhy.com.br\/site\/wp-json\/wp\/v2\/media?parent=53863"}],"wp:term":[{"taxonomy":"category","embeddable":true,"href":"https:\/\/blogdoeloiltoncajuhy.com.br\/site\/wp-json\/wp\/v2\/categories?post=53863"},{"taxonomy":"post_tag","embeddable":true,"href":"https:\/\/blogdoeloiltoncajuhy.com.br\/site\/wp-json\/wp\/v2\/tags?post=53863"}],"curies":[{"name":"wp","href":"https:\/\/api.w.org\/{rel}","templated":true}]}}