{"id":53858,"date":"2021-02-14T13:26:39","date_gmt":"2021-02-14T16:26:39","guid":{"rendered":"http:\/\/blogdoeloiltoncajuhy.com.br\/site\/?p=53858"},"modified":"2021-02-14T13:26:40","modified_gmt":"2021-02-14T16:26:40","slug":"cartorios-baianos-contabilizam-queda-de-quase-20-de-registros-de-nascimento-durante-a-pandemia","status":"publish","type":"post","link":"https:\/\/blogdoeloiltoncajuhy.com.br\/site\/cartorios-baianos-contabilizam-queda-de-quase-20-de-registros-de-nascimento-durante-a-pandemia\/","title":{"rendered":"Cart\u00f3rios baianos contabilizam queda de quase 20% de registros de nascimento durante a pandemia"},"content":{"rendered":"\n<h5 class=\"has-text-align-center wp-block-heading\"><em>Segundo associa\u00e7\u00e3o respons\u00e1vel pelos dados, a Bahia teve o oitavo menor n\u00famero de registros em todo o Brasil. Estado contabilizou cerca de 3 mil nascimentos a menos em janeiro de 2021 comparado ao ano passado<\/em><\/h5>\n\n\n\n<div class=\"wp-block-image\"><figure class=\"aligncenter size-full is-resized\"><img data-recalc-dims=\"1\" fetchpriority=\"high\" decoding=\"async\" src=\"https:\/\/i0.wp.com\/blogdoeloiltoncajuhy.com.br\/site\/wp-content\/uploads\/2021\/02\/Cai-nascimentos-no-Braisl-01.png?resize=607%2C339\" alt=\"\" class=\"wp-image-53859\" width=\"607\" height=\"339\" srcset=\"https:\/\/i0.wp.com\/blogdoeloiltoncajuhy.com.br\/site\/wp-content\/uploads\/2021\/02\/Cai-nascimentos-no-Braisl-01.png?w=809&amp;ssl=1 809w, https:\/\/i0.wp.com\/blogdoeloiltoncajuhy.com.br\/site\/wp-content\/uploads\/2021\/02\/Cai-nascimentos-no-Braisl-01.png?resize=300%2C168&amp;ssl=1 300w, https:\/\/i0.wp.com\/blogdoeloiltoncajuhy.com.br\/site\/wp-content\/uploads\/2021\/02\/Cai-nascimentos-no-Braisl-01.png?resize=768%2C429&amp;ssl=1 768w\" sizes=\"(max-width: 607px) 100vw, 607px\" \/><figcaption><em>Bahia registra queda recorde da taxa de natalidade, por causa da pandemia<\/em><\/figcaption><\/figure><\/div>\n\n\n\n<p>Uma pesquisa realizada pela Associa\u00e7\u00e3o dos Registradores Civis das Pessoas Naturais (Arpen) concluiu que a Bahia registrou, em janeiro de 2021, uma queda de 18% no n\u00famero de nascimentos, comparando ao mesmo per\u00edodo do ano passado. O oitavo menor n\u00famero de pessoas nascidas em todo o Brasil.<\/p>\n\n\n\n<p>Em todo o pa\u00eds, foram 244.974 novos registros feitos no per\u00edodo, comparando com 207.901 no ano passado. Na Bahia, 17.070 foram contabilizados em 2020 contra 13.995 pessoas registradas em janeiro deste ano.<\/p>\n\n\n\n<p>O presidente da associa\u00e7\u00e3o na Bahia, Daniel Sampaio, informou que o n\u00famero, de fato, foi menor ao registrado no anterior e deve ser alterado nos pr\u00f3ximos dias. No entanto, mesmo com a chegada de pessoas para o registro de novos baianos nascidos, a conta n\u00e3o deve aumentar a ponto de alterar este percentual.<\/p>\n\n\n\n<p><em>\u201cN\u00f3s verificamos que n\u00e3o houve n\u00famero inferior ao registrado em 2021. O que significa que as fam\u00edlias est\u00e3o adiando o crescimento familiar. Este n\u00famero ainda pode mudar porque as partes t\u00eam 15 dias ap\u00f3s o nascimento para comparecer ao cart\u00f3rio para registrar as crian\u00e7as. Mas acredito ainda que com os n\u00fameros que v\u00e3o chegar aos cart\u00f3rios nos pr\u00f3ximos dias, essa altera\u00e7\u00e3o n\u00e3o ser\u00e1 substancial, tendo em vista que os cart\u00f3rios funcionaram durante todo o per\u00edodo da pandemia\u201d<\/em>, disse.<\/p>\n\n\n\n<p>A jornalista Carolina Grimaldi, por exemplo, preferiu adiar os planos da maternidade por causa da pandemia. Segundo ela, a ideia seria engravidar em mar\u00e7o de 2020, mas o medo por causa das condi\u00e7\u00f5es da sa\u00fade atualmente fez com que esse planejamento fosse agendado para mais adiante.<\/p>\n\n\n\n<p><em>\u201cEu tinha planos de engravidar em mar\u00e7o do ano passado. Estava com tudo certo, feito todos os exames. Quando fomos surpreendidos com a pandemia. Naquele momento, com tudo desconhecido, eu fiquei com medo\u201d<\/em>, explicou.<\/p>\n\n\n\n<p>A contadora Ana Paula Melo, no entanto, pensou diferente e decidiu n\u00e3o postergar o plano. Mesmo em meio \u00e0 pandemia da Covid-19, no ponto de vista dela, tem sido poss\u00edvel manter o controle da gesta\u00e7\u00e3o e os cuidados com a sa\u00fade em geral e lamenta n\u00e3o poder curtir este momento como em outros tempos.<\/p>\n\n\n\n<p><em>\u201cQuando a gente est\u00e1 gestante, quer exibir a barriga para todo mundo. \u00c9 um momento t\u00e3o lindo que a gente quer dividir com todo mundo. Mas infelizmente n\u00e3o est\u00e1 podendo da forma que a gente sempre fez\u201d<\/em>.<\/p>\n\n\n\n<p>A m\u00e9dica Clarissa Cerqueira pensou do mesmo jeito e decidiu manter o sonho de ser m\u00e3e como havia planejado e n\u00e3o adiar por causa dos n\u00fameros de infec\u00e7\u00f5es pela Covid-19. Na observa\u00e7\u00e3o dela, embora tenha calculado que gestantes com a doen\u00e7a possam ter complica\u00e7\u00f5es maiores que outras mulheres, optou em engravidar mesmo assim.<\/p>\n\n\n\n<p><em>\u201cQuando comecei a pensar que essa pandemia teve data de come\u00e7o e n\u00e3o tem data de acabar, eu pensei que n\u00e3o posso adiar meus planos por causa disso. Eu consigo dar conta, fazer minhas medidas de preven\u00e7\u00e3o que forem necess\u00e1rias, mas n\u00e3o quero adiar viver minha vida por causa disso. E engravidei durante a pandemia\u201d<\/em>, explicou.<\/p>\n\n\n\n<div class=\"wp-block-image\"><figure class=\"aligncenter size-large\"><img data-recalc-dims=\"1\" decoding=\"async\" width=\"800\" height=\"450\" src=\"https:\/\/i0.wp.com\/blogdoeloiltoncajuhy.com.br\/site\/wp-content\/uploads\/2021\/02\/Cai-nascimentos-no-Braisl-02.jpg?resize=800%2C450\" alt=\"\" class=\"wp-image-53860\" srcset=\"https:\/\/i0.wp.com\/blogdoeloiltoncajuhy.com.br\/site\/wp-content\/uploads\/2021\/02\/Cai-nascimentos-no-Braisl-02.jpg?w=984&amp;ssl=1 984w, https:\/\/i0.wp.com\/blogdoeloiltoncajuhy.com.br\/site\/wp-content\/uploads\/2021\/02\/Cai-nascimentos-no-Braisl-02.jpg?resize=300%2C169&amp;ssl=1 300w, https:\/\/i0.wp.com\/blogdoeloiltoncajuhy.com.br\/site\/wp-content\/uploads\/2021\/02\/Cai-nascimentos-no-Braisl-02.jpg?resize=768%2C432&amp;ssl=1 768w\" sizes=\"(max-width: 800px) 100vw, 800px\" \/><figcaption><em>Associa\u00e7\u00e3o dos Registradores Civis das Pessoas Naturais contabilizou queda de 3.075 registros em janeiro de 2021 comparando ao mesmo per\u00edodo do ano passado \u2014 Foto: Jamile Santana\/G1<\/em><\/figcaption><\/figure><\/div>\n","protected":false},"excerpt":{"rendered":"<p>Segundo associa\u00e7\u00e3o respons\u00e1vel pelos dados, a Bahia teve o oitavo menor n\u00famero de registros em todo o Brasil. Estado contabilizou cerca de 3 mil nascimentos a menos em janeiro de 2021 comparado ao ano passado Uma pesquisa realizada pela Associa\u00e7\u00e3o dos Registradores Civis das Pessoas Naturais (Arpen) concluiu que a Bahia registrou, em janeiro de [&hellip;]<\/p>\n","protected":false},"author":2,"featured_media":53860,"comment_status":"open","ping_status":"open","sticky":false,"template":"","format":"standard","meta":{"_acf_changed":false,"_monsterinsights_skip_tracking":false,"_monsterinsights_sitenote_active":false,"_monsterinsights_sitenote_note":"","_monsterinsights_sitenote_category":0,"_jetpack_memberships_contains_paid_content":false,"footnotes":"","jetpack_publicize_message":"","jetpack_publicize_feature_enabled":true,"jetpack_social_post_already_shared":true,"jetpack_social_options":{"image_generator_settings":{"template":"highway","default_image_id":0,"font":"","enabled":false},"version":2}},"categories":[1],"tags":[],"class_list":["post-53858","post","type-post","status-publish","format-standard","has-post-thumbnail","hentry","category-noticias"],"acf":[],"jetpack_publicize_connections":[],"jetpack_featured_media_url":"https:\/\/i0.wp.com\/blogdoeloiltoncajuhy.com.br\/site\/wp-content\/uploads\/2021\/02\/Cai-nascimentos-no-Braisl-02.jpg?fit=984%2C553&ssl=1","jetpack_sharing_enabled":true,"publishpress_future_workflow_manual_trigger":{"enabledWorkflows":[]},"_links":{"self":[{"href":"https:\/\/blogdoeloiltoncajuhy.com.br\/site\/wp-json\/wp\/v2\/posts\/53858","targetHints":{"allow":["GET"]}}],"collection":[{"href":"https:\/\/blogdoeloiltoncajuhy.com.br\/site\/wp-json\/wp\/v2\/posts"}],"about":[{"href":"https:\/\/blogdoeloiltoncajuhy.com.br\/site\/wp-json\/wp\/v2\/types\/post"}],"author":[{"embeddable":true,"href":"https:\/\/blogdoeloiltoncajuhy.com.br\/site\/wp-json\/wp\/v2\/users\/2"}],"replies":[{"embeddable":true,"href":"https:\/\/blogdoeloiltoncajuhy.com.br\/site\/wp-json\/wp\/v2\/comments?post=53858"}],"version-history":[{"count":2,"href":"https:\/\/blogdoeloiltoncajuhy.com.br\/site\/wp-json\/wp\/v2\/posts\/53858\/revisions"}],"predecessor-version":[{"id":53862,"href":"https:\/\/blogdoeloiltoncajuhy.com.br\/site\/wp-json\/wp\/v2\/posts\/53858\/revisions\/53862"}],"wp:featuredmedia":[{"embeddable":true,"href":"https:\/\/blogdoeloiltoncajuhy.com.br\/site\/wp-json\/wp\/v2\/media\/53860"}],"wp:attachment":[{"href":"https:\/\/blogdoeloiltoncajuhy.com.br\/site\/wp-json\/wp\/v2\/media?parent=53858"}],"wp:term":[{"taxonomy":"category","embeddable":true,"href":"https:\/\/blogdoeloiltoncajuhy.com.br\/site\/wp-json\/wp\/v2\/categories?post=53858"},{"taxonomy":"post_tag","embeddable":true,"href":"https:\/\/blogdoeloiltoncajuhy.com.br\/site\/wp-json\/wp\/v2\/tags?post=53858"}],"curies":[{"name":"wp","href":"https:\/\/api.w.org\/{rel}","templated":true}]}}