{"id":53850,"date":"2021-02-14T13:06:19","date_gmt":"2021-02-14T16:06:19","guid":{"rendered":"http:\/\/blogdoeloiltoncajuhy.com.br\/site\/?p=53850"},"modified":"2021-02-14T13:09:32","modified_gmt":"2021-02-14T16:09:32","slug":"ex-secretario-da-gestao-wagner-e-rui-costa-eugenio-spengler-morre-aos-58-anos","status":"publish","type":"post","link":"https:\/\/blogdoeloiltoncajuhy.com.br\/site\/ex-secretario-da-gestao-wagner-e-rui-costa-eugenio-spengler-morre-aos-58-anos\/","title":{"rendered":"Ex-secret\u00e1rio da gest\u00e3o Wagner e Rui Costa, Eug\u00eanio Spengler morre aos 58 anos"},"content":{"rendered":"\n<h5 class=\"has-text-align-center wp-block-heading\"><em>Spengler era graduado em filosofia e atuou por quase sete anos \u00e0 frente da secretaria do Meio Ambiente na Bahia. Atualmente, ele atuava na pasta no estado de Goi\u00e1s<\/em><\/h5>\n\n\n\n<div class=\"wp-block-image\"><figure class=\"aligncenter size-full\"><img data-recalc-dims=\"1\" fetchpriority=\"high\" decoding=\"async\" width=\"800\" height=\"499\" src=\"https:\/\/i0.wp.com\/blogdoeloiltoncajuhy.com.br\/site\/wp-content\/uploads\/2021\/02\/Eugenio-Spengler.jpg?resize=800%2C499\" alt=\"\" class=\"wp-image-53851\" srcset=\"https:\/\/i0.wp.com\/blogdoeloiltoncajuhy.com.br\/site\/wp-content\/uploads\/2021\/02\/Eugenio-Spengler.jpg?w=984&amp;ssl=1 984w, https:\/\/i0.wp.com\/blogdoeloiltoncajuhy.com.br\/site\/wp-content\/uploads\/2021\/02\/Eugenio-Spengler.jpg?resize=300%2C187&amp;ssl=1 300w, https:\/\/i0.wp.com\/blogdoeloiltoncajuhy.com.br\/site\/wp-content\/uploads\/2021\/02\/Eugenio-Spengler.jpg?resize=768%2C479&amp;ssl=1 768w\" sizes=\"(max-width: 800px) 100vw, 800px\" \/><figcaption><em>Al\u00e9m de secret\u00e1rio, Spengler tamb\u00e9m atuou como professor universit\u00e1rio, consultor da UNESCO e presidente da Associa\u00e7\u00e3o Brasileira de Entidades Estaduais do Meio Ambiente (Abema) \u2014 Foto: Reprodu\u00e7\u00e3o\/Twitter<\/em><\/figcaption><\/figure><\/div>\n\n\n\n<p>O ex-secret\u00e1rio do Meio Ambiente Eug\u00eanio Spengler morreu no s\u00e1bado (13), em Goi\u00e2nia, aos 58 anos, v\u00edtima de um infarto. A informa\u00e7\u00e3o foi divulgada pelo governador Rui Costa em suas redes sociais na manh\u00e3 deste domingo (14).<\/p>\n\n\n\n<p>Spengler comandou a pasta entre os anos de 2010 e 2017, nos governos Rui e Jaques Wagner, e atualmente atuava na pasta respons\u00e1vel pelo meio ambiente e desenvolvimento sustent\u00e1vel de Goi\u00e1s.<\/p>\n\n\n\n<p class=\"has-black-color has-text-color\"><strong>Os dois l\u00edderes petistas, assim como outras autoridades do cen\u00e1rio nacional, lamentaram a perda de Spengler.<\/strong><\/p>\n\n\n\n<p><em>\u201cCom muita tristeza, recebi a not\u00edcia do falecimento de Eug\u00eanio Spengler, secret\u00e1rio estadual do meio ambiente entre os anos de 2010 e 2017. Eug\u00eanio se destacou pela intensidade e dedica\u00e7\u00e3o \u00e0 luta pela preserva\u00e7\u00e3o do nosso patrim\u00f4nio natural. Meus sentimentos a familiares e amigos\u201d<\/em>, publicou o governador em sua conta no Twitter.<\/p>\n\n\n\n<figure class=\"wp-block-embed-twitter wp-block-embed is-type-rich is-provider-twitter\"><div class=\"wp-block-embed__wrapper\">\n<blockquote class=\"twitter-tweet\" data-width=\"550\" data-dnt=\"true\"><p lang=\"pt\" dir=\"ltr\">Com muita tristeza, recebi a not\u00edcia do falecimento de Eug\u00eanio Spengler, secret\u00e1rio estadual do meio ambiente entre os anos de 2010 e 2017. Eug\u00eanio\u00a0se destacou pela intensidade e dedica\u00e7\u00e3o \u00e0 luta pela preserva\u00e7\u00e3o do nosso patrim\u00f4nio natural.Meus sentimentos a familiares e amigos.<\/p>&mdash; Rui Costa (@costa_rui) <a href=\"https:\/\/twitter.com\/costa_rui\/status\/1360916303796703232?ref_src=twsrc%5Etfw\">February 14, 2021<\/a><\/blockquote><script async src=\"https:\/\/platform.twitter.com\/widgets.js\" charset=\"utf-8\"><\/script>\n<\/div><\/figure>\n\n\n\n<p><em>\u201cCom muita tristeza recebi nesta manh\u00e3 a not\u00edcia da morte de Eug\u00eanio Spengler, grande amigo, grande figura humana e que me ajudou muito como secret\u00e1rio estadual de meio ambiente durante os meus governos. Mando aqui meu abra\u00e7o e a minha solidariedade aos familiares e amigos\u201d<\/em>, disse Wagner, por meio da mesma rede social.<\/p>\n\n\n\n<figure class=\"wp-block-embed-twitter wp-block-embed is-type-rich is-provider-twitter\"><div class=\"wp-block-embed__wrapper\">\n<blockquote class=\"twitter-tweet\" data-width=\"550\" data-dnt=\"true\"><p lang=\"pt\" dir=\"ltr\">Com muita tristeza recebi nesta manh\u00e3 a not\u00edcia da morte de Eug\u00eanio Spengler, grande amigo, grande figura humana e que me ajudou muito como secret\u00e1rio estadual de meio ambiente durante os meus governos. Mando aqui meu abra\u00e7o e a minha solidariedade aos familiares e amigos.<\/p>&mdash; Jaques Wagner (@jaqueswagner) <a href=\"https:\/\/twitter.com\/jaqueswagner\/status\/1360926981978783749?ref_src=twsrc%5Etfw\">February 14, 2021<\/a><\/blockquote><script async src=\"https:\/\/platform.twitter.com\/widgets.js\" charset=\"utf-8\"><\/script>\n<\/div><\/figure>\n\n\n\n<p>Por meio de nota, a secretaria goiana destacou a atua\u00e7\u00e3o de Spengler na \u00e1rea do Meio Ambiente, tendo se dedicado bem cedo \u00e0 \u00e1rea, mesmo tendo se graduado em filosofia.<\/p>\n\n\n\n<p><em>\u201cA Semad est\u00e1 em luto completo. Perdemos, na noite deste s\u00e1bado (13\/2), uma das pessoas mais importantes neste duro e dif\u00edcil trabalho de recupera\u00e7\u00e3o da Secret\u00e1ria de Meio Ambiente e Desenvolvimento Sustent\u00e1vel do Estado de Goi\u00e1s. Perdemos o grande Eug\u00eanio Spengler, amigo, assessor direto, mentor e conselheiro da secret\u00e1ria de Meio Ambiente, Andr\u00e9a Vulcanis.<\/em><\/p>\n\n\n\n<p><em>Formado em Filosofia, Eug\u00eanio rompeu as barreiras da ci\u00eancia original e se enveredou para o lado do Meio Ambiente bem cedo. Como profissional, ocupou diversos e importantes cargos, como professor secundarista e universit\u00e1rio; coordenador de a\u00e7\u00f5es ambientais e secret\u00e1rio de Meio Ambiente de diversos munic\u00edpios da regi\u00e3o sul do pa\u00eds;<\/em><\/p>\n\n\n\n<p><em>Ainda foi consultor t\u00e9cnico das secretarias de Meio Ambiente do Rio Grande do Sul e de Goi\u00e1s; consultor da UNESCO e da ONU na \u00e1rea de gest\u00e3o ambiental; assessor do Minist\u00e9rio do Meio Ambiente; presidente da Associa\u00e7\u00e3o Brasileira de Entidades Estaduais do Meio Ambiente (Abema) e secret\u00e1rio de Estado do Meio Ambiente da Bahia.<\/em><\/p>\n\n\n\n<p><em>Nascido em 1 de dezembro de 1962, Eug\u00eanio completaria 59 anos neste ano. Deixa um legado imenso dentro do ambientalismo e do desenvolvimento sustent\u00e1vel, sendo reconhecido como um dos mais preparados profissionais dentro desta \u00e1rea de atua\u00e7\u00e3o em todo o Brasil. A Semad, repetimos, em luto, deseja for\u00e7a aos amigos e familiares por esta perda t\u00e3o repentina e dolorosa e reconhece e agradece o papel de Eug\u00eanio na recupera\u00e7\u00e3o da secretaria em Goi\u00e1s. Obrigado, amigo Eug\u00eanio\u201d<\/em>.<\/p>\n","protected":false},"excerpt":{"rendered":"<p>Spengler era graduado em filosofia e atuou por quase sete anos \u00e0 frente da secretaria do Meio Ambiente na Bahia. Atualmente, ele atuava na pasta no estado de Goi\u00e1s O ex-secret\u00e1rio do Meio Ambiente Eug\u00eanio Spengler morreu no s\u00e1bado (13), em Goi\u00e2nia, aos 58 anos, v\u00edtima de um infarto. A informa\u00e7\u00e3o foi divulgada pelo governador [&hellip;]<\/p>\n","protected":false},"author":2,"featured_media":53851,"comment_status":"open","ping_status":"open","sticky":false,"template":"","format":"standard","meta":{"_acf_changed":false,"_monsterinsights_skip_tracking":false,"_monsterinsights_sitenote_active":false,"_monsterinsights_sitenote_note":"","_monsterinsights_sitenote_category":0,"_jetpack_memberships_contains_paid_content":false,"footnotes":"","jetpack_publicize_message":"","jetpack_publicize_feature_enabled":true,"jetpack_social_post_already_shared":true,"jetpack_social_options":{"image_generator_settings":{"template":"highway","default_image_id":0,"font":"","enabled":false},"version":2}},"categories":[1],"tags":[],"class_list":["post-53850","post","type-post","status-publish","format-standard","has-post-thumbnail","hentry","category-noticias"],"acf":[],"jetpack_publicize_connections":[],"jetpack_featured_media_url":"https:\/\/i0.wp.com\/blogdoeloiltoncajuhy.com.br\/site\/wp-content\/uploads\/2021\/02\/Eugenio-Spengler.jpg?fit=984%2C614&ssl=1","jetpack_sharing_enabled":true,"publishpress_future_workflow_manual_trigger":{"enabledWorkflows":[]},"_links":{"self":[{"href":"https:\/\/blogdoeloiltoncajuhy.com.br\/site\/wp-json\/wp\/v2\/posts\/53850","targetHints":{"allow":["GET"]}}],"collection":[{"href":"https:\/\/blogdoeloiltoncajuhy.com.br\/site\/wp-json\/wp\/v2\/posts"}],"about":[{"href":"https:\/\/blogdoeloiltoncajuhy.com.br\/site\/wp-json\/wp\/v2\/types\/post"}],"author":[{"embeddable":true,"href":"https:\/\/blogdoeloiltoncajuhy.com.br\/site\/wp-json\/wp\/v2\/users\/2"}],"replies":[{"embeddable":true,"href":"https:\/\/blogdoeloiltoncajuhy.com.br\/site\/wp-json\/wp\/v2\/comments?post=53850"}],"version-history":[{"count":4,"href":"https:\/\/blogdoeloiltoncajuhy.com.br\/site\/wp-json\/wp\/v2\/posts\/53850\/revisions"}],"predecessor-version":[{"id":53855,"href":"https:\/\/blogdoeloiltoncajuhy.com.br\/site\/wp-json\/wp\/v2\/posts\/53850\/revisions\/53855"}],"wp:featuredmedia":[{"embeddable":true,"href":"https:\/\/blogdoeloiltoncajuhy.com.br\/site\/wp-json\/wp\/v2\/media\/53851"}],"wp:attachment":[{"href":"https:\/\/blogdoeloiltoncajuhy.com.br\/site\/wp-json\/wp\/v2\/media?parent=53850"}],"wp:term":[{"taxonomy":"category","embeddable":true,"href":"https:\/\/blogdoeloiltoncajuhy.com.br\/site\/wp-json\/wp\/v2\/categories?post=53850"},{"taxonomy":"post_tag","embeddable":true,"href":"https:\/\/blogdoeloiltoncajuhy.com.br\/site\/wp-json\/wp\/v2\/tags?post=53850"}],"curies":[{"name":"wp","href":"https:\/\/api.w.org\/{rel}","templated":true}]}}