{"id":53846,"date":"2021-02-14T12:44:09","date_gmt":"2021-02-14T15:44:09","guid":{"rendered":"http:\/\/blogdoeloiltoncajuhy.com.br\/site\/?p=53846"},"modified":"2021-02-14T12:44:10","modified_gmt":"2021-02-14T15:44:10","slug":"jaguarari-nota-de-utilidade-publica","status":"publish","type":"post","link":"https:\/\/blogdoeloiltoncajuhy.com.br\/site\/jaguarari-nota-de-utilidade-publica\/","title":{"rendered":"Jaguarari: Nota de Utilidade P\u00fablica"},"content":{"rendered":"\n<div class=\"wp-block-image\"><figure class=\"aligncenter size-large is-resized\"><img data-recalc-dims=\"1\" fetchpriority=\"high\" decoding=\"async\" src=\"https:\/\/i0.wp.com\/blogdoeloiltoncajuhy.com.br\/site\/wp-content\/uploads\/2021\/02\/PMJ_Nota-de-Utilidade-Publica.jpeg?resize=499%2C512\" alt=\"\" class=\"wp-image-53847\" width=\"499\" height=\"512\" srcset=\"https:\/\/i0.wp.com\/blogdoeloiltoncajuhy.com.br\/site\/wp-content\/uploads\/2021\/02\/PMJ_Nota-de-Utilidade-Publica.jpeg?resize=998%2C1024&amp;ssl=1 998w, https:\/\/i0.wp.com\/blogdoeloiltoncajuhy.com.br\/site\/wp-content\/uploads\/2021\/02\/PMJ_Nota-de-Utilidade-Publica.jpeg?resize=293%2C300&amp;ssl=1 293w, https:\/\/i0.wp.com\/blogdoeloiltoncajuhy.com.br\/site\/wp-content\/uploads\/2021\/02\/PMJ_Nota-de-Utilidade-Publica.jpeg?resize=768%2C788&amp;ssl=1 768w, https:\/\/i0.wp.com\/blogdoeloiltoncajuhy.com.br\/site\/wp-content\/uploads\/2021\/02\/PMJ_Nota-de-Utilidade-Publica.jpeg?w=1248&amp;ssl=1 1248w\" sizes=\"(max-width: 499px) 100vw, 499px\" \/><\/figure><\/div>\n\n\n\n<p>O CRAS M\u00e3e Ana comunica \u00e0 popula\u00e7\u00e3o de Jaguarari que o Servi\u00e7o de Conviv\u00eancia e Fortalecimento de V\u00ednculos vai iniciar as atividades do projeto <strong>\u201cEu cuido de voc\u00ea e voc\u00ea cuida de mim\u201d<\/strong>, a partir do dia 22 de fevereiro, nas seguintes datas e hor\u00e1rios:<\/p>\n\n\n\n<p>\u00b7 Dia 22\/02 \u2013 Olhos D&#8217;\u00e1gua (Matutino)<\/p>\n\n\n\n<p>\u00b7 Dia 23\/02 \u2013 Flamengo (Matutino)<\/p>\n\n\n\n<p>\u00b7 Dia 24\/02 \u2013 Sede (Matutino)<\/p>\n\n\n\n<p>\u00b7 Dia 24\/02 \u2013 Jacun\u00e3 (Vespertino)<\/p>\n\n\n\n<p>\u00b7 Dia 25\/02 \u2013 Gameleira (Matutino)<\/p>\n\n\n\n<p>O projeto \u00e9 destinado a crian\u00e7as, adolescentes, jovens e idosos. Devido \u00e0 pandemia do coronav\u00edrus, as atividades acontecer\u00e3o de maneira remota ou semipresencial, seguindo as orienta\u00e7\u00f5es e protocolos estabelecidos pelo Minist\u00e9rio da Sa\u00fade.<\/p>\n\n\n\n<p>Para maiores informa\u00e7\u00f5es, o CRAS M\u00e3e Ana funciona no Loteamento Padre Eug\u00eanio Possamay, n\u00ba 21-B, de segunda a sexta-feira, das 8h \u00e0s 12h e das 13h \u00e0s 17h.<\/p>\n","protected":false},"excerpt":{"rendered":"<p>O CRAS M\u00e3e Ana comunica \u00e0 popula\u00e7\u00e3o de Jaguarari que o Servi\u00e7o de Conviv\u00eancia e Fortalecimento de V\u00ednculos vai iniciar as atividades do projeto \u201cEu cuido de voc\u00ea e voc\u00ea cuida de mim\u201d, a partir do dia 22 de fevereiro, nas seguintes datas e hor\u00e1rios: \u00b7 Dia 22\/02 \u2013 Olhos D&#8217;\u00e1gua (Matutino) \u00b7 Dia 23\/02 [&hellip;]<\/p>\n","protected":false},"author":2,"featured_media":53847,"comment_status":"open","ping_status":"open","sticky":false,"template":"","format":"standard","meta":{"_acf_changed":false,"_monsterinsights_skip_tracking":false,"_monsterinsights_sitenote_active":false,"_monsterinsights_sitenote_note":"","_monsterinsights_sitenote_category":0,"_jetpack_memberships_contains_paid_content":false,"footnotes":"","jetpack_publicize_message":"","jetpack_publicize_feature_enabled":true,"jetpack_social_post_already_shared":true,"jetpack_social_options":{"image_generator_settings":{"template":"highway","default_image_id":0,"font":"","enabled":false},"version":2}},"categories":[11],"tags":[],"class_list":["post-53846","post","type-post","status-publish","format-standard","has-post-thumbnail","hentry","category-regional"],"acf":[],"jetpack_publicize_connections":[],"jetpack_featured_media_url":"https:\/\/i0.wp.com\/blogdoeloiltoncajuhy.com.br\/site\/wp-content\/uploads\/2021\/02\/PMJ_Nota-de-Utilidade-Publica.jpeg?fit=1248%2C1280&ssl=1","jetpack_sharing_enabled":true,"publishpress_future_workflow_manual_trigger":{"enabledWorkflows":[]},"_links":{"self":[{"href":"https:\/\/blogdoeloiltoncajuhy.com.br\/site\/wp-json\/wp\/v2\/posts\/53846","targetHints":{"allow":["GET"]}}],"collection":[{"href":"https:\/\/blogdoeloiltoncajuhy.com.br\/site\/wp-json\/wp\/v2\/posts"}],"about":[{"href":"https:\/\/blogdoeloiltoncajuhy.com.br\/site\/wp-json\/wp\/v2\/types\/post"}],"author":[{"embeddable":true,"href":"https:\/\/blogdoeloiltoncajuhy.com.br\/site\/wp-json\/wp\/v2\/users\/2"}],"replies":[{"embeddable":true,"href":"https:\/\/blogdoeloiltoncajuhy.com.br\/site\/wp-json\/wp\/v2\/comments?post=53846"}],"version-history":[{"count":2,"href":"https:\/\/blogdoeloiltoncajuhy.com.br\/site\/wp-json\/wp\/v2\/posts\/53846\/revisions"}],"predecessor-version":[{"id":53849,"href":"https:\/\/blogdoeloiltoncajuhy.com.br\/site\/wp-json\/wp\/v2\/posts\/53846\/revisions\/53849"}],"wp:featuredmedia":[{"embeddable":true,"href":"https:\/\/blogdoeloiltoncajuhy.com.br\/site\/wp-json\/wp\/v2\/media\/53847"}],"wp:attachment":[{"href":"https:\/\/blogdoeloiltoncajuhy.com.br\/site\/wp-json\/wp\/v2\/media?parent=53846"}],"wp:term":[{"taxonomy":"category","embeddable":true,"href":"https:\/\/blogdoeloiltoncajuhy.com.br\/site\/wp-json\/wp\/v2\/categories?post=53846"},{"taxonomy":"post_tag","embeddable":true,"href":"https:\/\/blogdoeloiltoncajuhy.com.br\/site\/wp-json\/wp\/v2\/tags?post=53846"}],"curies":[{"name":"wp","href":"https:\/\/api.w.org\/{rel}","templated":true}]}}