{"id":53840,"date":"2021-02-13T08:52:05","date_gmt":"2021-02-13T11:52:05","guid":{"rendered":"http:\/\/blogdoeloiltoncajuhy.com.br\/site\/?p=53840"},"modified":"2021-02-13T09:25:22","modified_gmt":"2021-02-13T12:25:22","slug":"nota-de-falecimento-2","status":"publish","type":"post","link":"https:\/\/blogdoeloiltoncajuhy.com.br\/site\/nota-de-falecimento-2\/","title":{"rendered":"Nota de Falecimento"},"content":{"rendered":"\n<div class=\"wp-block-image\"><figure class=\"aligncenter size-full is-resized\"><img data-recalc-dims=\"1\" fetchpriority=\"high\" decoding=\"async\" src=\"https:\/\/i0.wp.com\/blogdoeloiltoncajuhy.com.br\/site\/wp-content\/uploads\/2021\/02\/Moises-Cajuhy.jpg?resize=377%2C503\" alt=\"\" class=\"wp-image-53841\" width=\"377\" height=\"503\" srcset=\"https:\/\/i0.wp.com\/blogdoeloiltoncajuhy.com.br\/site\/wp-content\/uploads\/2021\/02\/Moises-Cajuhy.jpg?w=377&amp;ssl=1 377w, https:\/\/i0.wp.com\/blogdoeloiltoncajuhy.com.br\/site\/wp-content\/uploads\/2021\/02\/Moises-Cajuhy.jpg?resize=225%2C300&amp;ssl=1 225w\" sizes=\"(max-width: 377px) 100vw, 377px\" \/><\/figure><\/div>\n\n\n\n<p>Esposa: Aracy do Vale Cajuhy (Em Mem\u00f3ria)<br>Filhos: H\u00e9lia Fernandes Cajuhy Almeida, Elioneide Fernandes Cajuhy, Eloilton Ferreira Cajuhy, Elto Ferreira Cajuhy, Ana Cristina Fernandes Cajuhy e Ana Meire Cajuhy da Silva,<\/p>\n\n\n\n<p>Netos, bisneta, genros, noras e demais parentes, cumprem o doloroso dever de comunicar o falecimento de <strong>MOIS\u00c9S FERREIRA CAJUHY<\/strong>, ocorrido na madrugada deste s\u00e1bado, 13 de fevereiro. E informam que o vel\u00f3rio vai acontecer no Memorial Vila Nova em Senhor do Bonfim, das 9h \u00e0s 11h. Na sequ\u00eancia, segue para o Povoado S\u00edtio do A\u00e7ude, munic\u00edpio de Andorinha, e ser\u00e1 sepultado no Cemit\u00e9rio daquela localidade \u00e0s 16h.<\/p>\n\n\n\n<p>Desde j\u00e1, a fam\u00edlia enlutada agradece a todos por este ato de f\u00e9 e solidariedade crist\u00e3!<\/p>\n\n\n\n<p>Comunicamos o falecimento de <strong>Mois\u00e9s Ferreira Cajuhy.<\/strong><\/p>\n","protected":false},"excerpt":{"rendered":"<p>Esposa: Aracy do Vale Cajuhy (Em Mem\u00f3ria)Filhos: H\u00e9lia Fernandes Cajuhy Almeida, Elioneide Fernandes Cajuhy, Eloilton Ferreira Cajuhy, Elto Ferreira Cajuhy, Ana Cristina Fernandes Cajuhy e Ana Meire Cajuhy da Silva, Netos, bisneta, genros, noras e demais parentes, cumprem o doloroso dever de comunicar o falecimento de MOIS\u00c9S FERREIRA CAJUHY, ocorrido na madrugada deste s\u00e1bado, 13 [&hellip;]<\/p>\n","protected":false},"author":2,"featured_media":53841,"comment_status":"open","ping_status":"open","sticky":false,"template":"","format":"standard","meta":{"_acf_changed":false,"_monsterinsights_skip_tracking":false,"_monsterinsights_sitenote_active":false,"_monsterinsights_sitenote_note":"","_monsterinsights_sitenote_category":0,"_jetpack_memberships_contains_paid_content":false,"footnotes":"","jetpack_publicize_message":"","jetpack_publicize_feature_enabled":true,"jetpack_social_post_already_shared":true,"jetpack_social_options":{"image_generator_settings":{"template":"highway","default_image_id":0,"font":"","enabled":false},"version":2}},"categories":[4],"tags":[],"class_list":["post-53840","post","type-post","status-publish","format-standard","has-post-thumbnail","hentry","category-local"],"acf":[],"jetpack_publicize_connections":[],"jetpack_featured_media_url":"https:\/\/i0.wp.com\/blogdoeloiltoncajuhy.com.br\/site\/wp-content\/uploads\/2021\/02\/Moises-Cajuhy.jpg?fit=377%2C503&ssl=1","jetpack_sharing_enabled":true,"publishpress_future_workflow_manual_trigger":{"enabledWorkflows":[]},"_links":{"self":[{"href":"https:\/\/blogdoeloiltoncajuhy.com.br\/site\/wp-json\/wp\/v2\/posts\/53840","targetHints":{"allow":["GET"]}}],"collection":[{"href":"https:\/\/blogdoeloiltoncajuhy.com.br\/site\/wp-json\/wp\/v2\/posts"}],"about":[{"href":"https:\/\/blogdoeloiltoncajuhy.com.br\/site\/wp-json\/wp\/v2\/types\/post"}],"author":[{"embeddable":true,"href":"https:\/\/blogdoeloiltoncajuhy.com.br\/site\/wp-json\/wp\/v2\/users\/2"}],"replies":[{"embeddable":true,"href":"https:\/\/blogdoeloiltoncajuhy.com.br\/site\/wp-json\/wp\/v2\/comments?post=53840"}],"version-history":[{"count":4,"href":"https:\/\/blogdoeloiltoncajuhy.com.br\/site\/wp-json\/wp\/v2\/posts\/53840\/revisions"}],"predecessor-version":[{"id":53845,"href":"https:\/\/blogdoeloiltoncajuhy.com.br\/site\/wp-json\/wp\/v2\/posts\/53840\/revisions\/53845"}],"wp:featuredmedia":[{"embeddable":true,"href":"https:\/\/blogdoeloiltoncajuhy.com.br\/site\/wp-json\/wp\/v2\/media\/53841"}],"wp:attachment":[{"href":"https:\/\/blogdoeloiltoncajuhy.com.br\/site\/wp-json\/wp\/v2\/media?parent=53840"}],"wp:term":[{"taxonomy":"category","embeddable":true,"href":"https:\/\/blogdoeloiltoncajuhy.com.br\/site\/wp-json\/wp\/v2\/categories?post=53840"},{"taxonomy":"post_tag","embeddable":true,"href":"https:\/\/blogdoeloiltoncajuhy.com.br\/site\/wp-json\/wp\/v2\/tags?post=53840"}],"curies":[{"name":"wp","href":"https:\/\/api.w.org\/{rel}","templated":true}]}}