{"id":53453,"date":"2021-02-02T20:58:21","date_gmt":"2021-02-02T23:58:21","guid":{"rendered":"http:\/\/blogdoeloiltoncajuhy.com.br\/site\/?p=53453"},"modified":"2021-02-02T20:58:22","modified_gmt":"2021-02-02T23:58:22","slug":"idosos-acima-de-90-anos-recebem-a-primeira-dose-da-vacina-contra-a-covid-19-em-andorinha","status":"publish","type":"post","link":"https:\/\/blogdoeloiltoncajuhy.com.br\/site\/idosos-acima-de-90-anos-recebem-a-primeira-dose-da-vacina-contra-a-covid-19-em-andorinha\/","title":{"rendered":"Idosos acima de 90 anos recebem a primeira dose da vacina contra a Covid-19 em Andorinha"},"content":{"rendered":"\n<div class=\"wp-block-image\"><figure class=\"aligncenter size-large is-resized\"><img data-recalc-dims=\"1\" fetchpriority=\"high\" decoding=\"async\" src=\"https:\/\/i0.wp.com\/blogdoeloiltoncajuhy.com.br\/site\/wp-content\/uploads\/2021\/02\/PMA_Covid-19-Vacina-idosos.jpg?resize=384%2C512\" alt=\"\" class=\"wp-image-53454\" width=\"384\" height=\"512\" srcset=\"https:\/\/i0.wp.com\/blogdoeloiltoncajuhy.com.br\/site\/wp-content\/uploads\/2021\/02\/PMA_Covid-19-Vacina-idosos.jpg?resize=768%2C1024&amp;ssl=1 768w, https:\/\/i0.wp.com\/blogdoeloiltoncajuhy.com.br\/site\/wp-content\/uploads\/2021\/02\/PMA_Covid-19-Vacina-idosos.jpg?resize=225%2C300&amp;ssl=1 225w, https:\/\/i0.wp.com\/blogdoeloiltoncajuhy.com.br\/site\/wp-content\/uploads\/2021\/02\/PMA_Covid-19-Vacina-idosos.jpg?w=960&amp;ssl=1 960w\" sizes=\"(max-width: 384px) 100vw, 384px\" \/><\/figure><\/div>\n\n\n\n<p>A Prefeitura Municipal de Andorinha, atrav\u00e9s da Secretaria de Sa\u00fade, come\u00e7ou a vacina\u00e7\u00e3o contra a Covid-19 em idosos acima de 90 anos que fazem parte do grupo de risco. As primeiras doses foram aplicadas em domic\u00edlio, nos idosos do Bairro Vila Peixe.<\/p>\n\n\n\n<p>Foram atendidos o senhor Salustiano de 107 anos, Seu Jo\u00e3o de 101 anos, Seu Mois\u00e9s,  96 anos, dona Alexandrina 90 anos, al\u00e9m do senhor Elicio Barbosa da Silva, de 104 anos, morador da Fazenda Saco do Soares.<\/p>\n\n\n\n<p>A vacina\u00e7\u00e3o continuar\u00e1 acontecendo durante toda a semana as pessoas com idade acima de 90 anos. A rela\u00e7\u00e3o dos idosos est\u00e1 sendo feita atrav\u00e9s dos Agentes Comunit\u00e1rios de Sa\u00fade de cada localidade.<\/p>\n\n\n\n<p><em>\u201cA equipe de combate e enfrentamento \u00e0 Covid-19 fez uma intensa vacina\u00e7\u00e3o cumprindo o plano de vacina\u00e7\u00e3o nessa primeira fase, onde receberam a primeira dose profissionais da sa\u00fade que est\u00e3o na linha de frente ao Coronav\u00edrus e idosos que residem em lares de apoio. Assim as doses que recebemos recentemente est\u00e3o sendo destinadas para esse p\u00fablico maior de 90 anos e logo prosseguiremos para os demais de acordo com as orienta\u00e7\u00f5es do Minist\u00e9rio da Sa\u00fade\u201d<\/em>, disse Geson Cardoso, secret\u00e1rio de Sa\u00fade.<\/p>\n","protected":false},"excerpt":{"rendered":"<p>A Prefeitura Municipal de Andorinha, atrav\u00e9s da Secretaria de Sa\u00fade, come\u00e7ou a vacina\u00e7\u00e3o contra a Covid-19 em idosos acima de 90 anos que fazem parte do grupo de risco. As primeiras doses foram aplicadas em domic\u00edlio, nos idosos do Bairro Vila Peixe. Foram atendidos o senhor Salustiano de 107 anos, Seu Jo\u00e3o de 101 anos, [&hellip;]<\/p>\n","protected":false},"author":2,"featured_media":53454,"comment_status":"open","ping_status":"open","sticky":false,"template":"","format":"standard","meta":{"_acf_changed":false,"_monsterinsights_skip_tracking":false,"_monsterinsights_sitenote_active":false,"_monsterinsights_sitenote_note":"","_monsterinsights_sitenote_category":0,"_jetpack_memberships_contains_paid_content":false,"footnotes":"","jetpack_publicize_message":"","jetpack_publicize_feature_enabled":true,"jetpack_social_post_already_shared":true,"jetpack_social_options":{"image_generator_settings":{"template":"highway","default_image_id":0,"font":"","enabled":false},"version":2}},"categories":[11],"tags":[],"class_list":["post-53453","post","type-post","status-publish","format-standard","has-post-thumbnail","hentry","category-regional"],"acf":[],"jetpack_publicize_connections":[],"jetpack_featured_media_url":"https:\/\/i0.wp.com\/blogdoeloiltoncajuhy.com.br\/site\/wp-content\/uploads\/2021\/02\/PMA_Covid-19-Vacina-idosos.jpg?fit=960%2C1280&ssl=1","jetpack_sharing_enabled":true,"publishpress_future_workflow_manual_trigger":{"enabledWorkflows":[]},"_links":{"self":[{"href":"https:\/\/blogdoeloiltoncajuhy.com.br\/site\/wp-json\/wp\/v2\/posts\/53453","targetHints":{"allow":["GET"]}}],"collection":[{"href":"https:\/\/blogdoeloiltoncajuhy.com.br\/site\/wp-json\/wp\/v2\/posts"}],"about":[{"href":"https:\/\/blogdoeloiltoncajuhy.com.br\/site\/wp-json\/wp\/v2\/types\/post"}],"author":[{"embeddable":true,"href":"https:\/\/blogdoeloiltoncajuhy.com.br\/site\/wp-json\/wp\/v2\/users\/2"}],"replies":[{"embeddable":true,"href":"https:\/\/blogdoeloiltoncajuhy.com.br\/site\/wp-json\/wp\/v2\/comments?post=53453"}],"version-history":[{"count":2,"href":"https:\/\/blogdoeloiltoncajuhy.com.br\/site\/wp-json\/wp\/v2\/posts\/53453\/revisions"}],"predecessor-version":[{"id":53456,"href":"https:\/\/blogdoeloiltoncajuhy.com.br\/site\/wp-json\/wp\/v2\/posts\/53453\/revisions\/53456"}],"wp:featuredmedia":[{"embeddable":true,"href":"https:\/\/blogdoeloiltoncajuhy.com.br\/site\/wp-json\/wp\/v2\/media\/53454"}],"wp:attachment":[{"href":"https:\/\/blogdoeloiltoncajuhy.com.br\/site\/wp-json\/wp\/v2\/media?parent=53453"}],"wp:term":[{"taxonomy":"category","embeddable":true,"href":"https:\/\/blogdoeloiltoncajuhy.com.br\/site\/wp-json\/wp\/v2\/categories?post=53453"},{"taxonomy":"post_tag","embeddable":true,"href":"https:\/\/blogdoeloiltoncajuhy.com.br\/site\/wp-json\/wp\/v2\/tags?post=53453"}],"curies":[{"name":"wp","href":"https:\/\/api.w.org\/{rel}","templated":true}]}}