{"id":53438,"date":"2021-02-02T07:19:14","date_gmt":"2021-02-02T10:19:14","guid":{"rendered":"http:\/\/blogdoeloiltoncajuhy.com.br\/site\/?p=53438"},"modified":"2021-02-02T07:19:15","modified_gmt":"2021-02-02T10:19:15","slug":"secretaria-de-administracao-planeja-melhorias-para-a-feira-livre-de-jaguarari","status":"publish","type":"post","link":"https:\/\/blogdoeloiltoncajuhy.com.br\/site\/secretaria-de-administracao-planeja-melhorias-para-a-feira-livre-de-jaguarari\/","title":{"rendered":"Secretaria de Administra\u00e7\u00e3o planeja melhorias para a Feira Livre de Jaguarari"},"content":{"rendered":"\n<div class=\"wp-block-image\"><figure class=\"aligncenter size-large is-resized\"><img data-recalc-dims=\"1\" fetchpriority=\"high\" decoding=\"async\" src=\"https:\/\/i0.wp.com\/blogdoeloiltoncajuhy.com.br\/site\/wp-content\/uploads\/2021\/02\/PMJ_Estandes-da-feira-livre-de-jaguarari.jpg?resize=512%2C512\" alt=\"\" class=\"wp-image-53439\" width=\"512\" height=\"512\" srcset=\"https:\/\/i0.wp.com\/blogdoeloiltoncajuhy.com.br\/site\/wp-content\/uploads\/2021\/02\/PMJ_Estandes-da-feira-livre-de-jaguarari.jpg?resize=1024%2C1024&amp;ssl=1 1024w, https:\/\/i0.wp.com\/blogdoeloiltoncajuhy.com.br\/site\/wp-content\/uploads\/2021\/02\/PMJ_Estandes-da-feira-livre-de-jaguarari.jpg?resize=300%2C300&amp;ssl=1 300w, https:\/\/i0.wp.com\/blogdoeloiltoncajuhy.com.br\/site\/wp-content\/uploads\/2021\/02\/PMJ_Estandes-da-feira-livre-de-jaguarari.jpg?resize=150%2C150&amp;ssl=1 150w, https:\/\/i0.wp.com\/blogdoeloiltoncajuhy.com.br\/site\/wp-content\/uploads\/2021\/02\/PMJ_Estandes-da-feira-livre-de-jaguarari.jpg?resize=768%2C768&amp;ssl=1 768w, https:\/\/i0.wp.com\/blogdoeloiltoncajuhy.com.br\/site\/wp-content\/uploads\/2021\/02\/PMJ_Estandes-da-feira-livre-de-jaguarari.jpg?w=1080&amp;ssl=1 1080w\" sizes=\"(max-width: 512px) 100vw, 512px\" \/><\/figure><\/div>\n\n\n\n<p>A Secretaria Municipal de Administra\u00e7\u00e3o realizou, no \u00faltimo s\u00e1bado (30), uma vistoria na cobertura da Feira Livre e no Mercado de Carnes de Jaguarari. O objetivo foi fazer um levantamento dos espa\u00e7os e das condi\u00e7\u00f5es de trabalho nos locais, visando melhorias.<\/p>\n\n\n\n<p>A equipe da Secretaria de Administra\u00e7\u00e3o visitou os estandes e ouviu as solicita\u00e7\u00f5es dos feirantes, que puderam pontuar algumas necessidades. Manter o bom funcionamento da cobertura \u00e9 um compromisso da Administra\u00e7\u00e3o Municipal desde a implanta\u00e7\u00e3o da obra, na primeira gest\u00e3o do prefeito Ant\u00f4nio Nascimento.<\/p>\n\n\n\n<p><em>\u201cA Prefeitura de Jaguarari pretende realizar uma s\u00e9rie de interven\u00e7\u00f5es para melhorar a estrutura f\u00edsica da feira e do mercado de carnes. Outra proposta \u00e9 reorganizar o tr\u00e2nsito, no intuito de facilitar a circula\u00e7\u00e3o de carros e pedestres\u201d<\/em>, contou o secret\u00e1rio municipal, Adenir Bonfim.<\/p>\n\n\n\n<p>Para discutir os pontos levantados durante a vistoria, vai acontecer, nesta ter\u00e7a-feira (02), uma reuni\u00e3o entre a Secretaria de Administra\u00e7\u00e3o, a Associa\u00e7\u00e3o Comercial de Jaguarari, os feirantes e marchantes. <em>\u201cVamos discutir solu\u00e7\u00f5es e avan\u00e7os\u201d<\/em>, afirmou Adenir.<\/p>\n","protected":false},"excerpt":{"rendered":"<p>A Secretaria Municipal de Administra\u00e7\u00e3o realizou, no \u00faltimo s\u00e1bado (30), uma vistoria na cobertura da Feira Livre e no Mercado de Carnes de Jaguarari. O objetivo foi fazer um levantamento dos espa\u00e7os e das condi\u00e7\u00f5es de trabalho nos locais, visando melhorias. A equipe da Secretaria de Administra\u00e7\u00e3o visitou os estandes e ouviu as solicita\u00e7\u00f5es dos [&hellip;]<\/p>\n","protected":false},"author":2,"featured_media":53439,"comment_status":"open","ping_status":"open","sticky":false,"template":"","format":"standard","meta":{"_acf_changed":false,"_monsterinsights_skip_tracking":false,"_monsterinsights_sitenote_active":false,"_monsterinsights_sitenote_note":"","_monsterinsights_sitenote_category":0,"_jetpack_memberships_contains_paid_content":false,"footnotes":"","jetpack_publicize_message":"","jetpack_publicize_feature_enabled":true,"jetpack_social_post_already_shared":true,"jetpack_social_options":{"image_generator_settings":{"template":"highway","default_image_id":0,"font":"","enabled":false},"version":2}},"categories":[11],"tags":[],"class_list":["post-53438","post","type-post","status-publish","format-standard","has-post-thumbnail","hentry","category-regional"],"acf":[],"jetpack_publicize_connections":[],"jetpack_featured_media_url":"https:\/\/i0.wp.com\/blogdoeloiltoncajuhy.com.br\/site\/wp-content\/uploads\/2021\/02\/PMJ_Estandes-da-feira-livre-de-jaguarari.jpg?fit=1080%2C1080&ssl=1","jetpack_sharing_enabled":true,"publishpress_future_workflow_manual_trigger":{"enabledWorkflows":[]},"_links":{"self":[{"href":"https:\/\/blogdoeloiltoncajuhy.com.br\/site\/wp-json\/wp\/v2\/posts\/53438","targetHints":{"allow":["GET"]}}],"collection":[{"href":"https:\/\/blogdoeloiltoncajuhy.com.br\/site\/wp-json\/wp\/v2\/posts"}],"about":[{"href":"https:\/\/blogdoeloiltoncajuhy.com.br\/site\/wp-json\/wp\/v2\/types\/post"}],"author":[{"embeddable":true,"href":"https:\/\/blogdoeloiltoncajuhy.com.br\/site\/wp-json\/wp\/v2\/users\/2"}],"replies":[{"embeddable":true,"href":"https:\/\/blogdoeloiltoncajuhy.com.br\/site\/wp-json\/wp\/v2\/comments?post=53438"}],"version-history":[{"count":2,"href":"https:\/\/blogdoeloiltoncajuhy.com.br\/site\/wp-json\/wp\/v2\/posts\/53438\/revisions"}],"predecessor-version":[{"id":53441,"href":"https:\/\/blogdoeloiltoncajuhy.com.br\/site\/wp-json\/wp\/v2\/posts\/53438\/revisions\/53441"}],"wp:featuredmedia":[{"embeddable":true,"href":"https:\/\/blogdoeloiltoncajuhy.com.br\/site\/wp-json\/wp\/v2\/media\/53439"}],"wp:attachment":[{"href":"https:\/\/blogdoeloiltoncajuhy.com.br\/site\/wp-json\/wp\/v2\/media?parent=53438"}],"wp:term":[{"taxonomy":"category","embeddable":true,"href":"https:\/\/blogdoeloiltoncajuhy.com.br\/site\/wp-json\/wp\/v2\/categories?post=53438"},{"taxonomy":"post_tag","embeddable":true,"href":"https:\/\/blogdoeloiltoncajuhy.com.br\/site\/wp-json\/wp\/v2\/tags?post=53438"}],"curies":[{"name":"wp","href":"https:\/\/api.w.org\/{rel}","templated":true}]}}