{"id":53434,"date":"2021-02-02T07:03:45","date_gmt":"2021-02-02T10:03:45","guid":{"rendered":"http:\/\/blogdoeloiltoncajuhy.com.br\/site\/?p=53434"},"modified":"2021-02-02T07:03:46","modified_gmt":"2021-02-02T10:03:46","slug":"agentes-de-endemias-emitem-nota-de-pesar-pelo-falecimento-de-franciel-eugenio","status":"publish","type":"post","link":"https:\/\/blogdoeloiltoncajuhy.com.br\/site\/agentes-de-endemias-emitem-nota-de-pesar-pelo-falecimento-de-franciel-eugenio\/","title":{"rendered":"Agentes de Endemias emitem Nota de Pesar pelo falecimento de Franciel Eug\u00eanio"},"content":{"rendered":"\n<div class=\"wp-block-image\"><figure class=\"aligncenter size-full is-resized\"><img data-recalc-dims=\"1\" fetchpriority=\"high\" decoding=\"async\" src=\"https:\/\/i0.wp.com\/blogdoeloiltoncajuhy.com.br\/site\/wp-content\/uploads\/2021\/02\/Franciel-2.jpeg?resize=474%2C417\" alt=\"\" class=\"wp-image-53435\" width=\"474\" height=\"417\" srcset=\"https:\/\/i0.wp.com\/blogdoeloiltoncajuhy.com.br\/site\/wp-content\/uploads\/2021\/02\/Franciel-2.jpeg?w=408&amp;ssl=1 408w, https:\/\/i0.wp.com\/blogdoeloiltoncajuhy.com.br\/site\/wp-content\/uploads\/2021\/02\/Franciel-2.jpeg?resize=300%2C264&amp;ssl=1 300w\" sizes=\"(max-width: 474px) 100vw, 474px\" \/><\/figure><\/div>\n\n\n\n<p>Consternados com o falecimento repentino do Agente Comunit\u00e1rio de Sa\u00fade Franciel Eug\u00eanio, ocorrido na noite desta segunda-feira (01), os Agentes de Combate \u00e0s Endemias de Senhor do Bonfim, atrav\u00e9s da associa\u00e7\u00e3o da categoria, se manifestaram por meio de nota para expressarem sentimento de solidariedade aos familiares e amigos.<\/p>\n\n\n\n<p>Franciel Eug\u00eanio passou mal enquanto jogava futebol na Arena Sport, localizada na Avenida ACM, nesta cidade. Apesar de todo o esfor\u00e7o da equipe do Samu, Franciel n\u00e3o resistiu e acabou morrendo. A suspeita \u00e9 que ele tenha sofrido um infarto.<\/p>\n\n\n\n<p class=\"has-black-color has-text-color has-medium-font-size\"><strong>Confira o teor da nota dos Agentes de Endemias:<\/strong> <\/p>\n\n\n\n<p><em>Foi com grande pesar que os Agentes de Combate \u00e0s Endemias de Senhor do Bonfim, tomaram conhecimento do falecimento do Agente Comunit\u00e1rio Franciel Eug\u00eanio da Silva, 36 anos, ocorrido na noite desta segunda-feira, 01 de fevereiro.<\/em><\/p>\n\n\n\n<p><em>N\u00e3o conseguimos sequer imaginar a dor que mora nos cora\u00e7\u00f5es de seus familiares e lamentamos n\u00e3o poder fazer mais por voc\u00eas neste momento.<\/em><\/p>\n\n\n\n<p><em>Franciel foi um profissional e cidad\u00e3o exemplar que prestou relevantes servi\u00e7os ao nosso munic\u00edpio.<\/em><\/p>\n\n\n\n<p><em>A nossa associa\u00e7\u00e3o manifesta profundo pesar e condol\u00eancias aos familiares e colegas pela partida prematura deste ilustre Bonfinense que deixa um legado de carinho e amizade dentro da categoria dos Agentes de Sa\u00fade.<\/em><\/p>\n\n\n\n<p><em>Saudades eternas!<\/em><\/p>\n\n\n\n<p><em>Marlon Reis<br>Presidente da Associa\u00e7\u00e3o dos Agentes de Combate \u00e0s Endemias de Senhor do Bonfim-BA<\/em><\/p>\n","protected":false},"excerpt":{"rendered":"<p>Consternados com o falecimento repentino do Agente Comunit\u00e1rio de Sa\u00fade Franciel Eug\u00eanio, ocorrido na noite desta segunda-feira (01), os Agentes de Combate \u00e0s Endemias de Senhor do Bonfim, atrav\u00e9s da associa\u00e7\u00e3o da categoria, se manifestaram por meio de nota para expressarem sentimento de solidariedade aos familiares e amigos. Franciel Eug\u00eanio passou mal enquanto jogava futebol [&hellip;]<\/p>\n","protected":false},"author":2,"featured_media":46036,"comment_status":"open","ping_status":"open","sticky":false,"template":"","format":"standard","meta":{"_acf_changed":false,"_monsterinsights_skip_tracking":false,"_monsterinsights_sitenote_active":false,"_monsterinsights_sitenote_note":"","_monsterinsights_sitenote_category":0,"_jetpack_memberships_contains_paid_content":false,"footnotes":"","jetpack_publicize_message":"","jetpack_publicize_feature_enabled":true,"jetpack_social_post_already_shared":true,"jetpack_social_options":{"image_generator_settings":{"template":"highway","default_image_id":0,"font":"","enabled":false},"version":2}},"categories":[4],"tags":[],"class_list":["post-53434","post","type-post","status-publish","format-standard","has-post-thumbnail","hentry","category-local"],"acf":[],"jetpack_publicize_connections":[],"jetpack_featured_media_url":"https:\/\/i0.wp.com\/blogdoeloiltoncajuhy.com.br\/site\/wp-content\/uploads\/2020\/07\/Luto-5264.jpg?fit=502%2C228&ssl=1","jetpack_sharing_enabled":true,"publishpress_future_workflow_manual_trigger":{"enabledWorkflows":[]},"_links":{"self":[{"href":"https:\/\/blogdoeloiltoncajuhy.com.br\/site\/wp-json\/wp\/v2\/posts\/53434","targetHints":{"allow":["GET"]}}],"collection":[{"href":"https:\/\/blogdoeloiltoncajuhy.com.br\/site\/wp-json\/wp\/v2\/posts"}],"about":[{"href":"https:\/\/blogdoeloiltoncajuhy.com.br\/site\/wp-json\/wp\/v2\/types\/post"}],"author":[{"embeddable":true,"href":"https:\/\/blogdoeloiltoncajuhy.com.br\/site\/wp-json\/wp\/v2\/users\/2"}],"replies":[{"embeddable":true,"href":"https:\/\/blogdoeloiltoncajuhy.com.br\/site\/wp-json\/wp\/v2\/comments?post=53434"}],"version-history":[{"count":2,"href":"https:\/\/blogdoeloiltoncajuhy.com.br\/site\/wp-json\/wp\/v2\/posts\/53434\/revisions"}],"predecessor-version":[{"id":53437,"href":"https:\/\/blogdoeloiltoncajuhy.com.br\/site\/wp-json\/wp\/v2\/posts\/53434\/revisions\/53437"}],"wp:featuredmedia":[{"embeddable":true,"href":"https:\/\/blogdoeloiltoncajuhy.com.br\/site\/wp-json\/wp\/v2\/media\/46036"}],"wp:attachment":[{"href":"https:\/\/blogdoeloiltoncajuhy.com.br\/site\/wp-json\/wp\/v2\/media?parent=53434"}],"wp:term":[{"taxonomy":"category","embeddable":true,"href":"https:\/\/blogdoeloiltoncajuhy.com.br\/site\/wp-json\/wp\/v2\/categories?post=53434"},{"taxonomy":"post_tag","embeddable":true,"href":"https:\/\/blogdoeloiltoncajuhy.com.br\/site\/wp-json\/wp\/v2\/tags?post=53434"}],"curies":[{"name":"wp","href":"https:\/\/api.w.org\/{rel}","templated":true}]}}