{"id":53299,"date":"2021-01-28T11:03:20","date_gmt":"2021-01-28T14:03:20","guid":{"rendered":"http:\/\/blogdoeloiltoncajuhy.com.br\/site\/?p=53299"},"modified":"2021-01-28T11:03:21","modified_gmt":"2021-01-28T14:03:21","slug":"mulher-que-deu-a-luz-trigemeos-morre-em-santa-catarina","status":"publish","type":"post","link":"https:\/\/blogdoeloiltoncajuhy.com.br\/site\/mulher-que-deu-a-luz-trigemeos-morre-em-santa-catarina\/","title":{"rendered":"Mulher que deu \u00e0 luz trig\u00eameos morre em Santa Catarina"},"content":{"rendered":"\n<h5 class=\"has-text-align-center wp-block-heading\"><em>Ap\u00f3s o parto na ter\u00e7a-feira, Camila Cassimiro da Concei\u00e7\u00e3o precisou de uma interven\u00e7\u00e3o cir\u00fargica, foi para a UTI e morreu nesta manh\u00e3 de quinta-feira<\/em><\/h5>\n\n\n\n<div class=\"wp-block-image\"><figure class=\"aligncenter size-large\"><img data-recalc-dims=\"1\" fetchpriority=\"high\" decoding=\"async\" width=\"800\" height=\"698\" src=\"https:\/\/i0.wp.com\/blogdoeloiltoncajuhy.com.br\/site\/wp-content\/uploads\/2021\/01\/Trigemeos-itajai-1.jpg?resize=800%2C698\" alt=\"\" class=\"wp-image-53268\" srcset=\"https:\/\/i0.wp.com\/blogdoeloiltoncajuhy.com.br\/site\/wp-content\/uploads\/2021\/01\/Trigemeos-itajai-1.jpg?w=1008&amp;ssl=1 1008w, https:\/\/i0.wp.com\/blogdoeloiltoncajuhy.com.br\/site\/wp-content\/uploads\/2021\/01\/Trigemeos-itajai-1.jpg?resize=300%2C262&amp;ssl=1 300w, https:\/\/i0.wp.com\/blogdoeloiltoncajuhy.com.br\/site\/wp-content\/uploads\/2021\/01\/Trigemeos-itajai-1.jpg?resize=768%2C670&amp;ssl=1 768w\" sizes=\"(max-width: 800px) 100vw, 800px\" \/><figcaption><em>Camila com os filhos Vit\u00f3ria, Breno e Valentina logo ap\u00f3s o parto, na tarde de ter\u00e7a-feira (26). \u2014 Foto: Hospital Marieta\/Divulga\u00e7\u00e3o<\/em><\/figcaption><\/figure><\/div>\n\n\n\n<p><strong>Camila Cassimiro da Concei\u00e7\u00e3o<\/strong>, que deu \u00e0 luz trig\u00eameos em Itaja\u00ed (SC) na ter\u00e7a-feira (26), morreu nesta quinta-feira (28), informou o Hospital Marieta Konder Bornhausen, onde os beb\u00eas nasceram.<\/p>\n\n\n\n<p>Ela n\u00e3o teve problemas no parto mas, na quarta (27), teve sangramentos, precisou passar por uma cirurgia de emerg\u00eancia e foi levada para a Unidade de Terapia Intensiva (UTI). A causa da morte n\u00e3o foi revelada.<\/p>\n\n\n\n<p>Os beb\u00eas, Vit\u00f3ria, Breno e Valentina, permanecem no hospital, e est\u00e3o saud\u00e1veis. Ainda n\u00e3o h\u00e1 informa\u00e7\u00f5es sobre o vel\u00f3rio de Camila.<\/p>\n\n\n\n<p class=\"has-black-color has-text-color has-medium-font-size\"><strong>Nascimento dos trig\u00eameos<\/strong><\/p>\n\n\n\n<p>Camila teve um filho na primeira gesta\u00e7\u00e3o e dois na segunda. Com o nascimento na ter\u00e7a de Vit\u00f3ria, Breno e Valentina, ela saltou de m\u00e3e de tr\u00eas para seis crian\u00e7as.<\/p>\n\n\n\n<p>Segundo a unidade de sa\u00fade, os tr\u00eas nasceram de 36 semanas de parto cesariana.<\/p>\n\n\n\n<p class=\"has-black-color has-text-color has-medium-font-size\"><strong>Leia, abaixo, a nota do hospital<\/strong><\/p>\n\n\n\n<p><em>O Hospital Marieta informa que a paciente Camila, gestante de trig\u00eameos, teve seu parto cesariana realizado sem intercorr\u00eancias.<\/em><\/p>\n\n\n\n<p><em>No puerp\u00e9rio imediato, a paciente evoluiu com complica\u00e7\u00f5es hemorr\u00e1gicas, havendo necessidade de uma nova interven\u00e7\u00e3o cir\u00fargica, de emerg\u00eancia.<\/em><\/p>\n\n\n\n<p><em>Devido \u00e0 gravidade do caso, a paciente foi transferida aos cuidados da unidade de terapia intensiva (UTI), apresentando piora cl\u00ednica e infelizmente evoluindo a \u00f3bito.<\/em><\/p>\n\n\n\n<p><em>O Hospital e Maternidade Marieta Konder Bornhausen se solidariza com a fam\u00edlia enlutada e est\u00e1 prestando todo o apoio.<\/em><\/p>\n","protected":false},"excerpt":{"rendered":"<p>Ap\u00f3s o parto na ter\u00e7a-feira, Camila Cassimiro da Concei\u00e7\u00e3o precisou de uma interven\u00e7\u00e3o cir\u00fargica, foi para a UTI e morreu nesta manh\u00e3 de quinta-feira Camila Cassimiro da Concei\u00e7\u00e3o, que deu \u00e0 luz trig\u00eameos em Itaja\u00ed (SC) na ter\u00e7a-feira (26), morreu nesta quinta-feira (28), informou o Hospital Marieta Konder Bornhausen, onde os beb\u00eas nasceram. Ela n\u00e3o [&hellip;]<\/p>\n","protected":false},"author":2,"featured_media":53268,"comment_status":"open","ping_status":"open","sticky":false,"template":"","format":"standard","meta":{"_acf_changed":false,"_monsterinsights_skip_tracking":false,"_monsterinsights_sitenote_active":false,"_monsterinsights_sitenote_note":"","_monsterinsights_sitenote_category":0,"_jetpack_memberships_contains_paid_content":false,"footnotes":"","jetpack_publicize_message":"","jetpack_publicize_feature_enabled":true,"jetpack_social_post_already_shared":true,"jetpack_social_options":{"image_generator_settings":{"template":"highway","default_image_id":0,"font":"","enabled":false},"version":2}},"categories":[1],"tags":[],"class_list":["post-53299","post","type-post","status-publish","format-standard","has-post-thumbnail","hentry","category-noticias"],"acf":[],"jetpack_publicize_connections":[],"jetpack_featured_media_url":"https:\/\/i0.wp.com\/blogdoeloiltoncajuhy.com.br\/site\/wp-content\/uploads\/2021\/01\/Trigemeos-itajai-1.jpg?fit=1008%2C880&ssl=1","jetpack_sharing_enabled":true,"publishpress_future_workflow_manual_trigger":{"enabledWorkflows":[]},"_links":{"self":[{"href":"https:\/\/blogdoeloiltoncajuhy.com.br\/site\/wp-json\/wp\/v2\/posts\/53299","targetHints":{"allow":["GET"]}}],"collection":[{"href":"https:\/\/blogdoeloiltoncajuhy.com.br\/site\/wp-json\/wp\/v2\/posts"}],"about":[{"href":"https:\/\/blogdoeloiltoncajuhy.com.br\/site\/wp-json\/wp\/v2\/types\/post"}],"author":[{"embeddable":true,"href":"https:\/\/blogdoeloiltoncajuhy.com.br\/site\/wp-json\/wp\/v2\/users\/2"}],"replies":[{"embeddable":true,"href":"https:\/\/blogdoeloiltoncajuhy.com.br\/site\/wp-json\/wp\/v2\/comments?post=53299"}],"version-history":[{"count":2,"href":"https:\/\/blogdoeloiltoncajuhy.com.br\/site\/wp-json\/wp\/v2\/posts\/53299\/revisions"}],"predecessor-version":[{"id":53301,"href":"https:\/\/blogdoeloiltoncajuhy.com.br\/site\/wp-json\/wp\/v2\/posts\/53299\/revisions\/53301"}],"wp:featuredmedia":[{"embeddable":true,"href":"https:\/\/blogdoeloiltoncajuhy.com.br\/site\/wp-json\/wp\/v2\/media\/53268"}],"wp:attachment":[{"href":"https:\/\/blogdoeloiltoncajuhy.com.br\/site\/wp-json\/wp\/v2\/media?parent=53299"}],"wp:term":[{"taxonomy":"category","embeddable":true,"href":"https:\/\/blogdoeloiltoncajuhy.com.br\/site\/wp-json\/wp\/v2\/categories?post=53299"},{"taxonomy":"post_tag","embeddable":true,"href":"https:\/\/blogdoeloiltoncajuhy.com.br\/site\/wp-json\/wp\/v2\/tags?post=53299"}],"curies":[{"name":"wp","href":"https:\/\/api.w.org\/{rel}","templated":true}]}}