{"id":53285,"date":"2021-01-27T20:26:15","date_gmt":"2021-01-27T23:26:15","guid":{"rendered":"http:\/\/blogdoeloiltoncajuhy.com.br\/site\/?p=53285"},"modified":"2021-01-27T20:26:16","modified_gmt":"2021-01-27T23:26:16","slug":"mae-esta-em-estado-grave-apos-nascimento-de-trigemeos-na-3a-gestacao","status":"publish","type":"post","link":"https:\/\/blogdoeloiltoncajuhy.com.br\/site\/mae-esta-em-estado-grave-apos-nascimento-de-trigemeos-na-3a-gestacao\/","title":{"rendered":"M\u00e3e est\u00e1 em estado grave ap\u00f3s nascimento de trig\u00eameos na 3\u00aa gesta\u00e7\u00e3o"},"content":{"rendered":"\n<h5 class=\"has-text-align-center wp-block-heading\"><em>Ela precisou de uma interven\u00e7\u00e3o cir\u00fargica, conforme hospital. Beb\u00eas Vit\u00f3ria, Breno e Valentina nasceram na tarde de ter\u00e7a-feira em Itaja\u00ed e est\u00e3o bem<\/em><\/h5>\n\n\n\n<figure class=\"wp-block-image size-large\"><img data-recalc-dims=\"1\" fetchpriority=\"high\" decoding=\"async\" width=\"800\" height=\"698\" src=\"https:\/\/i0.wp.com\/blogdoeloiltoncajuhy.com.br\/site\/wp-content\/uploads\/2021\/01\/Trigemeos-itajai-1.jpg?resize=800%2C698\" alt=\"\" class=\"wp-image-53268\" srcset=\"https:\/\/i0.wp.com\/blogdoeloiltoncajuhy.com.br\/site\/wp-content\/uploads\/2021\/01\/Trigemeos-itajai-1.jpg?w=1008&amp;ssl=1 1008w, https:\/\/i0.wp.com\/blogdoeloiltoncajuhy.com.br\/site\/wp-content\/uploads\/2021\/01\/Trigemeos-itajai-1.jpg?resize=300%2C262&amp;ssl=1 300w, https:\/\/i0.wp.com\/blogdoeloiltoncajuhy.com.br\/site\/wp-content\/uploads\/2021\/01\/Trigemeos-itajai-1.jpg?resize=768%2C670&amp;ssl=1 768w\" sizes=\"(max-width: 800px) 100vw, 800px\" \/><figcaption>Vit\u00f3ria, Breno e Valentina nasceram na tarde de ter\u00e7a-feira (26) \u2014 Foto: Hospital Marieta\/Divulga\u00e7\u00e3o<\/figcaption><\/figure>\n\n\n\n<p><strong>Camila Cassimiro da Concei\u00e7\u00e3o<\/strong>, que deu \u00e0 luz trig\u00eameos em Itaja\u00ed na ter\u00e7a-feira (26), precisou ir para a Unidade de Terapia Intensiva (UTI), informou o Hospital Marieta Konder Bornhausen. De acordo com a unidade, a paciente teve um problema de sa\u00fade ap\u00f3s o parto e precisou de cirurgia. Os beb\u00eas estavam bem at\u00e9 14h30 desta quarta-feira (27). Eles n\u00e3o precisaram de UTI.<\/p>\n\n\n\n<p>At\u00e9 esse hor\u00e1rio, a m\u00e3e deles estava internada na UTI em estado grave. Ela teve uma altera\u00e7\u00e3o do pulso ainda na noite de ter\u00e7a, algumas horas ap\u00f3s o parto. Por causa do sigilo m\u00e9dico, o hospital n\u00e3o informou mais detalhes.<\/p>\n\n\n\n<p class=\"has-black-color has-text-color has-medium-font-size\"><strong>Nascimento dos trig\u00eameos<\/strong><\/p>\n\n\n\n<p>Camila teve um filho na primeira gesta\u00e7\u00e3o e dois na segunda. Com o nascimento na ter\u00e7a de Vit\u00f3ria, Breno e Valentina, ela saltou de m\u00e3e de tr\u00eas para seis crian\u00e7as. O crescimento da fam\u00edlia foi em progress\u00e3o aritm\u00e9tica.<\/p>\n\n\n\n<p>Moradora da mesma cidade, os pais escolheram o Hospital Marieta Konder Bornhausen para o nascimento dos beb\u00eas. Segundo a unidade de sa\u00fade, eles nasceram sem nenhuma dificuldade com 36 semanas. O hospital informou ainda que nascimento de trig\u00eameos n\u00e3o s\u00e3o muito comuns e houve apenas um caso na unidade em 2020.<\/p>\n","protected":false},"excerpt":{"rendered":"<p>Ela precisou de uma interven\u00e7\u00e3o cir\u00fargica, conforme hospital. Beb\u00eas Vit\u00f3ria, Breno e Valentina nasceram na tarde de ter\u00e7a-feira em Itaja\u00ed e est\u00e3o bem Camila Cassimiro da Concei\u00e7\u00e3o, que deu \u00e0 luz trig\u00eameos em Itaja\u00ed na ter\u00e7a-feira (26), precisou ir para a Unidade de Terapia Intensiva (UTI), informou o Hospital Marieta Konder Bornhausen. De acordo com [&hellip;]<\/p>\n","protected":false},"author":2,"featured_media":53269,"comment_status":"open","ping_status":"open","sticky":false,"template":"","format":"standard","meta":{"_acf_changed":false,"_monsterinsights_skip_tracking":false,"_monsterinsights_sitenote_active":false,"_monsterinsights_sitenote_note":"","_monsterinsights_sitenote_category":0,"_jetpack_memberships_contains_paid_content":false,"footnotes":"","jetpack_publicize_message":"","jetpack_publicize_feature_enabled":true,"jetpack_social_post_already_shared":true,"jetpack_social_options":{"image_generator_settings":{"template":"highway","default_image_id":0,"font":"","enabled":false},"version":2}},"categories":[1],"tags":[],"class_list":["post-53285","post","type-post","status-publish","format-standard","has-post-thumbnail","hentry","category-noticias"],"acf":[],"jetpack_publicize_connections":[],"jetpack_featured_media_url":"https:\/\/i0.wp.com\/blogdoeloiltoncajuhy.com.br\/site\/wp-content\/uploads\/2021\/01\/Trigemeos-03.jpeg?fit=1008%2C1347&ssl=1","jetpack_sharing_enabled":true,"publishpress_future_workflow_manual_trigger":{"enabledWorkflows":[]},"_links":{"self":[{"href":"https:\/\/blogdoeloiltoncajuhy.com.br\/site\/wp-json\/wp\/v2\/posts\/53285","targetHints":{"allow":["GET"]}}],"collection":[{"href":"https:\/\/blogdoeloiltoncajuhy.com.br\/site\/wp-json\/wp\/v2\/posts"}],"about":[{"href":"https:\/\/blogdoeloiltoncajuhy.com.br\/site\/wp-json\/wp\/v2\/types\/post"}],"author":[{"embeddable":true,"href":"https:\/\/blogdoeloiltoncajuhy.com.br\/site\/wp-json\/wp\/v2\/users\/2"}],"replies":[{"embeddable":true,"href":"https:\/\/blogdoeloiltoncajuhy.com.br\/site\/wp-json\/wp\/v2\/comments?post=53285"}],"version-history":[{"count":2,"href":"https:\/\/blogdoeloiltoncajuhy.com.br\/site\/wp-json\/wp\/v2\/posts\/53285\/revisions"}],"predecessor-version":[{"id":53287,"href":"https:\/\/blogdoeloiltoncajuhy.com.br\/site\/wp-json\/wp\/v2\/posts\/53285\/revisions\/53287"}],"wp:featuredmedia":[{"embeddable":true,"href":"https:\/\/blogdoeloiltoncajuhy.com.br\/site\/wp-json\/wp\/v2\/media\/53269"}],"wp:attachment":[{"href":"https:\/\/blogdoeloiltoncajuhy.com.br\/site\/wp-json\/wp\/v2\/media?parent=53285"}],"wp:term":[{"taxonomy":"category","embeddable":true,"href":"https:\/\/blogdoeloiltoncajuhy.com.br\/site\/wp-json\/wp\/v2\/categories?post=53285"},{"taxonomy":"post_tag","embeddable":true,"href":"https:\/\/blogdoeloiltoncajuhy.com.br\/site\/wp-json\/wp\/v2\/tags?post=53285"}],"curies":[{"name":"wp","href":"https:\/\/api.w.org\/{rel}","templated":true}]}}