{"id":53282,"date":"2021-01-27T20:15:40","date_gmt":"2021-01-27T23:15:40","guid":{"rendered":"http:\/\/blogdoeloiltoncajuhy.com.br\/site\/?p=53282"},"modified":"2021-01-27T20:15:41","modified_gmt":"2021-01-27T23:15:41","slug":"jaguarari-confirma-mais-dois-obitos-por-covid-19","status":"publish","type":"post","link":"https:\/\/blogdoeloiltoncajuhy.com.br\/site\/jaguarari-confirma-mais-dois-obitos-por-covid-19\/","title":{"rendered":"Jaguarari confirma mais dois \u00f3bitos por Covid-19"},"content":{"rendered":"\n<div class=\"wp-block-image\"><figure class=\"aligncenter size-large is-resized\"><img data-recalc-dims=\"1\" fetchpriority=\"high\" decoding=\"async\" src=\"https:\/\/i0.wp.com\/blogdoeloiltoncajuhy.com.br\/site\/wp-content\/uploads\/2021\/01\/PMJ_Boletim-27.01.2021.jpg?resize=522%2C603\" alt=\"\" class=\"wp-image-53283\" width=\"522\" height=\"603\" srcset=\"https:\/\/i0.wp.com\/blogdoeloiltoncajuhy.com.br\/site\/wp-content\/uploads\/2021\/01\/PMJ_Boletim-27.01.2021.jpg?resize=885%2C1024&amp;ssl=1 885w, https:\/\/i0.wp.com\/blogdoeloiltoncajuhy.com.br\/site\/wp-content\/uploads\/2021\/01\/PMJ_Boletim-27.01.2021.jpg?resize=259%2C300&amp;ssl=1 259w, https:\/\/i0.wp.com\/blogdoeloiltoncajuhy.com.br\/site\/wp-content\/uploads\/2021\/01\/PMJ_Boletim-27.01.2021.jpg?resize=768%2C889&amp;ssl=1 768w, https:\/\/i0.wp.com\/blogdoeloiltoncajuhy.com.br\/site\/wp-content\/uploads\/2021\/01\/PMJ_Boletim-27.01.2021.jpg?w=1080&amp;ssl=1 1080w\" sizes=\"(max-width: 522px) 100vw, 522px\" \/><\/figure><\/div>\n\n\n\n<p>A Secretaria Municipal de Sa\u00fade informa o aumento no n\u00famero de \u00f3bitos, 17. Os pacientes, um homem de 37 anos e uma mulher de 79, estavam internados na UTI do Hospital Dom Ant\u00f4nio Monteiro, em Senhor do Bonfim.<\/p>\n\n\n\n<p>A paciente era portadora de hipertens\u00e3o arterial, diabetes e doen\u00e7a arterial obstrutiva perif\u00e9rica e faleceu de pneumonia viral, proveniente da Covid-19.<\/p>\n\n\n\n<p>Quatro novos casos de Covid-19 foram registrados nesta quarta-feira (27), no Distrito de Pilar.<\/p>\n\n\n\n<p>O n\u00famero de casos confirmados \u00e9 de 1.199. Trinta e seis pessoas est\u00e3o em monitoramento domiciliar e 14 aguardam o resultado dos exames pelo Lacen. Casos curados somam 1.171 e casos ativos sobem para 14.<\/p>\n","protected":false},"excerpt":{"rendered":"<p>A Secretaria Municipal de Sa\u00fade informa o aumento no n\u00famero de \u00f3bitos, 17. Os pacientes, um homem de 37 anos e uma mulher de 79, estavam internados na UTI do Hospital Dom Ant\u00f4nio Monteiro, em Senhor do Bonfim. A paciente era portadora de hipertens\u00e3o arterial, diabetes e doen\u00e7a arterial obstrutiva perif\u00e9rica e faleceu de pneumonia [&hellip;]<\/p>\n","protected":false},"author":2,"featured_media":53283,"comment_status":"open","ping_status":"open","sticky":false,"template":"","format":"standard","meta":{"_acf_changed":false,"_monsterinsights_skip_tracking":false,"_monsterinsights_sitenote_active":false,"_monsterinsights_sitenote_note":"","_monsterinsights_sitenote_category":0,"_jetpack_memberships_contains_paid_content":false,"footnotes":"","jetpack_publicize_message":"","jetpack_publicize_feature_enabled":true,"jetpack_social_post_already_shared":true,"jetpack_social_options":{"image_generator_settings":{"template":"highway","default_image_id":0,"font":"","enabled":false},"version":2}},"categories":[11],"tags":[],"class_list":["post-53282","post","type-post","status-publish","format-standard","has-post-thumbnail","hentry","category-regional"],"acf":[],"jetpack_publicize_connections":[],"jetpack_featured_media_url":"https:\/\/i0.wp.com\/blogdoeloiltoncajuhy.com.br\/site\/wp-content\/uploads\/2021\/01\/PMJ_Boletim-27.01.2021.jpg?fit=1080%2C1250&ssl=1","jetpack_sharing_enabled":true,"publishpress_future_workflow_manual_trigger":{"enabledWorkflows":[]},"_links":{"self":[{"href":"https:\/\/blogdoeloiltoncajuhy.com.br\/site\/wp-json\/wp\/v2\/posts\/53282","targetHints":{"allow":["GET"]}}],"collection":[{"href":"https:\/\/blogdoeloiltoncajuhy.com.br\/site\/wp-json\/wp\/v2\/posts"}],"about":[{"href":"https:\/\/blogdoeloiltoncajuhy.com.br\/site\/wp-json\/wp\/v2\/types\/post"}],"author":[{"embeddable":true,"href":"https:\/\/blogdoeloiltoncajuhy.com.br\/site\/wp-json\/wp\/v2\/users\/2"}],"replies":[{"embeddable":true,"href":"https:\/\/blogdoeloiltoncajuhy.com.br\/site\/wp-json\/wp\/v2\/comments?post=53282"}],"version-history":[{"count":1,"href":"https:\/\/blogdoeloiltoncajuhy.com.br\/site\/wp-json\/wp\/v2\/posts\/53282\/revisions"}],"predecessor-version":[{"id":53284,"href":"https:\/\/blogdoeloiltoncajuhy.com.br\/site\/wp-json\/wp\/v2\/posts\/53282\/revisions\/53284"}],"wp:featuredmedia":[{"embeddable":true,"href":"https:\/\/blogdoeloiltoncajuhy.com.br\/site\/wp-json\/wp\/v2\/media\/53283"}],"wp:attachment":[{"href":"https:\/\/blogdoeloiltoncajuhy.com.br\/site\/wp-json\/wp\/v2\/media?parent=53282"}],"wp:term":[{"taxonomy":"category","embeddable":true,"href":"https:\/\/blogdoeloiltoncajuhy.com.br\/site\/wp-json\/wp\/v2\/categories?post=53282"},{"taxonomy":"post_tag","embeddable":true,"href":"https:\/\/blogdoeloiltoncajuhy.com.br\/site\/wp-json\/wp\/v2\/tags?post=53282"}],"curies":[{"name":"wp","href":"https:\/\/api.w.org\/{rel}","templated":true}]}}