{"id":53273,"date":"2021-01-27T19:17:02","date_gmt":"2021-01-27T22:17:02","guid":{"rendered":"http:\/\/blogdoeloiltoncajuhy.com.br\/site\/?p=53273"},"modified":"2021-01-27T19:17:03","modified_gmt":"2021-01-27T22:17:03","slug":"covid-19-mp-recebe-mais-de-70-representacoes-de-fura-fila-em-vacinacao-em-46-cidades-da-bahia","status":"publish","type":"post","link":"https:\/\/blogdoeloiltoncajuhy.com.br\/site\/covid-19-mp-recebe-mais-de-70-representacoes-de-fura-fila-em-vacinacao-em-46-cidades-da-bahia\/","title":{"rendered":"Covid-19: MP recebe mais de 70 representa\u00e7\u00f5es de &#8216;fura-fila&#8217; em vacina\u00e7\u00e3o em 46 cidades da Bahia"},"content":{"rendered":"\n<h5 class=\"has-text-align-center wp-block-heading\"><em>Agentes podem ser acusados de cometerem ato de improbidade administrativa, infra\u00e7\u00e3o sanit\u00e1ria, e crimes de abuso de autoridade, de expor a perigo a vida de outra pessoa, peculato e de concuss\u00e3o (exigir vantagem indevida em raz\u00e3o do cargo)<\/em><\/h5>\n\n\n\n<div class=\"wp-block-image\"><figure class=\"aligncenter size-large\"><img data-recalc-dims=\"1\" fetchpriority=\"high\" decoding=\"async\" width=\"800\" height=\"533\" src=\"https:\/\/i0.wp.com\/blogdoeloiltoncajuhy.com.br\/site\/wp-content\/uploads\/2021\/01\/Corona_Vacina_8651.jpeg?resize=800%2C533\" alt=\"\" class=\"wp-image-53274\" srcset=\"https:\/\/i0.wp.com\/blogdoeloiltoncajuhy.com.br\/site\/wp-content\/uploads\/2021\/01\/Corona_Vacina_8651.jpeg?w=984&amp;ssl=1 984w, https:\/\/i0.wp.com\/blogdoeloiltoncajuhy.com.br\/site\/wp-content\/uploads\/2021\/01\/Corona_Vacina_8651.jpeg?resize=300%2C200&amp;ssl=1 300w, https:\/\/i0.wp.com\/blogdoeloiltoncajuhy.com.br\/site\/wp-content\/uploads\/2021\/01\/Corona_Vacina_8651.jpeg?resize=768%2C512&amp;ssl=1 768w\" sizes=\"(max-width: 800px) 100vw, 800px\" \/><figcaption><em>MP recebe mais de 70 representa\u00e7\u00f5es de &#8216;fura-fila&#8217; em vacina\u00e7\u00e3o em 46 cidades da Bahia \u2014 Foto: Prefeitura de Salvador<\/em><\/figcaption><\/figure><\/div>\n\n\n\n<p>O Minist\u00e9rio P\u00fablico da Bahia (MP-BA) recebeu 74 den\u00fancias de supostos casos de \u201cfura-fila\u201d, por agentes p\u00fablicos e cidad\u00e3os comuns, da vacina\u00e7\u00e3o da Covid-19 em 46 munic\u00edpios baianos, desde o in\u00edcio da imuniza\u00e7\u00e3o no estado. Os dados foram computados at\u00e9 a noite de ter\u00e7a-feira (26).<\/p>\n\n\n\n<p>Segundo o parecer feito pelo Grupo de Trabalho para acompanhamento das a\u00e7\u00f5es de enfrentamento do novo coronav\u00edrus (GT Coronav\u00edrus) do MP, os agentes podem ser acusados de cometerem ato de improbidade administrativa, infra\u00e7\u00e3o sanit\u00e1ria, e crimes de abuso de autoridade, de expor a perigo a vida de outra pessoa, peculato e de concuss\u00e3o (exigir vantagem indevida em raz\u00e3o do cargo).<\/p>\n\n\n\n<p>De acordo com o Minist\u00e9rio P\u00fablico, a nota t\u00e9cnica foi realizada depois que o prefeito de Candiba se vacinou sem fazer parte dos grupos inclu\u00eddos na primeira fase da imuniza\u00e7\u00e3o e serve de orienta\u00e7\u00e3o \u00e0 atua\u00e7\u00e3o dos promotores de Justi\u00e7a em todo do estado.<\/p>\n\n\n\n<p>Na Nota T\u00e9cnica, o GT ressalta que est\u00e3o inclu\u00eddos na primeira fase da vacina\u00e7\u00e3o apenas profissionais de sa\u00fade, popula\u00e7\u00e3o ind\u00edgena aldeada em terras demarcadas, povos e comunidades tradicionais e pessoas com mais de 75 anos abrigados em institui\u00e7\u00f5es de longa perman\u00eancia.<\/p>\n\n\n\n<p>As den\u00fancias recebidas pelo Minist\u00e9rio P\u00fablico est\u00e3o sendo distribu\u00eddas aos promotores de Justi\u00e7a dos respectivos munic\u00edpios que v\u00e3o fazer apura\u00e7\u00e3o e avaliar medidas de responsabiliza\u00e7\u00e3o. J\u00e1 os cidad\u00e3os que &#8220;furarem a fila&#8221;, podem responder por crime de peculato em conluio com o funcion\u00e1rio p\u00fablico, por infra\u00e7\u00e3o de medida sanit\u00e1ria e, caso a conduta induzir o agente p\u00fablico a erro, por estelionato em concurso com a infra\u00e7\u00e3o de medida sanit\u00e1ria.<\/p>\n\n\n\n<div class=\"wp-block-image\"><figure class=\"aligncenter size-full\"><img data-recalc-dims=\"1\" decoding=\"async\" width=\"800\" height=\"501\" src=\"https:\/\/i0.wp.com\/blogdoeloiltoncajuhy.com.br\/site\/wp-content\/uploads\/2021\/01\/PrefeitoCandiba_vacina-18.50.03.jpeg?resize=800%2C501\" alt=\"\" class=\"wp-image-53275\" srcset=\"https:\/\/i0.wp.com\/blogdoeloiltoncajuhy.com.br\/site\/wp-content\/uploads\/2021\/01\/PrefeitoCandiba_vacina-18.50.03.jpeg?w=984&amp;ssl=1 984w, https:\/\/i0.wp.com\/blogdoeloiltoncajuhy.com.br\/site\/wp-content\/uploads\/2021\/01\/PrefeitoCandiba_vacina-18.50.03.jpeg?resize=300%2C188&amp;ssl=1 300w, https:\/\/i0.wp.com\/blogdoeloiltoncajuhy.com.br\/site\/wp-content\/uploads\/2021\/01\/PrefeitoCandiba_vacina-18.50.03.jpeg?resize=768%2C481&amp;ssl=1 768w\" sizes=\"(max-width: 800px) 100vw, 800px\" \/><figcaption><em>Prefeito de Candiba, na Bahia, n\u00e3o estava em grupo priorit\u00e1rio para receber vacina contra Covid-19 e foi imunizado \u2014 Foto: Reprodu\u00e7\u00e3o \/ Redes Sociais<\/em><\/figcaption><\/figure><\/div>\n\n\n\n<p class=\"has-black-color has-text-color\"><strong>Conforme definido pelo Minist\u00e9rio da Sa\u00fade, os grupos priorit\u00e1rios na primeira etapa da vacina\u00e7\u00e3o s\u00e3o:<\/strong><\/p>\n\n\n\n<ul class=\"wp-block-list\"><li>Pessoas com 60 anos ou mais vivendo em institui\u00e7\u00f5es como abrigos ou casas de repouso, funcion\u00e1rios desses locais<\/li><\/ul>\n\n\n\n<ul class=\"wp-block-list\"><li>Pessoas com defici\u00eancia que residem em institui\u00e7\u00f5es e respectivos trabalhadores<\/li><\/ul>\n\n\n\n<ul class=\"wp-block-list\"><li>Ind\u00edgenas vivendo nas terras da respectiva comunidade<\/li><\/ul>\n\n\n\n<ul class=\"wp-block-list\"><li>E trabalhadores da sa\u00fade em atividade nos locais de atendimento de pacientes com Covid-19, com prioridade para aqueles na linha de frente do enfrentamento da doen\u00e7a<\/li><\/ul>\n\n\n\n<p>O MP informou que a popula\u00e7\u00e3o pode denunciar pelo n\u00famero 08006424577 ou pelo e-mail <a href=\"mailto:gtcoronavirus@mpba.mp.br\" target=\"_blank\" rel=\"noreferrer noopener\">gtcoronavirus@mpba.mp.br<\/a>.<\/p>\n\n\n\n<p>A Nota T\u00e9cnica \u00e9 assinada pelas promotoras de Justi\u00e7a Patr\u00edcia Medrado e Rita Tourinho e pelos promotores Rog\u00e9rio Queiroz; Frank Ferrari, coordenador do Centro Operacional da Moralidade Administrativa (Caopam) e Andr\u00e9 Lavigne, coordenador do Centro de Apoio Operacional Criminal (Caocrim).<\/p>\n","protected":false},"excerpt":{"rendered":"<p>Agentes podem ser acusados de cometerem ato de improbidade administrativa, infra\u00e7\u00e3o sanit\u00e1ria, e crimes de abuso de autoridade, de expor a perigo a vida de outra pessoa, peculato e de concuss\u00e3o (exigir vantagem indevida em raz\u00e3o do cargo) O Minist\u00e9rio P\u00fablico da Bahia (MP-BA) recebeu 74 den\u00fancias de supostos casos de \u201cfura-fila\u201d, por agentes p\u00fablicos [&hellip;]<\/p>\n","protected":false},"author":2,"featured_media":53274,"comment_status":"open","ping_status":"open","sticky":false,"template":"","format":"standard","meta":{"_acf_changed":false,"_monsterinsights_skip_tracking":false,"_monsterinsights_sitenote_active":false,"_monsterinsights_sitenote_note":"","_monsterinsights_sitenote_category":0,"_jetpack_memberships_contains_paid_content":false,"footnotes":"","jetpack_publicize_message":"","jetpack_publicize_feature_enabled":true,"jetpack_social_post_already_shared":true,"jetpack_social_options":{"image_generator_settings":{"template":"highway","default_image_id":0,"font":"","enabled":false},"version":2}},"categories":[1],"tags":[],"class_list":["post-53273","post","type-post","status-publish","format-standard","has-post-thumbnail","hentry","category-noticias"],"acf":[],"jetpack_publicize_connections":[],"jetpack_featured_media_url":"https:\/\/i0.wp.com\/blogdoeloiltoncajuhy.com.br\/site\/wp-content\/uploads\/2021\/01\/Corona_Vacina_8651.jpeg?fit=984%2C656&ssl=1","jetpack_sharing_enabled":true,"publishpress_future_workflow_manual_trigger":{"enabledWorkflows":[]},"_links":{"self":[{"href":"https:\/\/blogdoeloiltoncajuhy.com.br\/site\/wp-json\/wp\/v2\/posts\/53273","targetHints":{"allow":["GET"]}}],"collection":[{"href":"https:\/\/blogdoeloiltoncajuhy.com.br\/site\/wp-json\/wp\/v2\/posts"}],"about":[{"href":"https:\/\/blogdoeloiltoncajuhy.com.br\/site\/wp-json\/wp\/v2\/types\/post"}],"author":[{"embeddable":true,"href":"https:\/\/blogdoeloiltoncajuhy.com.br\/site\/wp-json\/wp\/v2\/users\/2"}],"replies":[{"embeddable":true,"href":"https:\/\/blogdoeloiltoncajuhy.com.br\/site\/wp-json\/wp\/v2\/comments?post=53273"}],"version-history":[{"count":2,"href":"https:\/\/blogdoeloiltoncajuhy.com.br\/site\/wp-json\/wp\/v2\/posts\/53273\/revisions"}],"predecessor-version":[{"id":53277,"href":"https:\/\/blogdoeloiltoncajuhy.com.br\/site\/wp-json\/wp\/v2\/posts\/53273\/revisions\/53277"}],"wp:featuredmedia":[{"embeddable":true,"href":"https:\/\/blogdoeloiltoncajuhy.com.br\/site\/wp-json\/wp\/v2\/media\/53274"}],"wp:attachment":[{"href":"https:\/\/blogdoeloiltoncajuhy.com.br\/site\/wp-json\/wp\/v2\/media?parent=53273"}],"wp:term":[{"taxonomy":"category","embeddable":true,"href":"https:\/\/blogdoeloiltoncajuhy.com.br\/site\/wp-json\/wp\/v2\/categories?post=53273"},{"taxonomy":"post_tag","embeddable":true,"href":"https:\/\/blogdoeloiltoncajuhy.com.br\/site\/wp-json\/wp\/v2\/tags?post=53273"}],"curies":[{"name":"wp","href":"https:\/\/api.w.org\/{rel}","templated":true}]}}