{"id":53267,"date":"2021-01-27T11:24:27","date_gmt":"2021-01-27T14:24:27","guid":{"rendered":"http:\/\/blogdoeloiltoncajuhy.com.br\/site\/?p=53267"},"modified":"2021-01-27T11:24:28","modified_gmt":"2021-01-27T14:24:28","slug":"progressao-aritmetica-apos-ter-um-filho-na-1a-gestacao-e-dois-na-2a-mulher-da-a-luz-trigemeos","status":"publish","type":"post","link":"https:\/\/blogdoeloiltoncajuhy.com.br\/site\/progressao-aritmetica-apos-ter-um-filho-na-1a-gestacao-e-dois-na-2a-mulher-da-a-luz-trigemeos\/","title":{"rendered":"Progress\u00e3o aritm\u00e9tica: Ap\u00f3s ter um filho na 1\u00aa gesta\u00e7\u00e3o e dois na 2\u00aa, mulher d\u00e1 \u00e0 luz trig\u00eameos"},"content":{"rendered":"\n<h5 class=\"has-text-align-center wp-block-heading\"><em>Vit\u00f3ria, Breno e Valentina nasceram na tarde de ter\u00e7a-feira em Itaja\u00ed-SC<\/em><\/h5>\n\n\n\n<div class=\"wp-block-image\"><figure class=\"aligncenter size-full is-resized\"><img data-recalc-dims=\"1\" fetchpriority=\"high\" decoding=\"async\" src=\"https:\/\/i0.wp.com\/blogdoeloiltoncajuhy.com.br\/site\/wp-content\/uploads\/2021\/01\/Trigemeos-itajai-1.jpg?resize=756%2C660\" alt=\"\" class=\"wp-image-53268\" width=\"756\" height=\"660\" srcset=\"https:\/\/i0.wp.com\/blogdoeloiltoncajuhy.com.br\/site\/wp-content\/uploads\/2021\/01\/Trigemeos-itajai-1.jpg?w=1008&amp;ssl=1 1008w, https:\/\/i0.wp.com\/blogdoeloiltoncajuhy.com.br\/site\/wp-content\/uploads\/2021\/01\/Trigemeos-itajai-1.jpg?resize=300%2C262&amp;ssl=1 300w, https:\/\/i0.wp.com\/blogdoeloiltoncajuhy.com.br\/site\/wp-content\/uploads\/2021\/01\/Trigemeos-itajai-1.jpg?resize=768%2C670&amp;ssl=1 768w\" sizes=\"(max-width: 756px) 100vw, 756px\" \/><figcaption><em>Vit\u00f3ria, Breno e Valentina nasceram na tarde de ter\u00e7a-feira (26) \u2014 Foto: Hospital Marieta\/Divulga\u00e7\u00e3o<\/em><\/figcaption><\/figure><\/div>\n\n\n\n<p>Um parto inusitado de trig\u00eameos foi realizado em Itaja\u00ed, no Vale. Ap\u00f3s ter um filho na primeira gesta\u00e7\u00e3o e dois na segunda, <strong>Camila Cassimiro da Concei\u00e7\u00e3o<\/strong> deu \u00e0 luz trig\u00eameos na tarde de ter\u00e7a-feira (26).<\/p>\n\n\n\n<p>Com o nascimento de Vit\u00f3ria, Breno e Valentina, ela saltou de m\u00e3e de tr\u00eas para seis crian\u00e7as. O crescimento da fam\u00edlia foi em progress\u00e3o aritm\u00e9tica.<\/p>\n\n\n\n<p>Moradora da mesma cidade, os pais escolheram o Hospital Marieta Konder Bornhausen para o nascimento dos beb\u00eas. Ainda n\u00e3o h\u00e1 previs\u00e3o de alta, mas os filhos e a m\u00e3e se recuperam bem.<\/p>\n\n\n\n<p>Segundo a unidade de sa\u00fade, eles nasceram sem nenhuma dificuldade e n\u00e3o precisaram ir para a Unidade de Tratamento Intensivo (UTI).<\/p>\n\n\n\n<p>Em dezembro de 2020, Santa Catarina registrou outro caso curioso envolvendo trig\u00eameos. Os beb\u00eas nasceram em Crici\u00fama, no Sul catarinense, com uma diferen\u00e7a de 11 minutos entre o primeiro e o terceiro.<\/p>\n\n\n\n<p>Segundo a Secretaria de Estado da Sa\u00fade (SES), o primeiro beb\u00ea, uma menina, nasceu \u00e0s 11h26, pesando 1,3 quilo; depois, \u00e0s 11h33, veio um menino com 1,360 quilo; e em seguida, \u00e0s 11h37, mais uma menina, com 1,380 quilo. Os pais s\u00e3o moradores de I\u00e7ara, na mesma regi\u00e3o.<\/p>\n\n\n\n<figure class=\"wp-block-gallery aligncenter columns-1 is-cropped wp-block-gallery-1 is-layout-flex wp-block-gallery-is-layout-flex\"><ul class=\"blocks-gallery-grid\"><li class=\"blocks-gallery-item\"><figure><img data-recalc-dims=\"1\" decoding=\"async\" width=\"766\" height=\"1024\" src=\"https:\/\/i0.wp.com\/blogdoeloiltoncajuhy.com.br\/site\/wp-content\/uploads\/2021\/01\/Trigemeos-03.jpeg?resize=766%2C1024\" alt=\"\" data-id=\"53269\" data-full-url=\"http:\/\/blogdoeloiltoncajuhy.com.br\/site\/wp-content\/uploads\/2021\/01\/Trigemeos-03.jpeg\" data-link=\"http:\/\/blogdoeloiltoncajuhy.com.br\/site\/?attachment_id=53269\" class=\"wp-image-53269\" srcset=\"https:\/\/i0.wp.com\/blogdoeloiltoncajuhy.com.br\/site\/wp-content\/uploads\/2021\/01\/Trigemeos-03.jpeg?resize=766%2C1024&amp;ssl=1 766w, https:\/\/i0.wp.com\/blogdoeloiltoncajuhy.com.br\/site\/wp-content\/uploads\/2021\/01\/Trigemeos-03.jpeg?resize=224%2C300&amp;ssl=1 224w, https:\/\/i0.wp.com\/blogdoeloiltoncajuhy.com.br\/site\/wp-content\/uploads\/2021\/01\/Trigemeos-03.jpeg?resize=768%2C1026&amp;ssl=1 768w, https:\/\/i0.wp.com\/blogdoeloiltoncajuhy.com.br\/site\/wp-content\/uploads\/2021\/01\/Trigemeos-03.jpeg?w=1008&amp;ssl=1 1008w\" sizes=\"(max-width: 766px) 100vw, 766px\" \/><figcaption class=\"blocks-gallery-item__caption\"><em>Parto foi realizado no Centro Obst\u00e9trico do Hospital Marieta Konder Bornhausen, em Itaja\u00ed \u2014 Foto: Hospital Marieta Konder Bornhausen\/ Divulga\u00e7\u00e3o<\/em><\/figcaption><\/figure><\/li><li class=\"blocks-gallery-item\"><figure><img data-recalc-dims=\"1\" decoding=\"async\" width=\"768\" height=\"1024\" src=\"https:\/\/i0.wp.com\/blogdoeloiltoncajuhy.com.br\/site\/wp-content\/uploads\/2021\/01\/Trigemeos-itajai-2.jpg?resize=768%2C1024\" alt=\"\" data-id=\"53270\" data-full-url=\"http:\/\/blogdoeloiltoncajuhy.com.br\/site\/wp-content\/uploads\/2021\/01\/Trigemeos-itajai-2.jpg\" data-link=\"http:\/\/blogdoeloiltoncajuhy.com.br\/site\/?attachment_id=53270\" class=\"wp-image-53270\" srcset=\"https:\/\/i0.wp.com\/blogdoeloiltoncajuhy.com.br\/site\/wp-content\/uploads\/2021\/01\/Trigemeos-itajai-2.jpg?resize=768%2C1024&amp;ssl=1 768w, https:\/\/i0.wp.com\/blogdoeloiltoncajuhy.com.br\/site\/wp-content\/uploads\/2021\/01\/Trigemeos-itajai-2.jpg?resize=225%2C300&amp;ssl=1 225w, https:\/\/i0.wp.com\/blogdoeloiltoncajuhy.com.br\/site\/wp-content\/uploads\/2021\/01\/Trigemeos-itajai-2.jpg?w=1008&amp;ssl=1 1008w\" sizes=\"(max-width: 768px) 100vw, 768px\" \/><figcaption class=\"blocks-gallery-item__caption\"><em>M\u00e3e e rec\u00e9m-nascidos se recuperam no Hospital Marieta Konder Bornhausen \u2014 Foto: Hospital Marieta Konder Bornhausen\/ Divulga\u00e7\u00e3o<\/em><\/figcaption><\/figure><\/li><\/ul><\/figure>\n\n\n\n<p><\/p>\n","protected":false},"excerpt":{"rendered":"<p>Vit\u00f3ria, Breno e Valentina nasceram na tarde de ter\u00e7a-feira em Itaja\u00ed-SC Um parto inusitado de trig\u00eameos foi realizado em Itaja\u00ed, no Vale. Ap\u00f3s ter um filho na primeira gesta\u00e7\u00e3o e dois na segunda, Camila Cassimiro da Concei\u00e7\u00e3o deu \u00e0 luz trig\u00eameos na tarde de ter\u00e7a-feira (26). Com o nascimento de Vit\u00f3ria, Breno e Valentina, ela [&hellip;]<\/p>\n","protected":false},"author":2,"featured_media":53270,"comment_status":"open","ping_status":"open","sticky":false,"template":"","format":"standard","meta":{"_acf_changed":false,"_monsterinsights_skip_tracking":false,"_monsterinsights_sitenote_active":false,"_monsterinsights_sitenote_note":"","_monsterinsights_sitenote_category":0,"_jetpack_memberships_contains_paid_content":false,"footnotes":"","jetpack_publicize_message":"","jetpack_publicize_feature_enabled":true,"jetpack_social_post_already_shared":true,"jetpack_social_options":{"image_generator_settings":{"template":"highway","default_image_id":0,"font":"","enabled":false},"version":2}},"categories":[1],"tags":[],"class_list":["post-53267","post","type-post","status-publish","format-standard","has-post-thumbnail","hentry","category-noticias"],"acf":[],"jetpack_publicize_connections":[],"jetpack_featured_media_url":"https:\/\/i0.wp.com\/blogdoeloiltoncajuhy.com.br\/site\/wp-content\/uploads\/2021\/01\/Trigemeos-itajai-2.jpg?fit=1008%2C1344&ssl=1","jetpack_sharing_enabled":true,"publishpress_future_workflow_manual_trigger":{"enabledWorkflows":[]},"_links":{"self":[{"href":"https:\/\/blogdoeloiltoncajuhy.com.br\/site\/wp-json\/wp\/v2\/posts\/53267","targetHints":{"allow":["GET"]}}],"collection":[{"href":"https:\/\/blogdoeloiltoncajuhy.com.br\/site\/wp-json\/wp\/v2\/posts"}],"about":[{"href":"https:\/\/blogdoeloiltoncajuhy.com.br\/site\/wp-json\/wp\/v2\/types\/post"}],"author":[{"embeddable":true,"href":"https:\/\/blogdoeloiltoncajuhy.com.br\/site\/wp-json\/wp\/v2\/users\/2"}],"replies":[{"embeddable":true,"href":"https:\/\/blogdoeloiltoncajuhy.com.br\/site\/wp-json\/wp\/v2\/comments?post=53267"}],"version-history":[{"count":2,"href":"https:\/\/blogdoeloiltoncajuhy.com.br\/site\/wp-json\/wp\/v2\/posts\/53267\/revisions"}],"predecessor-version":[{"id":53272,"href":"https:\/\/blogdoeloiltoncajuhy.com.br\/site\/wp-json\/wp\/v2\/posts\/53267\/revisions\/53272"}],"wp:featuredmedia":[{"embeddable":true,"href":"https:\/\/blogdoeloiltoncajuhy.com.br\/site\/wp-json\/wp\/v2\/media\/53270"}],"wp:attachment":[{"href":"https:\/\/blogdoeloiltoncajuhy.com.br\/site\/wp-json\/wp\/v2\/media?parent=53267"}],"wp:term":[{"taxonomy":"category","embeddable":true,"href":"https:\/\/blogdoeloiltoncajuhy.com.br\/site\/wp-json\/wp\/v2\/categories?post=53267"},{"taxonomy":"post_tag","embeddable":true,"href":"https:\/\/blogdoeloiltoncajuhy.com.br\/site\/wp-json\/wp\/v2\/tags?post=53267"}],"curies":[{"name":"wp","href":"https:\/\/api.w.org\/{rel}","templated":true}]}}