{"id":53263,"date":"2021-01-27T11:07:29","date_gmt":"2021-01-27T14:07:29","guid":{"rendered":"http:\/\/blogdoeloiltoncajuhy.com.br\/site\/?p=53263"},"modified":"2021-01-27T11:07:30","modified_gmt":"2021-01-27T14:07:30","slug":"secretaria-de-agricultura-vai-implantar-sistema-de-inspecao-municipal-em-jaguarari","status":"publish","type":"post","link":"https:\/\/blogdoeloiltoncajuhy.com.br\/site\/secretaria-de-agricultura-vai-implantar-sistema-de-inspecao-municipal-em-jaguarari\/","title":{"rendered":"Secretaria de Agricultura vai implantar Sistema de Inspe\u00e7\u00e3o Municipal em Jaguarari"},"content":{"rendered":"\n<div class=\"wp-block-image\"><figure class=\"aligncenter size-large\"><img data-recalc-dims=\"1\" fetchpriority=\"high\" decoding=\"async\" width=\"800\" height=\"800\" src=\"https:\/\/i0.wp.com\/blogdoeloiltoncajuhy.com.br\/site\/wp-content\/uploads\/2021\/01\/PMJ_Reuniao-para-a-implantacao-do-SIM-em-Jaguarari-27.01.21.jpeg?resize=800%2C800\" alt=\"\" class=\"wp-image-53264\" srcset=\"https:\/\/i0.wp.com\/blogdoeloiltoncajuhy.com.br\/site\/wp-content\/uploads\/2021\/01\/PMJ_Reuniao-para-a-implantacao-do-SIM-em-Jaguarari-27.01.21.jpeg?w=1000&amp;ssl=1 1000w, https:\/\/i0.wp.com\/blogdoeloiltoncajuhy.com.br\/site\/wp-content\/uploads\/2021\/01\/PMJ_Reuniao-para-a-implantacao-do-SIM-em-Jaguarari-27.01.21.jpeg?resize=300%2C300&amp;ssl=1 300w, https:\/\/i0.wp.com\/blogdoeloiltoncajuhy.com.br\/site\/wp-content\/uploads\/2021\/01\/PMJ_Reuniao-para-a-implantacao-do-SIM-em-Jaguarari-27.01.21.jpeg?resize=150%2C150&amp;ssl=1 150w, https:\/\/i0.wp.com\/blogdoeloiltoncajuhy.com.br\/site\/wp-content\/uploads\/2021\/01\/PMJ_Reuniao-para-a-implantacao-do-SIM-em-Jaguarari-27.01.21.jpeg?resize=768%2C768&amp;ssl=1 768w\" sizes=\"(max-width: 800px) 100vw, 800px\" \/><\/figure><\/div>\n\n\n\n<p>Jaguarari deve contar em breve com a implanta\u00e7\u00e3o do Sistema de Inspe\u00e7\u00e3o Municipal (SIM). Quem conta a novidade \u00e9 o secret\u00e1rio de Agricultura, Valdemilson Vieira, que esteve reunido, nesta ter\u00e7a-feira (26), com a equipe do Cons\u00f3rcio de Desenvolvimento Sustent\u00e1vel do Territ\u00f3rio de Identidade Piemonte Norte do Itapicuru (CDS\/TIPNI) para tratar do assunto.<\/p>\n\n\n\n<p>O SIM regulamenta e promove a sa\u00fade p\u00fablica e a seguran\u00e7a alimentar e inclui o abate de animais, o pescado, o leite e os seus derivados, os ovos, a cera de abelha, o mel, hortifr\u00fati, dentre outros produtos com origem na agricultura familiar.<\/p>\n\n\n\n<p>Para Valdemilson Vieira, iniciativas como essas influenciam positivamente na empregabilidade, na capacita\u00e7\u00e3o de profissionais e no desenvolvimento econ\u00f4mico. <em>\u201cA implanta\u00e7\u00e3o e execu\u00e7\u00e3o do Servi\u00e7o de Inspe\u00e7\u00e3o Municipal, o SIM, promove a seguran\u00e7a alimentar e nutricional dos consumidores, incentiva a formaliza\u00e7\u00e3o dos estabelecimentos agroindustriais, oportuniza a gera\u00e7\u00e3o de renda dos produtores e, por consequ\u00eancia, aumenta o desenvolvimento local\u201d<\/em>.<\/p>\n\n\n\n<p>A implanta\u00e7\u00e3o do selo vai beneficiar os agricultores familiares de Jaguarari e dos demais munic\u00edpios que fazem parte do Piemonte Norte, que poder\u00e3o vender de 30 a 100 por cento da produ\u00e7\u00e3o para as prefeituras, hospitais, quart\u00e9is e institui\u00e7\u00f5es p\u00fablicas que mant\u00eam despesas com alimenta\u00e7\u00e3o.<\/p>\n\n\n\n<p><em>\u201cOs munic\u00edpios produzem, mas n\u00e3o t\u00eam certifica\u00e7\u00e3o ou inspe\u00e7\u00e3o e isso atrapalha a quest\u00e3o da comercializa\u00e7\u00e3o, pois h\u00e1 uma lei federal que exige que as escolas p\u00fablicas comprem o m\u00ednimo de 30% da merenda escolar diretamente de agricultores familiares e isso, \u00e0s vezes, n\u00e3o acontece porque essa mesma lei diz que os produtos devem ter o selo\u201d<\/em>, explica o secret\u00e1rio.<\/p>\n\n\n\n<p>O SIM Territorial \u00e9 realizado atrav\u00e9s do Cons\u00f3rcio Piemonte Norte do Itapicuru que oficializa a atua\u00e7\u00e3o em parceria com a Companhia de Desenvolvimento e A\u00e7\u00e3o Regional (CAR), empresa p\u00fablica vinculada a Secretaria de Desenvolvimento Rural (SDR), Governo do Estado da Bahia e o Fundo Internacional de Desenvolvimento Agr\u00edcola \u2014 FIDA.<\/p>\n","protected":false},"excerpt":{"rendered":"<p>Jaguarari deve contar em breve com a implanta\u00e7\u00e3o do Sistema de Inspe\u00e7\u00e3o Municipal (SIM). Quem conta a novidade \u00e9 o secret\u00e1rio de Agricultura, Valdemilson Vieira, que esteve reunido, nesta ter\u00e7a-feira (26), com a equipe do Cons\u00f3rcio de Desenvolvimento Sustent\u00e1vel do Territ\u00f3rio de Identidade Piemonte Norte do Itapicuru (CDS\/TIPNI) para tratar do assunto. O SIM regulamenta [&hellip;]<\/p>\n","protected":false},"author":2,"featured_media":53264,"comment_status":"open","ping_status":"open","sticky":false,"template":"","format":"standard","meta":{"_acf_changed":false,"_monsterinsights_skip_tracking":false,"_monsterinsights_sitenote_active":false,"_monsterinsights_sitenote_note":"","_monsterinsights_sitenote_category":0,"_jetpack_memberships_contains_paid_content":false,"footnotes":"","jetpack_publicize_message":"","jetpack_publicize_feature_enabled":true,"jetpack_social_post_already_shared":true,"jetpack_social_options":{"image_generator_settings":{"template":"highway","default_image_id":0,"font":"","enabled":false},"version":2}},"categories":[11],"tags":[],"class_list":["post-53263","post","type-post","status-publish","format-standard","has-post-thumbnail","hentry","category-regional"],"acf":[],"jetpack_publicize_connections":[],"jetpack_featured_media_url":"https:\/\/i0.wp.com\/blogdoeloiltoncajuhy.com.br\/site\/wp-content\/uploads\/2021\/01\/PMJ_Reuniao-para-a-implantacao-do-SIM-em-Jaguarari-27.01.21.jpeg?fit=1000%2C1000&ssl=1","jetpack_sharing_enabled":true,"publishpress_future_workflow_manual_trigger":{"enabledWorkflows":[]},"_links":{"self":[{"href":"https:\/\/blogdoeloiltoncajuhy.com.br\/site\/wp-json\/wp\/v2\/posts\/53263","targetHints":{"allow":["GET"]}}],"collection":[{"href":"https:\/\/blogdoeloiltoncajuhy.com.br\/site\/wp-json\/wp\/v2\/posts"}],"about":[{"href":"https:\/\/blogdoeloiltoncajuhy.com.br\/site\/wp-json\/wp\/v2\/types\/post"}],"author":[{"embeddable":true,"href":"https:\/\/blogdoeloiltoncajuhy.com.br\/site\/wp-json\/wp\/v2\/users\/2"}],"replies":[{"embeddable":true,"href":"https:\/\/blogdoeloiltoncajuhy.com.br\/site\/wp-json\/wp\/v2\/comments?post=53263"}],"version-history":[{"count":2,"href":"https:\/\/blogdoeloiltoncajuhy.com.br\/site\/wp-json\/wp\/v2\/posts\/53263\/revisions"}],"predecessor-version":[{"id":53266,"href":"https:\/\/blogdoeloiltoncajuhy.com.br\/site\/wp-json\/wp\/v2\/posts\/53263\/revisions\/53266"}],"wp:featuredmedia":[{"embeddable":true,"href":"https:\/\/blogdoeloiltoncajuhy.com.br\/site\/wp-json\/wp\/v2\/media\/53264"}],"wp:attachment":[{"href":"https:\/\/blogdoeloiltoncajuhy.com.br\/site\/wp-json\/wp\/v2\/media?parent=53263"}],"wp:term":[{"taxonomy":"category","embeddable":true,"href":"https:\/\/blogdoeloiltoncajuhy.com.br\/site\/wp-json\/wp\/v2\/categories?post=53263"},{"taxonomy":"post_tag","embeddable":true,"href":"https:\/\/blogdoeloiltoncajuhy.com.br\/site\/wp-json\/wp\/v2\/tags?post=53263"}],"curies":[{"name":"wp","href":"https:\/\/api.w.org\/{rel}","templated":true}]}}