{"id":53259,"date":"2021-01-27T08:04:35","date_gmt":"2021-01-27T11:04:35","guid":{"rendered":"http:\/\/blogdoeloiltoncajuhy.com.br\/site\/?p=53259"},"modified":"2021-01-27T08:04:36","modified_gmt":"2021-01-27T11:04:36","slug":"aplb-ve-com-cautela-possibilidade-de-retomada-das-aulas-presenciais-na-bahia","status":"publish","type":"post","link":"https:\/\/blogdoeloiltoncajuhy.com.br\/site\/aplb-ve-com-cautela-possibilidade-de-retomada-das-aulas-presenciais-na-bahia\/","title":{"rendered":"APLB v\u00ea com cautela possibilidade de retomada das aulas presenciais na Bahia"},"content":{"rendered":"\n<div class=\"wp-block-image\"><figure class=\"aligncenter size-large\"><img data-recalc-dims=\"1\" fetchpriority=\"high\" decoding=\"async\" width=\"600\" height=\"412\" src=\"https:\/\/i0.wp.com\/blogdoeloiltoncajuhy.com.br\/site\/wp-content\/uploads\/2020\/07\/sala-de-aula.jpg?resize=600%2C412\" alt=\"\" class=\"wp-image-47212\" srcset=\"https:\/\/i0.wp.com\/blogdoeloiltoncajuhy.com.br\/site\/wp-content\/uploads\/2020\/07\/sala-de-aula.jpg?w=600&amp;ssl=1 600w, https:\/\/i0.wp.com\/blogdoeloiltoncajuhy.com.br\/site\/wp-content\/uploads\/2020\/07\/sala-de-aula.jpg?resize=300%2C206&amp;ssl=1 300w\" sizes=\"(max-width: 600px) 100vw, 600px\" \/><\/figure><\/div>\n\n\n\n<p>A proximidade do que seria o per\u00edodo tradicional de retomada das atividades escolares tem acirrado os \u00e2nimos em torno da discuss\u00e3o e dividido a opini\u00e3o p\u00fablica. Para o Sindicato dos Trabalhadores em Educa\u00e7\u00e3o do Estado da Bahia (APLB), a defesa das vidas \u00e9 a condi\u00e7\u00e3o essencial.<\/p>\n\n\n\n<p><em>&#8220;Nosso lema \u00e9 a defesa da vida. A vida n\u00e3o se recupera. Estamos vendo um aumento muito grande de mortes por Covid-19 no mundo todo. Estamos na segunda onda. \u00c9 uma trag\u00e9dia&#8221;<\/em>, avalia Rui Oliveira, coordenador-geral da entidade representativa. Ele reafirma ainda que tem participado de reuni\u00f5es com o governo do Estado e com a prefeitura de Salvador na perspectiva de avaliar o processo e as possibilidades de um eventual retorno.<\/p>\n\n\n\n<p>Desde o in\u00edcio da pandemia, o Estado da Bahia e a prefeitura de Salvador t\u00eam adotado decis\u00f5es convergentes no que tange \u00e0 manuten\u00e7\u00e3o da suspens\u00e3o das atividades letivas presenciais.<\/p>\n\n\n\n<p>Nesta segunda-feira (25), o prefeito da capital baiana, Bruno Reis (DEM), afirmou que a expectativa da prefeitura \u00e9 de que as aulas presenciais sejam retomadas em 1\u00ba de mar\u00e7o, mas a decis\u00e3o ainda exige conversas. <em>\u201cN\u00e3o queremos comprometer um segundo ano letivo. Se n\u00e3o voltar em mar\u00e7o come\u00e7a a comprometer&#8221;<\/em>, alerta Reis (reveja).<\/p>\n\n\n\n<p>Para Oliveira, a defesa da vida est\u00e1 diretamente associada \u00e0 vacina. Segundo ele, o retorno s\u00f3 pode trazer seguran\u00e7a ap\u00f3s a vacina\u00e7\u00e3o da classe. H\u00e1 algumas semanas, a Secretaria Estadual de Educa\u00e7\u00e3o manifestou o pleito de que os professores sejam inclu\u00eddos nos grupos priorit\u00e1rios para da vacina\u00e7\u00e3o.<\/p>\n\n\n\n<p>Em maio de 2020, o Conselho Estadual de Educa\u00e7\u00e3o da Bahia aprovou a Resolu\u00e7\u00e3o N\u00ba 37, em que prev\u00ea normas complementares e possibilidades pedag\u00f3gicas em casos de retomada das atividades. <em>\u201cTorna-se vi\u00e1vel novos padr\u00f5es alternativos para ordenamento de aulas e turmas, considerando a possibilidade de sua reconfigura\u00e7\u00e3o por per\u00edodos, ciclos, grupos n\u00e3o-seriados, rod\u00edzios por oficina de estudos planejados para finalidades espec\u00edficas para aprendizagens, dentre outros padr\u00f5es\u201d<\/em>, diz o documento.<\/p>\n\n\n\n<p>Acrescenta ainda que <em>\u201co retorno \u00e0s atividades presenciais devem se pautar, de forma rigorosa, nas observa\u00e7\u00f5es, indica\u00e7\u00f5es e nas normas p\u00fablicas explicitadas pelas autoridades sanit\u00e1rias, na institui\u00e7\u00e3o do protocolo de procedimentos\u201d<\/em>.<\/p>\n","protected":false},"excerpt":{"rendered":"<p>A proximidade do que seria o per\u00edodo tradicional de retomada das atividades escolares tem acirrado os \u00e2nimos em torno da discuss\u00e3o e dividido a opini\u00e3o p\u00fablica. Para o Sindicato dos Trabalhadores em Educa\u00e7\u00e3o do Estado da Bahia (APLB), a defesa das vidas \u00e9 a condi\u00e7\u00e3o essencial. &#8220;Nosso lema \u00e9 a defesa da vida. A vida [&hellip;]<\/p>\n","protected":false},"author":2,"featured_media":47212,"comment_status":"open","ping_status":"open","sticky":false,"template":"","format":"standard","meta":{"_acf_changed":false,"_monsterinsights_skip_tracking":false,"_monsterinsights_sitenote_active":false,"_monsterinsights_sitenote_note":"","_monsterinsights_sitenote_category":0,"_jetpack_memberships_contains_paid_content":false,"footnotes":"","jetpack_publicize_message":"","jetpack_publicize_feature_enabled":true,"jetpack_social_post_already_shared":true,"jetpack_social_options":{"image_generator_settings":{"template":"highway","default_image_id":0,"font":"","enabled":false},"version":2}},"categories":[14],"tags":[],"class_list":["post-53259","post","type-post","status-publish","format-standard","has-post-thumbnail","hentry","category-educacao"],"acf":[],"jetpack_publicize_connections":[],"jetpack_featured_media_url":"https:\/\/i0.wp.com\/blogdoeloiltoncajuhy.com.br\/site\/wp-content\/uploads\/2020\/07\/sala-de-aula.jpg?fit=600%2C412&ssl=1","jetpack_sharing_enabled":true,"publishpress_future_workflow_manual_trigger":{"enabledWorkflows":[]},"_links":{"self":[{"href":"https:\/\/blogdoeloiltoncajuhy.com.br\/site\/wp-json\/wp\/v2\/posts\/53259","targetHints":{"allow":["GET"]}}],"collection":[{"href":"https:\/\/blogdoeloiltoncajuhy.com.br\/site\/wp-json\/wp\/v2\/posts"}],"about":[{"href":"https:\/\/blogdoeloiltoncajuhy.com.br\/site\/wp-json\/wp\/v2\/types\/post"}],"author":[{"embeddable":true,"href":"https:\/\/blogdoeloiltoncajuhy.com.br\/site\/wp-json\/wp\/v2\/users\/2"}],"replies":[{"embeddable":true,"href":"https:\/\/blogdoeloiltoncajuhy.com.br\/site\/wp-json\/wp\/v2\/comments?post=53259"}],"version-history":[{"count":2,"href":"https:\/\/blogdoeloiltoncajuhy.com.br\/site\/wp-json\/wp\/v2\/posts\/53259\/revisions"}],"predecessor-version":[{"id":53261,"href":"https:\/\/blogdoeloiltoncajuhy.com.br\/site\/wp-json\/wp\/v2\/posts\/53259\/revisions\/53261"}],"wp:featuredmedia":[{"embeddable":true,"href":"https:\/\/blogdoeloiltoncajuhy.com.br\/site\/wp-json\/wp\/v2\/media\/47212"}],"wp:attachment":[{"href":"https:\/\/blogdoeloiltoncajuhy.com.br\/site\/wp-json\/wp\/v2\/media?parent=53259"}],"wp:term":[{"taxonomy":"category","embeddable":true,"href":"https:\/\/blogdoeloiltoncajuhy.com.br\/site\/wp-json\/wp\/v2\/categories?post=53259"},{"taxonomy":"post_tag","embeddable":true,"href":"https:\/\/blogdoeloiltoncajuhy.com.br\/site\/wp-json\/wp\/v2\/tags?post=53259"}],"curies":[{"name":"wp","href":"https:\/\/api.w.org\/{rel}","templated":true}]}}