{"id":53217,"date":"2021-01-25T18:52:30","date_gmt":"2021-01-25T21:52:30","guid":{"rendered":"http:\/\/blogdoeloiltoncajuhy.com.br\/site\/?p=53217"},"modified":"2021-01-25T18:52:31","modified_gmt":"2021-01-25T21:52:31","slug":"agentes-de-endemias-de-senhor-do-bonfim-recebem-a-primeira-dose-da-vacina-contra-a-covid-19","status":"publish","type":"post","link":"https:\/\/blogdoeloiltoncajuhy.com.br\/site\/agentes-de-endemias-de-senhor-do-bonfim-recebem-a-primeira-dose-da-vacina-contra-a-covid-19\/","title":{"rendered":"Agentes de Endemias de Senhor do Bonfim recebem a primeira dose da vacina contra a Covid-19"},"content":{"rendered":"\n<div class=\"wp-block-image\"><figure class=\"aligncenter size-large is-resized\"><img data-recalc-dims=\"1\" fetchpriority=\"high\" decoding=\"async\" src=\"https:\/\/i0.wp.com\/blogdoeloiltoncajuhy.com.br\/site\/wp-content\/uploads\/2021\/01\/VacinaAgentesEndemias_01.jpeg?resize=433%2C768\" alt=\"\" class=\"wp-image-53218\" width=\"433\" height=\"768\" srcset=\"https:\/\/i0.wp.com\/blogdoeloiltoncajuhy.com.br\/site\/wp-content\/uploads\/2021\/01\/VacinaAgentesEndemias_01.jpeg?resize=577%2C1024&amp;ssl=1 577w, https:\/\/i0.wp.com\/blogdoeloiltoncajuhy.com.br\/site\/wp-content\/uploads\/2021\/01\/VacinaAgentesEndemias_01.jpeg?resize=169%2C300&amp;ssl=1 169w, https:\/\/i0.wp.com\/blogdoeloiltoncajuhy.com.br\/site\/wp-content\/uploads\/2021\/01\/VacinaAgentesEndemias_01.jpeg?w=667&amp;ssl=1 667w\" sizes=\"(max-width: 433px) 100vw, 433px\" \/><\/figure><\/div>\n\n\n\n<p>Uma dose de esperan\u00e7a. \u00c9 o que representa a vacina contra a Covid-19 para todos aqueles que est\u00e3o na linha de frente no combate \u00e0 pandemia. Nesta segunda-feira (25), foi a vez dos Agentes de Combate \u00e0s Endemias de Senhor do Bonfim receberem a substancia produzida pelo Instituto Butantan em parceria com a farmac\u00eautica chinesa Sinovac.<\/p>\n\n\n\n<p>Embora a meta para a primeira fase da campanha de vacina\u00e7\u00e3o contra a Covid-19 inclua a imuniza\u00e7\u00e3o de todos os profissionais da sa\u00fade, em primeiro momento, apenas uma parcela deste grupo receber\u00e1 as aplica\u00e7\u00f5es.<\/p>\n\n\n\n<p>A prioridade vai para os trabalhadores que atuam na linha de frente no combate \u00e0 pandemia, uma vez que a quantidade de doses rec\u00e9m-chegadas n\u00e3o s\u00e3o suficientes para abranger a todos.<\/p>\n\n\n\n<p>Cinquenta e seis Agentes de Endemias que trabalham diariamente em visitas domiciliares no combate as doen\u00e7as transmitidas por vetores foram vacinados pelas Enfermeira Luciana Souza que foi auxiliada pelas enfermeiras Lizze Jambeiro e Ana Cl\u00e1udia.<\/p>\n\n\n\n<p><em>&#8220;A vacina \u00e9 a esperan\u00e7a de que tudo volte logo a normalidade. Estamos muito felizes e gratos por viver esse momento que deve tamb\u00e9m ser de reflex\u00e3o. Estamos a nos questionar: Quantas vidas foram perdidas por aqueles que n\u00e3o tiveram a mesma oportunidade? Podemos afirmar que somos privilegiados por termos sobrevivido e por estarmos recebendo neste momento a vacina. Muito emocionado e grato&#8221;<\/em>, comenta Marlon Reis, Presidente da Associa\u00e7\u00e3o dos Agentes de Combate \u00e0s Endemias em Senhor do Bonfim.<\/p>\n\n\n\n<div class=\"wp-block-image\"><figure class=\"aligncenter size-large is-resized\"><img data-recalc-dims=\"1\" decoding=\"async\" src=\"https:\/\/i0.wp.com\/blogdoeloiltoncajuhy.com.br\/site\/wp-content\/uploads\/2021\/01\/VacinaAgentesEndemias_02.jpeg?resize=432%2C768\" alt=\"\" class=\"wp-image-53219\" width=\"432\" height=\"768\" srcset=\"https:\/\/i0.wp.com\/blogdoeloiltoncajuhy.com.br\/site\/wp-content\/uploads\/2021\/01\/VacinaAgentesEndemias_02.jpeg?resize=576%2C1024&amp;ssl=1 576w, https:\/\/i0.wp.com\/blogdoeloiltoncajuhy.com.br\/site\/wp-content\/uploads\/2021\/01\/VacinaAgentesEndemias_02.jpeg?resize=169%2C300&amp;ssl=1 169w, https:\/\/i0.wp.com\/blogdoeloiltoncajuhy.com.br\/site\/wp-content\/uploads\/2021\/01\/VacinaAgentesEndemias_02.jpeg?w=668&amp;ssl=1 668w\" sizes=\"(max-width: 432px) 100vw, 432px\" \/><\/figure><\/div>\n","protected":false},"excerpt":{"rendered":"<p>Uma dose de esperan\u00e7a. \u00c9 o que representa a vacina contra a Covid-19 para todos aqueles que est\u00e3o na linha de frente no combate \u00e0 pandemia. Nesta segunda-feira (25), foi a vez dos Agentes de Combate \u00e0s Endemias de Senhor do Bonfim receberem a substancia produzida pelo Instituto Butantan em parceria com a farmac\u00eautica chinesa [&hellip;]<\/p>\n","protected":false},"author":2,"featured_media":53218,"comment_status":"open","ping_status":"open","sticky":false,"template":"","format":"standard","meta":{"_acf_changed":false,"_monsterinsights_skip_tracking":false,"_monsterinsights_sitenote_active":false,"_monsterinsights_sitenote_note":"","_monsterinsights_sitenote_category":0,"_jetpack_memberships_contains_paid_content":false,"footnotes":"","jetpack_publicize_message":"","jetpack_publicize_feature_enabled":true,"jetpack_social_post_already_shared":true,"jetpack_social_options":{"image_generator_settings":{"template":"highway","default_image_id":0,"font":"","enabled":false},"version":2}},"categories":[4],"tags":[],"class_list":["post-53217","post","type-post","status-publish","format-standard","has-post-thumbnail","hentry","category-local"],"acf":[],"jetpack_publicize_connections":[],"jetpack_featured_media_url":"https:\/\/i0.wp.com\/blogdoeloiltoncajuhy.com.br\/site\/wp-content\/uploads\/2021\/01\/VacinaAgentesEndemias_01.jpeg?fit=667%2C1184&ssl=1","jetpack_sharing_enabled":true,"publishpress_future_workflow_manual_trigger":{"enabledWorkflows":[]},"_links":{"self":[{"href":"https:\/\/blogdoeloiltoncajuhy.com.br\/site\/wp-json\/wp\/v2\/posts\/53217","targetHints":{"allow":["GET"]}}],"collection":[{"href":"https:\/\/blogdoeloiltoncajuhy.com.br\/site\/wp-json\/wp\/v2\/posts"}],"about":[{"href":"https:\/\/blogdoeloiltoncajuhy.com.br\/site\/wp-json\/wp\/v2\/types\/post"}],"author":[{"embeddable":true,"href":"https:\/\/blogdoeloiltoncajuhy.com.br\/site\/wp-json\/wp\/v2\/users\/2"}],"replies":[{"embeddable":true,"href":"https:\/\/blogdoeloiltoncajuhy.com.br\/site\/wp-json\/wp\/v2\/comments?post=53217"}],"version-history":[{"count":1,"href":"https:\/\/blogdoeloiltoncajuhy.com.br\/site\/wp-json\/wp\/v2\/posts\/53217\/revisions"}],"predecessor-version":[{"id":53220,"href":"https:\/\/blogdoeloiltoncajuhy.com.br\/site\/wp-json\/wp\/v2\/posts\/53217\/revisions\/53220"}],"wp:featuredmedia":[{"embeddable":true,"href":"https:\/\/blogdoeloiltoncajuhy.com.br\/site\/wp-json\/wp\/v2\/media\/53218"}],"wp:attachment":[{"href":"https:\/\/blogdoeloiltoncajuhy.com.br\/site\/wp-json\/wp\/v2\/media?parent=53217"}],"wp:term":[{"taxonomy":"category","embeddable":true,"href":"https:\/\/blogdoeloiltoncajuhy.com.br\/site\/wp-json\/wp\/v2\/categories?post=53217"},{"taxonomy":"post_tag","embeddable":true,"href":"https:\/\/blogdoeloiltoncajuhy.com.br\/site\/wp-json\/wp\/v2\/tags?post=53217"}],"curies":[{"name":"wp","href":"https:\/\/api.w.org\/{rel}","templated":true}]}}