{"id":53207,"date":"2021-01-25T18:27:01","date_gmt":"2021-01-25T21:27:01","guid":{"rendered":"http:\/\/blogdoeloiltoncajuhy.com.br\/site\/?p=53207"},"modified":"2021-01-25T18:27:02","modified_gmt":"2021-01-25T21:27:02","slug":"faustao-deixa-tv-globo-em-dezembro-confirma-a-emissora","status":"publish","type":"post","link":"https:\/\/blogdoeloiltoncajuhy.com.br\/site\/faustao-deixa-tv-globo-em-dezembro-confirma-a-emissora\/","title":{"rendered":"Faust\u00e3o deixa TV Globo em dezembro, confirma a emissora"},"content":{"rendered":"\n<h5 class=\"has-text-align-center wp-block-heading\"><em>Apresentador do &#8216;Doming\u00e3o&#8217; n\u00e3o vai renovar contrato ap\u00f3s 32 anos no ar<\/em><\/h5>\n\n\n\n<div class=\"wp-block-image\"><figure class=\"aligncenter size-large is-resized\"><img data-recalc-dims=\"1\" fetchpriority=\"high\" decoding=\"async\" src=\"https:\/\/i0.wp.com\/blogdoeloiltoncajuhy.com.br\/site\/wp-content\/uploads\/2021\/01\/Faustao_01.jpg?resize=768%2C461\" alt=\"\" class=\"wp-image-53208\" width=\"768\" height=\"461\" srcset=\"https:\/\/i0.wp.com\/blogdoeloiltoncajuhy.com.br\/site\/wp-content\/uploads\/2021\/01\/Faustao_01.jpg?resize=1024%2C615&amp;ssl=1 1024w, https:\/\/i0.wp.com\/blogdoeloiltoncajuhy.com.br\/site\/wp-content\/uploads\/2021\/01\/Faustao_01.jpg?resize=300%2C180&amp;ssl=1 300w, https:\/\/i0.wp.com\/blogdoeloiltoncajuhy.com.br\/site\/wp-content\/uploads\/2021\/01\/Faustao_01.jpg?resize=768%2C461&amp;ssl=1 768w, https:\/\/i0.wp.com\/blogdoeloiltoncajuhy.com.br\/site\/wp-content\/uploads\/2021\/01\/Faustao_01.jpg?w=1086&amp;ssl=1 1086w\" sizes=\"(max-width: 768px) 100vw, 768px\" \/><figcaption><em>Fausto Silva, no Melhores do Ano de 2018 &#8211; Foto: Globo\/Selmy Yassuda<\/em><\/figcaption><\/figure><\/div>\n\n\n\n<p>O apresentador Fausto Silva, o Faust\u00e3o, se despedir\u00e1 do &#8220;Doming\u00e3o do Faust\u00e3o&#8221; em dezembro em 2021. A TV Globo confirmou na tarde desta segunda-feira (25), em nota, que o apresentador n\u00e3o vai renovar o contrato. A informa\u00e7\u00e3o foi antecipada pelo blog do Lauro Jardim, do GLOBO. No pr\u00f3ximo m\u00eas de mar\u00e7o, o programa completa 32 anos no ar.<\/p>\n\n\n\n<p><em>\u2014 Gostaria de deixar aqui registrada a minha gratid\u00e3o \u00e0 Globo, onde aprendi muito e com a qual tive a honra de viver nos \u00faltimos 32 anos uma parceria de respeito e sucesso. Repito aqui o que sempre disse no ar: a Globo \u00e9 uma empresa quase perfeita!<\/em> \u2013 declarou Fausto Silva, com bom humor.<\/p>\n\n\n\n<p>O &#8220;Doming\u00e3o do Faust\u00e3o&#8221; estreou na Globo em 26 de mar\u00e7o de 1989. Inicialmente, a atra\u00e7\u00e3o era realizada no Teatro F\u00eanix, no Rio, e depois migrou para os Est\u00fadios Globo em meados da d\u00e9cada de 1990. Desde 2015, o programa passou a ser feito em S\u00e3o Paulo.<\/p>\n\n\n\n<p>Dentre os quadros mais famosos da hist\u00f3ria do programa, est\u00e1 o &#8220;Arquivo Confidencial&#8221;, &#8220;Videocassetadas&#8221;, &#8220;Olimp\u00edadas do Faust\u00e3o&#8221; (de 1986 a 1998) e &#8220;Dan\u00e7a dos Famosos&#8221; (com edi\u00e7\u00f5es ainda anuais).<\/p>\n\n\n\n<p>O &#8220;Doming\u00e3o&#8221; tamb\u00e9m teve alguns famosos concursos, como o da escolha de novos talentos para a novela &#8220;Top Model&#8221;, em 1989, que revelou Adriana Esteves, Gabriela Duarte e Flavia Alessandra para a TV, e da &#8220;Nova Loura do Tchan&#8221;, que escolheu Sheila Mello para substituir Carla Perez no grupo de ax\u00e9, em 1998.<\/p>\n\n\n\n<p>Antes de ingressar na TV Globo, Faust\u00e3o, de 70 anos, fez sucesso apresentando o &#8220;Perdidos na noite&#8221;, exibido pela Bandeirantes, de 1985 a 1988.<\/p>\n\n\n\n<div class=\"wp-block-image\"><figure class=\"aligncenter size-large is-resized\"><img data-recalc-dims=\"1\" decoding=\"async\" src=\"https:\/\/i0.wp.com\/blogdoeloiltoncajuhy.com.br\/site\/wp-content\/uploads\/2021\/01\/Faustao_02.jpg?resize=768%2C461\" alt=\"\" class=\"wp-image-53209\" width=\"768\" height=\"461\" srcset=\"https:\/\/i0.wp.com\/blogdoeloiltoncajuhy.com.br\/site\/wp-content\/uploads\/2021\/01\/Faustao_02.jpg?resize=1024%2C615&amp;ssl=1 1024w, https:\/\/i0.wp.com\/blogdoeloiltoncajuhy.com.br\/site\/wp-content\/uploads\/2021\/01\/Faustao_02.jpg?resize=300%2C180&amp;ssl=1 300w, https:\/\/i0.wp.com\/blogdoeloiltoncajuhy.com.br\/site\/wp-content\/uploads\/2021\/01\/Faustao_02.jpg?resize=768%2C461&amp;ssl=1 768w, https:\/\/i0.wp.com\/blogdoeloiltoncajuhy.com.br\/site\/wp-content\/uploads\/2021\/01\/Faustao_02.jpg?w=1086&amp;ssl=1 1086w\" sizes=\"(max-width: 768px) 100vw, 768px\" \/><figcaption><em>Fausto Silva em 1990. Antes de chegar \u00e0 televis\u00e3o, apresentador passou pela imprensa escrita e pelas r\u00e1dios Jovem Pan, Globo e Excelsior. Em 1989, foi convidado pela Globo para comandar o \u201cDoming\u00e3o do Faust\u00e3o\u201d, onde est\u00e1 at\u00e9 hoje &#8211; Foto: Leonardo Aversa \/ Ag\u00eancia O Globo<\/em><\/figcaption><\/figure><\/div>\n\n\n\n<p class=\"has-black-color has-text-color has-medium-font-size\"><strong>Leia na \u00edntegra a nota enviada pela comunica\u00e7\u00e3o da TV Globo:<\/strong><\/p>\n\n\n\n<p><em>&#8220;Nestes mais de 30 anos de parceria, a TV Globo e o apresentador Fausto Silva sempre conversaram sobre novas oportunidades e inova\u00e7\u00f5es. Foi assim tamb\u00e9m nas \u00faltimas semanas, quando teve in\u00edcio o \u00faltimo ano do atual contrato.<\/em><\/p>\n\n\n\n<p><em>Mas, diante da decis\u00e3o do apresentador de encerrar sua jornada \u00e0 frente de programas semanais, s\u00f3 cabe \u00e0 TV Globo respeitar e aplaudir a hist\u00f3ria que ele construiu.<\/em><\/p>\n\n\n\n<p><em>Fausto Silva \u00e9 um dos maiores comunicadores da televis\u00e3o brasileira e a Globo tem enorme orgulho dos 32 anos de parceria com ele no Doming\u00e3o do Faust\u00e3o.<\/em><\/p>\n\n\n\n<p><em>Para honrar esta hist\u00f3ria de sucesso, a Globo est\u00e1 determinada a fazer em 2021 a melhor temporada de todos os tempos do programa, com edi\u00e7\u00f5es sensacionais do Dan\u00e7a dos Famosos e do Show dos Famosos.<\/em><\/p>\n\n\n\n<p><em>Ao longo dos pr\u00f3ximos meses, a empresa vai reunir a sua comunidade criativa para definir qual dos projetos em discuss\u00e3o para o domingo \u00e9 o mais adequado aos desafios de 2022 e a seu compromisso permanente com a inova\u00e7\u00e3o.<\/em><\/p>\n","protected":false},"excerpt":{"rendered":"<p>Apresentador do &#8216;Doming\u00e3o&#8217; n\u00e3o vai renovar contrato ap\u00f3s 32 anos no ar O apresentador Fausto Silva, o Faust\u00e3o, se despedir\u00e1 do &#8220;Doming\u00e3o do Faust\u00e3o&#8221; em dezembro em 2021. A TV Globo confirmou na tarde desta segunda-feira (25), em nota, que o apresentador n\u00e3o vai renovar o contrato. A informa\u00e7\u00e3o foi antecipada pelo blog do Lauro [&hellip;]<\/p>\n","protected":false},"author":2,"featured_media":53209,"comment_status":"open","ping_status":"open","sticky":false,"template":"","format":"standard","meta":{"_acf_changed":false,"_monsterinsights_skip_tracking":false,"_monsterinsights_sitenote_active":false,"_monsterinsights_sitenote_note":"","_monsterinsights_sitenote_category":0,"_jetpack_memberships_contains_paid_content":false,"footnotes":"","jetpack_publicize_message":"","jetpack_publicize_feature_enabled":true,"jetpack_social_post_already_shared":true,"jetpack_social_options":{"image_generator_settings":{"template":"highway","default_image_id":0,"font":"","enabled":false},"version":2}},"categories":[8],"tags":[],"class_list":["post-53207","post","type-post","status-publish","format-standard","has-post-thumbnail","hentry","category-cultura"],"acf":[],"jetpack_publicize_connections":[],"jetpack_featured_media_url":"https:\/\/i0.wp.com\/blogdoeloiltoncajuhy.com.br\/site\/wp-content\/uploads\/2021\/01\/Faustao_02.jpg?fit=1086%2C652&ssl=1","jetpack_sharing_enabled":true,"publishpress_future_workflow_manual_trigger":{"enabledWorkflows":[]},"_links":{"self":[{"href":"https:\/\/blogdoeloiltoncajuhy.com.br\/site\/wp-json\/wp\/v2\/posts\/53207","targetHints":{"allow":["GET"]}}],"collection":[{"href":"https:\/\/blogdoeloiltoncajuhy.com.br\/site\/wp-json\/wp\/v2\/posts"}],"about":[{"href":"https:\/\/blogdoeloiltoncajuhy.com.br\/site\/wp-json\/wp\/v2\/types\/post"}],"author":[{"embeddable":true,"href":"https:\/\/blogdoeloiltoncajuhy.com.br\/site\/wp-json\/wp\/v2\/users\/2"}],"replies":[{"embeddable":true,"href":"https:\/\/blogdoeloiltoncajuhy.com.br\/site\/wp-json\/wp\/v2\/comments?post=53207"}],"version-history":[{"count":2,"href":"https:\/\/blogdoeloiltoncajuhy.com.br\/site\/wp-json\/wp\/v2\/posts\/53207\/revisions"}],"predecessor-version":[{"id":53211,"href":"https:\/\/blogdoeloiltoncajuhy.com.br\/site\/wp-json\/wp\/v2\/posts\/53207\/revisions\/53211"}],"wp:featuredmedia":[{"embeddable":true,"href":"https:\/\/blogdoeloiltoncajuhy.com.br\/site\/wp-json\/wp\/v2\/media\/53209"}],"wp:attachment":[{"href":"https:\/\/blogdoeloiltoncajuhy.com.br\/site\/wp-json\/wp\/v2\/media?parent=53207"}],"wp:term":[{"taxonomy":"category","embeddable":true,"href":"https:\/\/blogdoeloiltoncajuhy.com.br\/site\/wp-json\/wp\/v2\/categories?post=53207"},{"taxonomy":"post_tag","embeddable":true,"href":"https:\/\/blogdoeloiltoncajuhy.com.br\/site\/wp-json\/wp\/v2\/tags?post=53207"}],"curies":[{"name":"wp","href":"https:\/\/api.w.org\/{rel}","templated":true}]}}