{"id":53172,"date":"2021-01-23T23:23:39","date_gmt":"2021-01-24T02:23:39","guid":{"rendered":"http:\/\/blogdoeloiltoncajuhy.com.br\/site\/?p=53172"},"modified":"2021-01-23T23:23:40","modified_gmt":"2021-01-24T02:23:40","slug":"justica-da-72-horas-para-planalto-explicar-acusacoes-de-bolsonaro-sobre-suposta-fraude-eleitoral","status":"publish","type":"post","link":"https:\/\/blogdoeloiltoncajuhy.com.br\/site\/justica-da-72-horas-para-planalto-explicar-acusacoes-de-bolsonaro-sobre-suposta-fraude-eleitoral\/","title":{"rendered":"Justi\u00e7a d\u00e1 72 horas para Planalto explicar acusa\u00e7\u00f5es de Bolsonaro sobre suposta fraude eleitoral"},"content":{"rendered":"\n<div class=\"wp-block-image\"><figure class=\"aligncenter size-large\"><img data-recalc-dims=\"1\" fetchpriority=\"high\" decoding=\"async\" width=\"800\" height=\"534\" src=\"https:\/\/i0.wp.com\/blogdoeloiltoncajuhy.com.br\/site\/wp-content\/uploads\/2019\/05\/bolsonaro__5__221.jpg?resize=800%2C534\" alt=\"\" class=\"wp-image-33965\" srcset=\"https:\/\/i0.wp.com\/blogdoeloiltoncajuhy.com.br\/site\/wp-content\/uploads\/2019\/05\/bolsonaro__5__221.jpg?resize=1024%2C683&amp;ssl=1 1024w, https:\/\/i0.wp.com\/blogdoeloiltoncajuhy.com.br\/site\/wp-content\/uploads\/2019\/05\/bolsonaro__5__221.jpg?resize=300%2C200&amp;ssl=1 300w, https:\/\/i0.wp.com\/blogdoeloiltoncajuhy.com.br\/site\/wp-content\/uploads\/2019\/05\/bolsonaro__5__221.jpg?resize=768%2C512&amp;ssl=1 768w, https:\/\/i0.wp.com\/blogdoeloiltoncajuhy.com.br\/site\/wp-content\/uploads\/2019\/05\/bolsonaro__5__221.jpg?resize=250%2C167&amp;ssl=1 250w, https:\/\/i0.wp.com\/blogdoeloiltoncajuhy.com.br\/site\/wp-content\/uploads\/2019\/05\/bolsonaro__5__221.jpg?w=1140&amp;ssl=1 1140w\" sizes=\"(max-width: 800px) 100vw, 800px\" \/><\/figure><\/div>\n\n\n\n<p>A Justi\u00e7a Federal de S\u00e3o Paulo deu 72 horas para que o Pal\u00e1cio do Planalto explique as supostas fraudes na elei\u00e7\u00e3o de 2018 alegadas por Jair Bolsonaro.<\/p>\n\n\n\n<p>A decis\u00e3o foi assinada nesta quinta-feira (21) pela ju\u00edza Ana Lucia Petri Betto, em uma a\u00e7\u00e3o movida pelo Livres, movimento de renova\u00e7\u00e3o pol\u00edtica de dissidentes do PSL.<\/p>\n\n\n\n<p><em>&#8220;Como h\u00e1 muito tempo Jair Bolsonaro faz tais declara\u00e7\u00f5es e n\u00e3o apresenta prova alguma, apenas por meio do Poder Judici\u00e1rio \u00e9 que se pode responder duas perguntas advindas da referida afirma\u00e7\u00e3o: Houve fraude eleitoral em 2018? Onde est\u00e3o as provas?&#8221;<\/em>, afirmou o movimento \u00e0 Justi\u00e7a.<\/p>\n\n\n\n<p><em>&#8220;Creio que o presidente ter\u00e1 a oportunidade perfeita de mostrar \u00e0 na\u00e7\u00e3o aquilo que ele diz ter&#8221;<\/em>, disse Irapu\u00e3 Santana, autor da a\u00e7\u00e3o.<\/p>\n\n\n\n<p>Em sua extensa cole\u00e7\u00e3o de alega\u00e7\u00f5es sem prova alguma, Jair Bolsonaro disse o seguinte em mar\u00e7o de 2020:<\/p>\n\n\n\n<p><em>&#8220;Eu acredito que, pelas provas que tenho em minhas m\u00e3os, que vou mostrar brevemente, eu tinha sido, eu fui eleito no primeiro turno, mas no meu entender teve fraude. E n\u00f3s temos n\u00e3o apenas palavra, n\u00f3s temos comprovado, brevemente eu quero mostrar&#8221;<\/em>, disse o presidente em 9 de mar\u00e7o.<\/p>\n\n\n\n<p>Poucos dias depois, a Secretaria de Assuntos Jur\u00eddicos do Pal\u00e1cio do Planalto negou possuir qualquer documento sobre as supostas fraudes.<\/p>\n\n\n\n<p>Em 7 de janeiro deste ano, no dia seguinte \u00e0 invas\u00e3o do Congresso americano por extremistas estimulados por Donald Trump, Bolsonaro voltou a colocar em xeque o sistema eleitoral:<\/p>\n\n\n\n<p><em>&#8220;Se n\u00f3s n\u00e3o tivermos o voto impresso em 2022, vamos ter problema pior que os Estados Unidos&#8221;<\/em>.<\/p>\n","protected":false},"excerpt":{"rendered":"<p>A Justi\u00e7a Federal de S\u00e3o Paulo deu 72 horas para que o Pal\u00e1cio do Planalto explique as supostas fraudes na elei\u00e7\u00e3o de 2018 alegadas por Jair Bolsonaro. A decis\u00e3o foi assinada nesta quinta-feira (21) pela ju\u00edza Ana Lucia Petri Betto, em uma a\u00e7\u00e3o movida pelo Livres, movimento de renova\u00e7\u00e3o pol\u00edtica de dissidentes do PSL. &#8220;Como [&hellip;]<\/p>\n","protected":false},"author":2,"featured_media":30362,"comment_status":"open","ping_status":"open","sticky":false,"template":"","format":"standard","meta":{"_acf_changed":false,"_monsterinsights_skip_tracking":false,"_monsterinsights_sitenote_active":false,"_monsterinsights_sitenote_note":"","_monsterinsights_sitenote_category":0,"_jetpack_memberships_contains_paid_content":false,"footnotes":"","jetpack_publicize_message":"","jetpack_publicize_feature_enabled":true,"jetpack_social_post_already_shared":true,"jetpack_social_options":{"image_generator_settings":{"template":"highway","default_image_id":0,"font":"","enabled":false},"version":2}},"categories":[3],"tags":[],"class_list":["post-53172","post","type-post","status-publish","format-standard","has-post-thumbnail","hentry","category-politica"],"acf":[],"jetpack_publicize_connections":[],"jetpack_featured_media_url":"https:\/\/i0.wp.com\/blogdoeloiltoncajuhy.com.br\/site\/wp-content\/uploads\/2018\/12\/jair-bolsonaro-20181205-001.jpg?fit=1500%2C1000&ssl=1","jetpack_sharing_enabled":true,"publishpress_future_workflow_manual_trigger":{"enabledWorkflows":[]},"_links":{"self":[{"href":"https:\/\/blogdoeloiltoncajuhy.com.br\/site\/wp-json\/wp\/v2\/posts\/53172","targetHints":{"allow":["GET"]}}],"collection":[{"href":"https:\/\/blogdoeloiltoncajuhy.com.br\/site\/wp-json\/wp\/v2\/posts"}],"about":[{"href":"https:\/\/blogdoeloiltoncajuhy.com.br\/site\/wp-json\/wp\/v2\/types\/post"}],"author":[{"embeddable":true,"href":"https:\/\/blogdoeloiltoncajuhy.com.br\/site\/wp-json\/wp\/v2\/users\/2"}],"replies":[{"embeddable":true,"href":"https:\/\/blogdoeloiltoncajuhy.com.br\/site\/wp-json\/wp\/v2\/comments?post=53172"}],"version-history":[{"count":2,"href":"https:\/\/blogdoeloiltoncajuhy.com.br\/site\/wp-json\/wp\/v2\/posts\/53172\/revisions"}],"predecessor-version":[{"id":53174,"href":"https:\/\/blogdoeloiltoncajuhy.com.br\/site\/wp-json\/wp\/v2\/posts\/53172\/revisions\/53174"}],"wp:featuredmedia":[{"embeddable":true,"href":"https:\/\/blogdoeloiltoncajuhy.com.br\/site\/wp-json\/wp\/v2\/media\/30362"}],"wp:attachment":[{"href":"https:\/\/blogdoeloiltoncajuhy.com.br\/site\/wp-json\/wp\/v2\/media?parent=53172"}],"wp:term":[{"taxonomy":"category","embeddable":true,"href":"https:\/\/blogdoeloiltoncajuhy.com.br\/site\/wp-json\/wp\/v2\/categories?post=53172"},{"taxonomy":"post_tag","embeddable":true,"href":"https:\/\/blogdoeloiltoncajuhy.com.br\/site\/wp-json\/wp\/v2\/tags?post=53172"}],"curies":[{"name":"wp","href":"https:\/\/api.w.org\/{rel}","templated":true}]}}