{"id":53164,"date":"2021-01-23T10:43:32","date_gmt":"2021-01-23T13:43:32","guid":{"rendered":"http:\/\/blogdoeloiltoncajuhy.com.br\/site\/?p=53164"},"modified":"2021-01-23T10:43:34","modified_gmt":"2021-01-23T13:43:34","slug":"crime-ambiental-em-senhor-do-bonfim-prf-realiza-apreensao-de-carga-de-madeira-nativa-transportada-ilegalmente","status":"publish","type":"post","link":"https:\/\/blogdoeloiltoncajuhy.com.br\/site\/crime-ambiental-em-senhor-do-bonfim-prf-realiza-apreensao-de-carga-de-madeira-nativa-transportada-ilegalmente\/","title":{"rendered":"Crime ambiental: Em Senhor do Bonfim, PRF realiza apreens\u00e3o de carga de madeira nativa transportada ilegalmente"},"content":{"rendered":"\n<h5 class=\"has-text-align-center wp-block-heading\"><em>A carga do estado do Par\u00e1 tinha como destino as cidades baianas de Cama\u00e7ari e Barra do Cho\u00e7a<\/em><\/h5>\n\n\n\n<div class=\"wp-block-image\"><figure class=\"aligncenter size-large\"><img data-recalc-dims=\"1\" fetchpriority=\"high\" decoding=\"async\" width=\"647\" height=\"648\" src=\"https:\/\/i0.wp.com\/blogdoeloiltoncajuhy.com.br\/site\/wp-content\/uploads\/2021\/01\/PRF-Apreensao-de-madeira-Bonfim.jpeg?resize=647%2C648\" alt=\"\" class=\"wp-image-53165\" srcset=\"https:\/\/i0.wp.com\/blogdoeloiltoncajuhy.com.br\/site\/wp-content\/uploads\/2021\/01\/PRF-Apreensao-de-madeira-Bonfim.jpeg?w=647&amp;ssl=1 647w, https:\/\/i0.wp.com\/blogdoeloiltoncajuhy.com.br\/site\/wp-content\/uploads\/2021\/01\/PRF-Apreensao-de-madeira-Bonfim.jpeg?resize=300%2C300&amp;ssl=1 300w, https:\/\/i0.wp.com\/blogdoeloiltoncajuhy.com.br\/site\/wp-content\/uploads\/2021\/01\/PRF-Apreensao-de-madeira-Bonfim.jpeg?resize=150%2C150&amp;ssl=1 150w\" sizes=\"(max-width: 647px) 100vw, 647px\" \/><\/figure><\/div>\n\n\n\n<p>Policiais rodovi\u00e1rios federais realizaram a apreens\u00e3o de 51,03 m\u00b3 de madeira beneficiada que estava sem a devida documenta\u00e7\u00e3o ambiental v\u00e1lida. Eles identificaram o crime ambiental, durante fiscaliza\u00e7\u00e3o em trecho do munic\u00edpio de Senhor do Bonfim, localizado no Km 117 da BR 407.<\/p>\n\n\n\n<p>O flagrante ocorreu na manh\u00e3 desta sexta-feira (22), ao abordarem o caminh\u00e3o Scania\/R500 acoplado a dois semirreboques. Foram solicitados os documentos de porte obrigat\u00f3rio e toda a documenta\u00e7\u00e3o necess\u00e1ria para transporte de produtos de origem florestal. As cargas de madeira seguiam do estado do Par\u00e1 e tinham como destino as cidades de Cama\u00e7ari e Barra do Cho\u00e7a, na Bahia.<\/p>\n\n\n\n<p>Por se tratar de transporte interestadual de madeira, h\u00e1 a necessidade de comprova\u00e7\u00e3o ambiental, que s\u00e3o a Nota Fiscal (NF), a Guia Florestal (GF), al\u00e9m do Documento de Origem Florestal (DOF).<\/p>\n\n\n\n<p>Ap\u00f3s as averigua\u00e7\u00f5es necess\u00e1rias nos sistemas informatizados e cubagem da carga, foi detectado que o volume transportado era superior ao declarado nos documentos apresentados, o que tornou o DOF inv\u00e1lido. Dada \u00e0s circunst\u00e2ncias, o vendedor, o transportador e o condutor foram enquadrados no Art. 46 da Lei N\u00ba 9.605\/98 de crimes ambientais.<\/p>\n\n\n\n<p>Considerando o ocorrido, o condutor do caminh\u00e3o assinou o Termo Circunstanciado de Ocorr\u00eancia (TCO), por meio do qual se comprometeu a comparecer perante o Juizado Especial Criminal para responder pelas suas condutas com base na Lei de Crimes Ambientais e mais as infra\u00e7\u00f5es administrativas.<\/p>\n\n\n\n<p>O ve\u00edculo e a carga foram recolhidos ao p\u00e1tio contratado e est\u00e3o \u00e0 disposi\u00e7\u00e3o dos \u00f3rg\u00e3os ambientais para os procedimentos administrativos.<\/p>\n\n\n\n<p>Em 2020, a PRF na Bahia realizou a apreens\u00e3o de mais de 800,00 m\u00b3 de madeira nas rodovias federais que cortam o estado.<\/p>\n","protected":false},"excerpt":{"rendered":"<p>A carga do estado do Par\u00e1 tinha como destino as cidades baianas de Cama\u00e7ari e Barra do Cho\u00e7a Policiais rodovi\u00e1rios federais realizaram a apreens\u00e3o de 51,03 m\u00b3 de madeira beneficiada que estava sem a devida documenta\u00e7\u00e3o ambiental v\u00e1lida. Eles identificaram o crime ambiental, durante fiscaliza\u00e7\u00e3o em trecho do munic\u00edpio de Senhor do Bonfim, localizado no [&hellip;]<\/p>\n","protected":false},"author":2,"featured_media":53165,"comment_status":"open","ping_status":"open","sticky":false,"template":"","format":"standard","meta":{"_acf_changed":false,"_monsterinsights_skip_tracking":false,"_monsterinsights_sitenote_active":false,"_monsterinsights_sitenote_note":"","_monsterinsights_sitenote_category":0,"_jetpack_memberships_contains_paid_content":false,"footnotes":"","jetpack_publicize_message":"","jetpack_publicize_feature_enabled":true,"jetpack_social_post_already_shared":true,"jetpack_social_options":{"image_generator_settings":{"template":"highway","default_image_id":0,"font":"","enabled":false},"version":2}},"categories":[15],"tags":[],"class_list":["post-53164","post","type-post","status-publish","format-standard","has-post-thumbnail","hentry","category-policia"],"acf":[],"jetpack_publicize_connections":[],"jetpack_featured_media_url":"https:\/\/i0.wp.com\/blogdoeloiltoncajuhy.com.br\/site\/wp-content\/uploads\/2021\/01\/PRF-Apreensao-de-madeira-Bonfim.jpeg?fit=647%2C648&ssl=1","jetpack_sharing_enabled":true,"publishpress_future_workflow_manual_trigger":{"enabledWorkflows":[]},"_links":{"self":[{"href":"https:\/\/blogdoeloiltoncajuhy.com.br\/site\/wp-json\/wp\/v2\/posts\/53164","targetHints":{"allow":["GET"]}}],"collection":[{"href":"https:\/\/blogdoeloiltoncajuhy.com.br\/site\/wp-json\/wp\/v2\/posts"}],"about":[{"href":"https:\/\/blogdoeloiltoncajuhy.com.br\/site\/wp-json\/wp\/v2\/types\/post"}],"author":[{"embeddable":true,"href":"https:\/\/blogdoeloiltoncajuhy.com.br\/site\/wp-json\/wp\/v2\/users\/2"}],"replies":[{"embeddable":true,"href":"https:\/\/blogdoeloiltoncajuhy.com.br\/site\/wp-json\/wp\/v2\/comments?post=53164"}],"version-history":[{"count":2,"href":"https:\/\/blogdoeloiltoncajuhy.com.br\/site\/wp-json\/wp\/v2\/posts\/53164\/revisions"}],"predecessor-version":[{"id":53167,"href":"https:\/\/blogdoeloiltoncajuhy.com.br\/site\/wp-json\/wp\/v2\/posts\/53164\/revisions\/53167"}],"wp:featuredmedia":[{"embeddable":true,"href":"https:\/\/blogdoeloiltoncajuhy.com.br\/site\/wp-json\/wp\/v2\/media\/53165"}],"wp:attachment":[{"href":"https:\/\/blogdoeloiltoncajuhy.com.br\/site\/wp-json\/wp\/v2\/media?parent=53164"}],"wp:term":[{"taxonomy":"category","embeddable":true,"href":"https:\/\/blogdoeloiltoncajuhy.com.br\/site\/wp-json\/wp\/v2\/categories?post=53164"},{"taxonomy":"post_tag","embeddable":true,"href":"https:\/\/blogdoeloiltoncajuhy.com.br\/site\/wp-json\/wp\/v2\/tags?post=53164"}],"curies":[{"name":"wp","href":"https:\/\/api.w.org\/{rel}","templated":true}]}}