{"id":53160,"date":"2021-01-23T10:32:39","date_gmt":"2021-01-23T13:32:39","guid":{"rendered":"http:\/\/blogdoeloiltoncajuhy.com.br\/site\/?p=53160"},"modified":"2021-01-23T10:32:40","modified_gmt":"2021-01-23T13:32:40","slug":"prf-prende-assaltantes-e-apreende-armas-de-fogo-na-br-407-em-jaguarari","status":"publish","type":"post","link":"https:\/\/blogdoeloiltoncajuhy.com.br\/site\/prf-prende-assaltantes-e-apreende-armas-de-fogo-na-br-407-em-jaguarari\/","title":{"rendered":"PRF prende assaltantes e apreende armas de fogo na BR 407 em Jaguarari"},"content":{"rendered":"\n<h5 class=\"has-text-align-center wp-block-heading\"><em>O volume de armas de fogo apreendidas pelos policiais rodovi\u00e1rios federais, na Bahia, saltaram de 112 unidades em 2019 para 189 em 2020<\/em><\/h5>\n\n\n\n<div class=\"wp-block-image\"><figure class=\"aligncenter size-large\"><img data-recalc-dims=\"1\" fetchpriority=\"high\" decoding=\"async\" width=\"768\" height=\"576\" src=\"https:\/\/i0.wp.com\/blogdoeloiltoncajuhy.com.br\/site\/wp-content\/uploads\/2021\/01\/PRF-Prisao-e-apreensao-de-armas-Jaguarari.jpeg?resize=768%2C576\" alt=\"\" class=\"wp-image-53161\" srcset=\"https:\/\/i0.wp.com\/blogdoeloiltoncajuhy.com.br\/site\/wp-content\/uploads\/2021\/01\/PRF-Prisao-e-apreensao-de-armas-Jaguarari.jpeg?w=768&amp;ssl=1 768w, https:\/\/i0.wp.com\/blogdoeloiltoncajuhy.com.br\/site\/wp-content\/uploads\/2021\/01\/PRF-Prisao-e-apreensao-de-armas-Jaguarari.jpeg?resize=300%2C225&amp;ssl=1 300w\" sizes=\"(max-width: 768px) 100vw, 768px\" \/><\/figure><\/div>\n\n\n\n<p>A Pol\u00edcia Rodovi\u00e1ria Federal prendeu cinco homens, apreendeu rev\u00f3lver, pistola, espingarda e farta quantidade de muni\u00e7\u00f5es. A a\u00e7\u00e3o aconteceu na manh\u00e3 desta sexta-feira (22), em trecho urbano do munic\u00edpio de Jaguarari.<\/p>\n\n\n\n<p>A ocorr\u00eancia iniciou-se quando equipe da PRF fiscalizava o trecho e visualizou uma motocicleta circulando na rodovia sem a placa obrigat\u00f3ria de identifica\u00e7\u00e3o. De imediato foi dada ordem de parada para uma fiscaliza\u00e7\u00e3o detalhada.<\/p>\n\n\n\n<p>Nesse momento um P\u00e1lio \u2018passou\u2019 pelos policiais em atitude suspeita e foi parado para uma abordagem.<\/p>\n\n\n\n<p>Na entrevista os ocupantes do carro apresentavam nervosismo e contradi\u00e7\u00f5es nas respostas e afirmaram que seguiam juntos ao condutor da moto.<\/p>\n\n\n\n<p>Ap\u00f3s alguns minutos de conversa, confessaram que estavam praticando assaltos na regi\u00e3o.<\/p>\n\n\n\n<p>Em seguida, foi realizada a revista pessoal e busca no interior do autom\u00f3vel, quando foi encontrado um rev\u00f3lver cal. 38, um rev\u00f3lver cal. 32, uma pistola cal. 9Mm e 25 muni\u00e7\u00f5es de diversos calibres.<\/p>\n\n\n\n<p>Dentro do carro tamb\u00e9m foram localizados aparelhos celulares, touca \u2018ninja\u2019 utilizada para pr\u00e1tica de roubo e uma pequena por\u00e7\u00e3o de maconha.<\/p>\n\n\n\n<p>Diante dos fatos, todo o material b\u00e9lico, os demais objetos apreendidos e os presos, foram apresentados a autoridade policial de plant\u00e3o da Delegacia de Pol\u00edcia local, para formaliza\u00e7\u00e3o do auto de pris\u00e3o em flagrante e demais procedimentos cab\u00edveis.<\/p>\n\n\n\n<p>A PRF na Bahia alerta que intensificou a fiscaliza\u00e7\u00e3o nos 10.000 quil\u00f4metros de rodovias federais que cortam o estado. Para isso, equipes est\u00e3o concentradas e realizando policiamento orientado em locais e hor\u00e1rios de maior incid\u00eancia de acidentes graves e de criminalidade.<\/p>\n\n\n\n<p>Para informa\u00e7\u00f5es, den\u00fancias, comunica\u00e7\u00e3o de crimes e acidentes a PRF disp\u00f5e do n\u00famero de emerg\u00eancia 191. A liga\u00e7\u00e3o \u00e9 gratuita e atende 24 horas em qualquer parte do Pa\u00eds.<\/p>\n","protected":false},"excerpt":{"rendered":"<p>O volume de armas de fogo apreendidas pelos policiais rodovi\u00e1rios federais, na Bahia, saltaram de 112 unidades em 2019 para 189 em 2020 A Pol\u00edcia Rodovi\u00e1ria Federal prendeu cinco homens, apreendeu rev\u00f3lver, pistola, espingarda e farta quantidade de muni\u00e7\u00f5es. A a\u00e7\u00e3o aconteceu na manh\u00e3 desta sexta-feira (22), em trecho urbano do munic\u00edpio de Jaguarari. A [&hellip;]<\/p>\n","protected":false},"author":2,"featured_media":53161,"comment_status":"open","ping_status":"open","sticky":false,"template":"","format":"standard","meta":{"_acf_changed":false,"_monsterinsights_skip_tracking":false,"_monsterinsights_sitenote_active":false,"_monsterinsights_sitenote_note":"","_monsterinsights_sitenote_category":0,"_jetpack_memberships_contains_paid_content":false,"footnotes":"","jetpack_publicize_message":"","jetpack_publicize_feature_enabled":true,"jetpack_social_post_already_shared":true,"jetpack_social_options":{"image_generator_settings":{"template":"highway","default_image_id":0,"font":"","enabled":false},"version":2}},"categories":[15],"tags":[],"class_list":["post-53160","post","type-post","status-publish","format-standard","has-post-thumbnail","hentry","category-policia"],"acf":[],"jetpack_publicize_connections":[],"jetpack_featured_media_url":"https:\/\/i0.wp.com\/blogdoeloiltoncajuhy.com.br\/site\/wp-content\/uploads\/2021\/01\/PRF-Prisao-e-apreensao-de-armas-Jaguarari.jpeg?fit=768%2C576&ssl=1","jetpack_sharing_enabled":true,"publishpress_future_workflow_manual_trigger":{"enabledWorkflows":[]},"_links":{"self":[{"href":"https:\/\/blogdoeloiltoncajuhy.com.br\/site\/wp-json\/wp\/v2\/posts\/53160","targetHints":{"allow":["GET"]}}],"collection":[{"href":"https:\/\/blogdoeloiltoncajuhy.com.br\/site\/wp-json\/wp\/v2\/posts"}],"about":[{"href":"https:\/\/blogdoeloiltoncajuhy.com.br\/site\/wp-json\/wp\/v2\/types\/post"}],"author":[{"embeddable":true,"href":"https:\/\/blogdoeloiltoncajuhy.com.br\/site\/wp-json\/wp\/v2\/users\/2"}],"replies":[{"embeddable":true,"href":"https:\/\/blogdoeloiltoncajuhy.com.br\/site\/wp-json\/wp\/v2\/comments?post=53160"}],"version-history":[{"count":2,"href":"https:\/\/blogdoeloiltoncajuhy.com.br\/site\/wp-json\/wp\/v2\/posts\/53160\/revisions"}],"predecessor-version":[{"id":53163,"href":"https:\/\/blogdoeloiltoncajuhy.com.br\/site\/wp-json\/wp\/v2\/posts\/53160\/revisions\/53163"}],"wp:featuredmedia":[{"embeddable":true,"href":"https:\/\/blogdoeloiltoncajuhy.com.br\/site\/wp-json\/wp\/v2\/media\/53161"}],"wp:attachment":[{"href":"https:\/\/blogdoeloiltoncajuhy.com.br\/site\/wp-json\/wp\/v2\/media?parent=53160"}],"wp:term":[{"taxonomy":"category","embeddable":true,"href":"https:\/\/blogdoeloiltoncajuhy.com.br\/site\/wp-json\/wp\/v2\/categories?post=53160"},{"taxonomy":"post_tag","embeddable":true,"href":"https:\/\/blogdoeloiltoncajuhy.com.br\/site\/wp-json\/wp\/v2\/tags?post=53160"}],"curies":[{"name":"wp","href":"https:\/\/api.w.org\/{rel}","templated":true}]}}