{"id":53153,"date":"2021-01-23T09:55:32","date_gmt":"2021-01-23T12:55:32","guid":{"rendered":"http:\/\/blogdoeloiltoncajuhy.com.br\/site\/?p=53153"},"modified":"2021-01-23T09:55:33","modified_gmt":"2021-01-23T12:55:33","slug":"covid-19-mais-um-obito-e-registrado-em-senhor-do-bonfim-total-de-mortes-vai-a-36","status":"publish","type":"post","link":"https:\/\/blogdoeloiltoncajuhy.com.br\/site\/covid-19-mais-um-obito-e-registrado-em-senhor-do-bonfim-total-de-mortes-vai-a-36\/","title":{"rendered":"Covid-19: Mais um \u00f3bito \u00e9 registrado em Senhor do Bonfim; total de mortes vai a 36"},"content":{"rendered":"\n<div class=\"wp-block-image\"><figure class=\"aligncenter size-large\"><img data-recalc-dims=\"1\" fetchpriority=\"high\" decoding=\"async\" width=\"800\" height=\"450\" src=\"https:\/\/i0.wp.com\/blogdoeloiltoncajuhy.com.br\/site\/wp-content\/uploads\/2021\/01\/corona-9.jpg?resize=800%2C450\" alt=\"\" class=\"wp-image-52916\" srcset=\"https:\/\/i0.wp.com\/blogdoeloiltoncajuhy.com.br\/site\/wp-content\/uploads\/2021\/01\/corona-9.jpg?w=984&amp;ssl=1 984w, https:\/\/i0.wp.com\/blogdoeloiltoncajuhy.com.br\/site\/wp-content\/uploads\/2021\/01\/corona-9.jpg?resize=300%2C169&amp;ssl=1 300w, https:\/\/i0.wp.com\/blogdoeloiltoncajuhy.com.br\/site\/wp-content\/uploads\/2021\/01\/corona-9.jpg?resize=768%2C432&amp;ssl=1 768w\" sizes=\"(max-width: 800px) 100vw, 800px\" \/><\/figure><\/div>\n\n\n\n<p>O munic\u00edpio de Senhor do Bonfim registrou mais um \u00f3bito por Covid-19 nas \u00faltimas horas. Agora, o total de mortes causadas pela doen\u00e7a chega a 36.<\/p>\n\n\n\n<p>De acordo com o boletim epidemiol\u00f3gico divulgado na noite desta sexta-feira (22) pela Secretaria Municipal de Sa\u00fade, a 36\u00aa vi\u0301tima foi uma idosa de 84 anos com ini\u0301cio dos sintomas em 20 de dezembro passado. O exame que atestou positivo para a Covid-19 foi realizado na idosa no dia 31 tamb\u00e9m de dezembro.<\/p>\n\n\n\n<p>Ela foi foi transferida para o Hospital Regional de Juazeiro no \u00faltimo dia 09 de janeiro e morreu na quinta-feira, dia 21, informou a Secretaria de Sa\u00fade.<\/p>\n\n\n\n<p>Ainda de acordo com o novo boletim, mais 12 casos da Covid-19 foram registrados em Senhor do Bonfim nas \u00faltimas 24 horas. Agora, s\u00e3o 2.356 os bonfinenses que tiveram ou t\u00eam o v\u00edrus em nosso munic\u00edpio.<\/p>\n\n\n\n<p>O n\u00famero de pacientes em monitoramento \u00e9 de 287, enquanto 221 exames aguardam resultado. Os casos ativos est\u00e3o em 138. Os pacientes curados somam 2.182, de acordo com o boletim.<\/p>\n","protected":false},"excerpt":{"rendered":"<p>O munic\u00edpio de Senhor do Bonfim registrou mais um \u00f3bito por Covid-19 nas \u00faltimas horas. Agora, o total de mortes causadas pela doen\u00e7a chega a 36. De acordo com o boletim epidemiol\u00f3gico divulgado na noite desta sexta-feira (22) pela Secretaria Municipal de Sa\u00fade, a 36\u00aa vi\u0301tima foi uma idosa de 84 anos com ini\u0301cio dos [&hellip;]<\/p>\n","protected":false},"author":2,"featured_media":52916,"comment_status":"open","ping_status":"open","sticky":false,"template":"","format":"standard","meta":{"_acf_changed":false,"_monsterinsights_skip_tracking":false,"_monsterinsights_sitenote_active":false,"_monsterinsights_sitenote_note":"","_monsterinsights_sitenote_category":0,"_jetpack_memberships_contains_paid_content":false,"footnotes":"","jetpack_publicize_message":"","jetpack_publicize_feature_enabled":true,"jetpack_social_post_already_shared":true,"jetpack_social_options":{"image_generator_settings":{"template":"highway","default_image_id":0,"font":"","enabled":false},"version":2}},"categories":[4],"tags":[],"class_list":["post-53153","post","type-post","status-publish","format-standard","has-post-thumbnail","hentry","category-local"],"acf":[],"jetpack_publicize_connections":[],"jetpack_featured_media_url":"https:\/\/i0.wp.com\/blogdoeloiltoncajuhy.com.br\/site\/wp-content\/uploads\/2021\/01\/corona-9.jpg?fit=984%2C554&ssl=1","jetpack_sharing_enabled":true,"publishpress_future_workflow_manual_trigger":{"enabledWorkflows":[]},"_links":{"self":[{"href":"https:\/\/blogdoeloiltoncajuhy.com.br\/site\/wp-json\/wp\/v2\/posts\/53153","targetHints":{"allow":["GET"]}}],"collection":[{"href":"https:\/\/blogdoeloiltoncajuhy.com.br\/site\/wp-json\/wp\/v2\/posts"}],"about":[{"href":"https:\/\/blogdoeloiltoncajuhy.com.br\/site\/wp-json\/wp\/v2\/types\/post"}],"author":[{"embeddable":true,"href":"https:\/\/blogdoeloiltoncajuhy.com.br\/site\/wp-json\/wp\/v2\/users\/2"}],"replies":[{"embeddable":true,"href":"https:\/\/blogdoeloiltoncajuhy.com.br\/site\/wp-json\/wp\/v2\/comments?post=53153"}],"version-history":[{"count":2,"href":"https:\/\/blogdoeloiltoncajuhy.com.br\/site\/wp-json\/wp\/v2\/posts\/53153\/revisions"}],"predecessor-version":[{"id":53155,"href":"https:\/\/blogdoeloiltoncajuhy.com.br\/site\/wp-json\/wp\/v2\/posts\/53153\/revisions\/53155"}],"wp:featuredmedia":[{"embeddable":true,"href":"https:\/\/blogdoeloiltoncajuhy.com.br\/site\/wp-json\/wp\/v2\/media\/52916"}],"wp:attachment":[{"href":"https:\/\/blogdoeloiltoncajuhy.com.br\/site\/wp-json\/wp\/v2\/media?parent=53153"}],"wp:term":[{"taxonomy":"category","embeddable":true,"href":"https:\/\/blogdoeloiltoncajuhy.com.br\/site\/wp-json\/wp\/v2\/categories?post=53153"},{"taxonomy":"post_tag","embeddable":true,"href":"https:\/\/blogdoeloiltoncajuhy.com.br\/site\/wp-json\/wp\/v2\/tags?post=53153"}],"curies":[{"name":"wp","href":"https:\/\/api.w.org\/{rel}","templated":true}]}}