{"id":53144,"date":"2021-01-22T17:34:54","date_gmt":"2021-01-22T20:34:54","guid":{"rendered":"http:\/\/blogdoeloiltoncajuhy.com.br\/site\/?p=53144"},"modified":"2021-01-22T17:34:55","modified_gmt":"2021-01-22T20:34:55","slug":"bahia-vacina-mais-de-56-mil-baianos-contra-covid-19","status":"publish","type":"post","link":"https:\/\/blogdoeloiltoncajuhy.com.br\/site\/bahia-vacina-mais-de-56-mil-baianos-contra-covid-19\/","title":{"rendered":"Bahia vacina mais de 56 mil baianos contra Covid-19"},"content":{"rendered":"\n<div class=\"wp-block-image\"><figure class=\"aligncenter size-full is-resized\"><img data-recalc-dims=\"1\" fetchpriority=\"high\" decoding=\"async\" src=\"https:\/\/i0.wp.com\/blogdoeloiltoncajuhy.com.br\/site\/wp-content\/uploads\/2021\/01\/Capturar.png?resize=548%2C354\" alt=\"\" class=\"wp-image-53145\" width=\"548\" height=\"354\" srcset=\"https:\/\/i0.wp.com\/blogdoeloiltoncajuhy.com.br\/site\/wp-content\/uploads\/2021\/01\/Capturar.png?w=548&amp;ssl=1 548w, https:\/\/i0.wp.com\/blogdoeloiltoncajuhy.com.br\/site\/wp-content\/uploads\/2021\/01\/Capturar.png?resize=300%2C194&amp;ssl=1 300w\" sizes=\"(max-width: 548px) 100vw, 548px\" \/><figcaption><em>Foto: Divulga\u00e7\u00e3o<\/em><\/figcaption><\/figure><\/div>\n\n\n\n<p>As primeiras doses da vacina contra a Covid-19 j\u00e1 foram enviadas pela Sesab para os 417 munic\u00edpios baianos. Do total de cidades, 417 j\u00e1 iniciaram a vacina\u00e7\u00e3o. At\u00e9 \u00e0s 14h desta sexta-feira (22), 56.827 doses j\u00e1 haviam sido aplicadas em profissionais de sa\u00fade, ind\u00edgenas aldeados, idosos em institui\u00e7\u00f5es de longa perman\u00eancia e pessoas com defici\u00eancia. Para ter acesso ao quantitativo por munic\u00edpio, <a href=\"https:\/\/bi.saude.ba.gov.br\/vacinacao\/\" target=\"_blank\" rel=\"noreferrer noopener\">clique aqui<\/a>.<\/p>\n\n\n\n<p class=\"has-black-color has-text-color has-medium-font-size\"><strong>Boletim<\/strong><\/p>\n\n\n\n<p>Na Bahia, nas \u00faltimas 24 horas, foram registrados 4.130 casos de Covid-19 (taxa de crescimento de +0,7%) e 4.261 recuperados (+0,8%). Dos 557.900 casos confirmados desde o in\u00edcio da pandemia, 537.721 j\u00e1 s\u00e3o considerados recuperados e 10.385 encontram-se ativos. Os casos confirmados ocorreram em 417 munic\u00edpios baianos, com maior propor\u00e7\u00e3o em Salvador (22,07%).<\/p>\n\n\n\n<p>O boletim epidemiol\u00f3gico contabiliza ainda 948.419 casos descartados e 137.174 em investiga\u00e7\u00e3o. Na Bahia, 39.014 profissionais da sa\u00fade foram confirmados para Covid-19.<\/p>\n\n\n\n<p class=\"has-black-color has-text-color has-medium-font-size\"><strong>\u00d3bitos<\/strong><\/p>\n\n\n\n<p>O boletim epidemiol\u00f3gico desta sexta-feira (22) contabiliza 34 \u00f3bitos que ocorreram em diversas datas. O n\u00famero total de \u00f3bitos por Covid-19 na Bahia desde o in\u00edcio da pandemia \u00e9 de 9.794, representando uma letalidade de 1,76%.<\/p>\n","protected":false},"excerpt":{"rendered":"<p>As primeiras doses da vacina contra a Covid-19 j\u00e1 foram enviadas pela Sesab para os 417 munic\u00edpios baianos. Do total de cidades, 417 j\u00e1 iniciaram a vacina\u00e7\u00e3o. At\u00e9 \u00e0s 14h desta sexta-feira (22), 56.827 doses j\u00e1 haviam sido aplicadas em profissionais de sa\u00fade, ind\u00edgenas aldeados, idosos em institui\u00e7\u00f5es de longa perman\u00eancia e pessoas com defici\u00eancia. [&hellip;]<\/p>\n","protected":false},"author":2,"featured_media":53145,"comment_status":"open","ping_status":"open","sticky":false,"template":"","format":"standard","meta":{"_acf_changed":false,"_monsterinsights_skip_tracking":false,"_monsterinsights_sitenote_active":false,"_monsterinsights_sitenote_note":"","_monsterinsights_sitenote_category":0,"_jetpack_memberships_contains_paid_content":false,"footnotes":"","jetpack_publicize_message":"","jetpack_publicize_feature_enabled":true,"jetpack_social_post_already_shared":true,"jetpack_social_options":{"image_generator_settings":{"template":"highway","default_image_id":0,"font":"","enabled":false},"version":2}},"categories":[7],"tags":[],"class_list":["post-53144","post","type-post","status-publish","format-standard","has-post-thumbnail","hentry","category-saude"],"acf":[],"jetpack_publicize_connections":[],"jetpack_featured_media_url":"https:\/\/i0.wp.com\/blogdoeloiltoncajuhy.com.br\/site\/wp-content\/uploads\/2021\/01\/Capturar.png?fit=548%2C354&ssl=1","jetpack_sharing_enabled":true,"publishpress_future_workflow_manual_trigger":{"enabledWorkflows":[]},"_links":{"self":[{"href":"https:\/\/blogdoeloiltoncajuhy.com.br\/site\/wp-json\/wp\/v2\/posts\/53144","targetHints":{"allow":["GET"]}}],"collection":[{"href":"https:\/\/blogdoeloiltoncajuhy.com.br\/site\/wp-json\/wp\/v2\/posts"}],"about":[{"href":"https:\/\/blogdoeloiltoncajuhy.com.br\/site\/wp-json\/wp\/v2\/types\/post"}],"author":[{"embeddable":true,"href":"https:\/\/blogdoeloiltoncajuhy.com.br\/site\/wp-json\/wp\/v2\/users\/2"}],"replies":[{"embeddable":true,"href":"https:\/\/blogdoeloiltoncajuhy.com.br\/site\/wp-json\/wp\/v2\/comments?post=53144"}],"version-history":[{"count":2,"href":"https:\/\/blogdoeloiltoncajuhy.com.br\/site\/wp-json\/wp\/v2\/posts\/53144\/revisions"}],"predecessor-version":[{"id":53147,"href":"https:\/\/blogdoeloiltoncajuhy.com.br\/site\/wp-json\/wp\/v2\/posts\/53144\/revisions\/53147"}],"wp:featuredmedia":[{"embeddable":true,"href":"https:\/\/blogdoeloiltoncajuhy.com.br\/site\/wp-json\/wp\/v2\/media\/53145"}],"wp:attachment":[{"href":"https:\/\/blogdoeloiltoncajuhy.com.br\/site\/wp-json\/wp\/v2\/media?parent=53144"}],"wp:term":[{"taxonomy":"category","embeddable":true,"href":"https:\/\/blogdoeloiltoncajuhy.com.br\/site\/wp-json\/wp\/v2\/categories?post=53144"},{"taxonomy":"post_tag","embeddable":true,"href":"https:\/\/blogdoeloiltoncajuhy.com.br\/site\/wp-json\/wp\/v2\/tags?post=53144"}],"curies":[{"name":"wp","href":"https:\/\/api.w.org\/{rel}","templated":true}]}}