{"id":53134,"date":"2021-01-22T17:01:15","date_gmt":"2021-01-22T20:01:15","guid":{"rendered":"http:\/\/blogdoeloiltoncajuhy.com.br\/site\/?p=53134"},"modified":"2021-01-22T17:01:16","modified_gmt":"2021-01-22T20:01:16","slug":"prefeito-antonio-nascimento-antecipa-nesta-sexta-22-o-salario-de-janeiro-dos-servidores-da-saude-de-jaguarari","status":"publish","type":"post","link":"https:\/\/blogdoeloiltoncajuhy.com.br\/site\/prefeito-antonio-nascimento-antecipa-nesta-sexta-22-o-salario-de-janeiro-dos-servidores-da-saude-de-jaguarari\/","title":{"rendered":"Prefeito Ant\u00f4nio Nascimento antecipa nesta sexta (22) o sal\u00e1rio de janeiro dos servidores da Sa\u00fade de Jaguarari"},"content":{"rendered":"\n<div class=\"wp-block-image\"><figure class=\"aligncenter size-large\"><img data-recalc-dims=\"1\" fetchpriority=\"high\" decoding=\"async\" width=\"800\" height=\"534\" src=\"https:\/\/i0.wp.com\/blogdoeloiltoncajuhy.com.br\/site\/wp-content\/uploads\/2021\/01\/PMJ_Prefeito-Antonio-Nascimento-22.01.21.jpg?resize=800%2C534\" alt=\"\" class=\"wp-image-53135\" srcset=\"https:\/\/i0.wp.com\/blogdoeloiltoncajuhy.com.br\/site\/wp-content\/uploads\/2021\/01\/PMJ_Prefeito-Antonio-Nascimento-22.01.21-scaled.jpg?resize=1024%2C683&amp;ssl=1 1024w, https:\/\/i0.wp.com\/blogdoeloiltoncajuhy.com.br\/site\/wp-content\/uploads\/2021\/01\/PMJ_Prefeito-Antonio-Nascimento-22.01.21-scaled.jpg?resize=300%2C200&amp;ssl=1 300w, https:\/\/i0.wp.com\/blogdoeloiltoncajuhy.com.br\/site\/wp-content\/uploads\/2021\/01\/PMJ_Prefeito-Antonio-Nascimento-22.01.21-scaled.jpg?resize=768%2C512&amp;ssl=1 768w, https:\/\/i0.wp.com\/blogdoeloiltoncajuhy.com.br\/site\/wp-content\/uploads\/2021\/01\/PMJ_Prefeito-Antonio-Nascimento-22.01.21-scaled.jpg?resize=1536%2C1024&amp;ssl=1 1536w, https:\/\/i0.wp.com\/blogdoeloiltoncajuhy.com.br\/site\/wp-content\/uploads\/2021\/01\/PMJ_Prefeito-Antonio-Nascimento-22.01.21-scaled.jpg?resize=2048%2C1365&amp;ssl=1 2048w, https:\/\/i0.wp.com\/blogdoeloiltoncajuhy.com.br\/site\/wp-content\/uploads\/2021\/01\/PMJ_Prefeito-Antonio-Nascimento-22.01.21-scaled.jpg?w=1600 1600w, https:\/\/i0.wp.com\/blogdoeloiltoncajuhy.com.br\/site\/wp-content\/uploads\/2021\/01\/PMJ_Prefeito-Antonio-Nascimento-22.01.21-scaled.jpg?w=2400 2400w\" sizes=\"(max-width: 800px) 100vw, 800px\" \/><\/figure><\/div>\n\n\n\n<p>No intuito de amenizar os transtornos causados pela gest\u00e3o do ex-prefeito, Everton Rocha (PSDB), que n\u00e3o efetuou o pagamento do m\u00eas de dezembro dos servidores municipais da Secretaria de Sa\u00fade, o prefeito Ant\u00f4nio Nascimento (PT), anunciou nesta sexta-feira (22), em reuni\u00e3o com representantes da classe, a antecipa\u00e7\u00e3o dos sal\u00e1rios deste m\u00eas.<\/p>\n\n\n\n<p><em>\u201cSabemos o quanto voc\u00eas est\u00e3o tensos e, para ajudar a resolver essa situa\u00e7\u00e3o, haja vista que, a partir do dia 20, por lei, posso fazer a antecipa\u00e7\u00e3o de sal\u00e1rios, trabalhamos para que hoje o nosso governo fa\u00e7a o pagamento de janeiro\u201d<\/em>, garantiu Ant\u00f4nio Nascimento.<\/p>\n\n\n\n<figure class=\"wp-block-gallery aligncenter columns-2 is-cropped wp-block-gallery-1 is-layout-flex wp-block-gallery-is-layout-flex\"><ul class=\"blocks-gallery-grid\"><li class=\"blocks-gallery-item\"><figure><img data-recalc-dims=\"1\" decoding=\"async\" width=\"800\" height=\"534\" src=\"https:\/\/i0.wp.com\/blogdoeloiltoncajuhy.com.br\/site\/wp-content\/uploads\/2021\/01\/PMJ_Representantes-dos-profissionais-da-Saude-do-Municipio.jpg?resize=800%2C534\" alt=\"\" data-id=\"53136\" data-full-url=\"http:\/\/blogdoeloiltoncajuhy.com.br\/site\/wp-content\/uploads\/2021\/01\/PMJ_Representantes-dos-profissionais-da-Saude-do-Municipio-scaled.jpg\" data-link=\"http:\/\/blogdoeloiltoncajuhy.com.br\/site\/?attachment_id=53136\" class=\"wp-image-53136\" srcset=\"https:\/\/i0.wp.com\/blogdoeloiltoncajuhy.com.br\/site\/wp-content\/uploads\/2021\/01\/PMJ_Representantes-dos-profissionais-da-Saude-do-Municipio-scaled.jpg?resize=1024%2C683&amp;ssl=1 1024w, https:\/\/i0.wp.com\/blogdoeloiltoncajuhy.com.br\/site\/wp-content\/uploads\/2021\/01\/PMJ_Representantes-dos-profissionais-da-Saude-do-Municipio-scaled.jpg?resize=300%2C200&amp;ssl=1 300w, https:\/\/i0.wp.com\/blogdoeloiltoncajuhy.com.br\/site\/wp-content\/uploads\/2021\/01\/PMJ_Representantes-dos-profissionais-da-Saude-do-Municipio-scaled.jpg?resize=768%2C512&amp;ssl=1 768w, https:\/\/i0.wp.com\/blogdoeloiltoncajuhy.com.br\/site\/wp-content\/uploads\/2021\/01\/PMJ_Representantes-dos-profissionais-da-Saude-do-Municipio-scaled.jpg?resize=1536%2C1024&amp;ssl=1 1536w, https:\/\/i0.wp.com\/blogdoeloiltoncajuhy.com.br\/site\/wp-content\/uploads\/2021\/01\/PMJ_Representantes-dos-profissionais-da-Saude-do-Municipio-scaled.jpg?resize=2048%2C1365&amp;ssl=1 2048w, https:\/\/i0.wp.com\/blogdoeloiltoncajuhy.com.br\/site\/wp-content\/uploads\/2021\/01\/PMJ_Representantes-dos-profissionais-da-Saude-do-Municipio-scaled.jpg?w=1600 1600w, https:\/\/i0.wp.com\/blogdoeloiltoncajuhy.com.br\/site\/wp-content\/uploads\/2021\/01\/PMJ_Representantes-dos-profissionais-da-Saude-do-Municipio-scaled.jpg?w=2400 2400w\" sizes=\"(max-width: 800px) 100vw, 800px\" \/><\/figure><\/li><li class=\"blocks-gallery-item\"><figure><img data-recalc-dims=\"1\" decoding=\"async\" width=\"800\" height=\"534\" src=\"https:\/\/i0.wp.com\/blogdoeloiltoncajuhy.com.br\/site\/wp-content\/uploads\/2021\/01\/PMJ_Seu-Antonio-anuncia-a-antecipacao-dos-salarios-de-janeiro-para-a-Saude.jpg?resize=800%2C534\" alt=\"\" data-id=\"53137\" data-full-url=\"http:\/\/blogdoeloiltoncajuhy.com.br\/site\/wp-content\/uploads\/2021\/01\/PMJ_Seu-Antonio-anuncia-a-antecipacao-dos-salarios-de-janeiro-para-a-Saude-scaled.jpg\" data-link=\"http:\/\/blogdoeloiltoncajuhy.com.br\/site\/?attachment_id=53137\" class=\"wp-image-53137\" srcset=\"https:\/\/i0.wp.com\/blogdoeloiltoncajuhy.com.br\/site\/wp-content\/uploads\/2021\/01\/PMJ_Seu-Antonio-anuncia-a-antecipacao-dos-salarios-de-janeiro-para-a-Saude-scaled.jpg?resize=1024%2C683&amp;ssl=1 1024w, https:\/\/i0.wp.com\/blogdoeloiltoncajuhy.com.br\/site\/wp-content\/uploads\/2021\/01\/PMJ_Seu-Antonio-anuncia-a-antecipacao-dos-salarios-de-janeiro-para-a-Saude-scaled.jpg?resize=300%2C200&amp;ssl=1 300w, https:\/\/i0.wp.com\/blogdoeloiltoncajuhy.com.br\/site\/wp-content\/uploads\/2021\/01\/PMJ_Seu-Antonio-anuncia-a-antecipacao-dos-salarios-de-janeiro-para-a-Saude-scaled.jpg?resize=768%2C512&amp;ssl=1 768w, https:\/\/i0.wp.com\/blogdoeloiltoncajuhy.com.br\/site\/wp-content\/uploads\/2021\/01\/PMJ_Seu-Antonio-anuncia-a-antecipacao-dos-salarios-de-janeiro-para-a-Saude-scaled.jpg?resize=1536%2C1024&amp;ssl=1 1536w, https:\/\/i0.wp.com\/blogdoeloiltoncajuhy.com.br\/site\/wp-content\/uploads\/2021\/01\/PMJ_Seu-Antonio-anuncia-a-antecipacao-dos-salarios-de-janeiro-para-a-Saude-scaled.jpg?resize=2048%2C1365&amp;ssl=1 2048w, https:\/\/i0.wp.com\/blogdoeloiltoncajuhy.com.br\/site\/wp-content\/uploads\/2021\/01\/PMJ_Seu-Antonio-anuncia-a-antecipacao-dos-salarios-de-janeiro-para-a-Saude-scaled.jpg?w=1600 1600w, https:\/\/i0.wp.com\/blogdoeloiltoncajuhy.com.br\/site\/wp-content\/uploads\/2021\/01\/PMJ_Seu-Antonio-anuncia-a-antecipacao-dos-salarios-de-janeiro-para-a-Saude-scaled.jpg?w=2400 2400w\" sizes=\"(max-width: 800px) 100vw, 800px\" \/><\/figure><\/li><\/ul><\/figure>\n\n\n\n<p>Atentos aos problemas enfrentados pelos servidores, que foram privados dos seus vencimentos sem qualquer justificativa plaus\u00edvel por parte do ex-gestor, o prefeito de Jaguarari convocou a secret\u00e1ria de Sa\u00fade Raquel Bonfim e os setores de contabilidade, jur\u00eddico e financeiro do munic\u00edpio para esclarecer todas as d\u00favidas relativas ao assunto.<\/p>\n\n\n\n<p>Os servidores presentes, ainda que na expectativa de uma solu\u00e7\u00e3o definitiva, reconheceram o esfor\u00e7o do atual governo na busca de uma solu\u00e7\u00e3o para o problema gerado pelo ex-prefeito.<\/p>\n","protected":false},"excerpt":{"rendered":"<p>No intuito de amenizar os transtornos causados pela gest\u00e3o do ex-prefeito, Everton Rocha (PSDB), que n\u00e3o efetuou o pagamento do m\u00eas de dezembro dos servidores municipais da Secretaria de Sa\u00fade, o prefeito Ant\u00f4nio Nascimento (PT), anunciou nesta sexta-feira (22), em reuni\u00e3o com representantes da classe, a antecipa\u00e7\u00e3o dos sal\u00e1rios deste m\u00eas. \u201cSabemos o quanto voc\u00eas [&hellip;]<\/p>\n","protected":false},"author":2,"featured_media":53135,"comment_status":"open","ping_status":"open","sticky":false,"template":"","format":"standard","meta":{"_acf_changed":false,"_monsterinsights_skip_tracking":false,"_monsterinsights_sitenote_active":false,"_monsterinsights_sitenote_note":"","_monsterinsights_sitenote_category":0,"_jetpack_memberships_contains_paid_content":false,"footnotes":"","jetpack_publicize_message":"","jetpack_publicize_feature_enabled":true,"jetpack_social_post_already_shared":true,"jetpack_social_options":{"image_generator_settings":{"template":"highway","default_image_id":0,"font":"","enabled":false},"version":2}},"categories":[11],"tags":[],"class_list":["post-53134","post","type-post","status-publish","format-standard","has-post-thumbnail","hentry","category-regional"],"acf":[],"jetpack_publicize_connections":[],"jetpack_featured_media_url":"https:\/\/i0.wp.com\/blogdoeloiltoncajuhy.com.br\/site\/wp-content\/uploads\/2021\/01\/PMJ_Prefeito-Antonio-Nascimento-22.01.21-scaled.jpg?fit=2560%2C1706&ssl=1","jetpack_sharing_enabled":true,"publishpress_future_workflow_manual_trigger":{"enabledWorkflows":[]},"_links":{"self":[{"href":"https:\/\/blogdoeloiltoncajuhy.com.br\/site\/wp-json\/wp\/v2\/posts\/53134","targetHints":{"allow":["GET"]}}],"collection":[{"href":"https:\/\/blogdoeloiltoncajuhy.com.br\/site\/wp-json\/wp\/v2\/posts"}],"about":[{"href":"https:\/\/blogdoeloiltoncajuhy.com.br\/site\/wp-json\/wp\/v2\/types\/post"}],"author":[{"embeddable":true,"href":"https:\/\/blogdoeloiltoncajuhy.com.br\/site\/wp-json\/wp\/v2\/users\/2"}],"replies":[{"embeddable":true,"href":"https:\/\/blogdoeloiltoncajuhy.com.br\/site\/wp-json\/wp\/v2\/comments?post=53134"}],"version-history":[{"count":2,"href":"https:\/\/blogdoeloiltoncajuhy.com.br\/site\/wp-json\/wp\/v2\/posts\/53134\/revisions"}],"predecessor-version":[{"id":53139,"href":"https:\/\/blogdoeloiltoncajuhy.com.br\/site\/wp-json\/wp\/v2\/posts\/53134\/revisions\/53139"}],"wp:featuredmedia":[{"embeddable":true,"href":"https:\/\/blogdoeloiltoncajuhy.com.br\/site\/wp-json\/wp\/v2\/media\/53135"}],"wp:attachment":[{"href":"https:\/\/blogdoeloiltoncajuhy.com.br\/site\/wp-json\/wp\/v2\/media?parent=53134"}],"wp:term":[{"taxonomy":"category","embeddable":true,"href":"https:\/\/blogdoeloiltoncajuhy.com.br\/site\/wp-json\/wp\/v2\/categories?post=53134"},{"taxonomy":"post_tag","embeddable":true,"href":"https:\/\/blogdoeloiltoncajuhy.com.br\/site\/wp-json\/wp\/v2\/tags?post=53134"}],"curies":[{"name":"wp","href":"https:\/\/api.w.org\/{rel}","templated":true}]}}