{"id":53125,"date":"2021-01-21T21:55:01","date_gmt":"2021-01-22T00:55:01","guid":{"rendered":"http:\/\/blogdoeloiltoncajuhy.com.br\/site\/?p=53125"},"modified":"2021-01-21T21:55:02","modified_gmt":"2021-01-22T00:55:02","slug":"prefeitura-planeja-acoes-para-melhorar-condicoes-de-trabalho-dos-catadores-de-material-reciclavel-de-jaguarari","status":"publish","type":"post","link":"https:\/\/blogdoeloiltoncajuhy.com.br\/site\/prefeitura-planeja-acoes-para-melhorar-condicoes-de-trabalho-dos-catadores-de-material-reciclavel-de-jaguarari\/","title":{"rendered":"Prefeitura planeja a\u00e7\u00f5es para melhorar condi\u00e7\u00f5es de trabalho dos catadores de material recicl\u00e1vel de Jaguarari"},"content":{"rendered":"\n<div class=\"wp-block-image\"><figure class=\"aligncenter size-large\"><img data-recalc-dims=\"1\" fetchpriority=\"high\" decoding=\"async\" width=\"800\" height=\"534\" src=\"https:\/\/i0.wp.com\/blogdoeloiltoncajuhy.com.br\/site\/wp-content\/uploads\/2021\/01\/PMJ_Reuniao-com-catadores-de-material-reciclavel-de-Jaguarari-01.jpg?resize=800%2C534\" alt=\"\" class=\"wp-image-53126\" srcset=\"https:\/\/i0.wp.com\/blogdoeloiltoncajuhy.com.br\/site\/wp-content\/uploads\/2021\/01\/PMJ_Reuniao-com-catadores-de-material-reciclavel-de-Jaguarari-01-scaled.jpg?resize=1024%2C683&amp;ssl=1 1024w, https:\/\/i0.wp.com\/blogdoeloiltoncajuhy.com.br\/site\/wp-content\/uploads\/2021\/01\/PMJ_Reuniao-com-catadores-de-material-reciclavel-de-Jaguarari-01-scaled.jpg?resize=300%2C200&amp;ssl=1 300w, https:\/\/i0.wp.com\/blogdoeloiltoncajuhy.com.br\/site\/wp-content\/uploads\/2021\/01\/PMJ_Reuniao-com-catadores-de-material-reciclavel-de-Jaguarari-01-scaled.jpg?resize=768%2C512&amp;ssl=1 768w, https:\/\/i0.wp.com\/blogdoeloiltoncajuhy.com.br\/site\/wp-content\/uploads\/2021\/01\/PMJ_Reuniao-com-catadores-de-material-reciclavel-de-Jaguarari-01-scaled.jpg?resize=1536%2C1024&amp;ssl=1 1536w, https:\/\/i0.wp.com\/blogdoeloiltoncajuhy.com.br\/site\/wp-content\/uploads\/2021\/01\/PMJ_Reuniao-com-catadores-de-material-reciclavel-de-Jaguarari-01-scaled.jpg?resize=2048%2C1365&amp;ssl=1 2048w, https:\/\/i0.wp.com\/blogdoeloiltoncajuhy.com.br\/site\/wp-content\/uploads\/2021\/01\/PMJ_Reuniao-com-catadores-de-material-reciclavel-de-Jaguarari-01-scaled.jpg?w=1600 1600w, https:\/\/i0.wp.com\/blogdoeloiltoncajuhy.com.br\/site\/wp-content\/uploads\/2021\/01\/PMJ_Reuniao-com-catadores-de-material-reciclavel-de-Jaguarari-01-scaled.jpg?w=2400 2400w\" sizes=\"(max-width: 800px) 100vw, 800px\" \/><\/figure><\/div>\n\n\n\n<p>Preocupada com as condi\u00e7\u00f5es de trabalho no lix\u00e3o de Jaguarari, a Prefeitura Municipal realizou uma reuni\u00e3o na \u00faltima ter\u00e7a-feira (19), com os catadores de material recicl\u00e1vel. O objetivo foi ouvir as reivindica\u00e7\u00f5es dos trabalhadores e analisar in loco as condi\u00e7\u00f5es de trabalho deixadas pela gest\u00e3o anterior.<\/p>\n\n\n\n<p>Dentre as principais reclama\u00e7\u00f5es que foram feitas pela classe, est\u00e3o o descarte inadequado de material hospitalar; o hor\u00e1rio de chegada dos caminh\u00f5es coletores, muitas vezes \u00e0 noite, quando eles n\u00e3o podem estar presentes; falta de vigil\u00e2ncia, ocasionando o roubo do material coletado e a entrada de pessoal n\u00e3o autorizado no local, e a falta de equipamento de prote\u00e7\u00e3o individual (EPI), entre outras.<\/p>\n\n\n\n<div class=\"wp-block-image\"><figure class=\"aligncenter size-large\"><img data-recalc-dims=\"1\" decoding=\"async\" width=\"800\" height=\"534\" src=\"https:\/\/i0.wp.com\/blogdoeloiltoncajuhy.com.br\/site\/wp-content\/uploads\/2021\/01\/PMJ_Secretarios-Antonio-Xavier-Nenem-do-Catuni-e-chefe-da-guarda-municipal-Adauto.jpg?resize=800%2C534\" alt=\"\" class=\"wp-image-53127\" srcset=\"https:\/\/i0.wp.com\/blogdoeloiltoncajuhy.com.br\/site\/wp-content\/uploads\/2021\/01\/PMJ_Secretarios-Antonio-Xavier-Nenem-do-Catuni-e-chefe-da-guarda-municipal-Adauto-scaled.jpg?resize=1024%2C683&amp;ssl=1 1024w, https:\/\/i0.wp.com\/blogdoeloiltoncajuhy.com.br\/site\/wp-content\/uploads\/2021\/01\/PMJ_Secretarios-Antonio-Xavier-Nenem-do-Catuni-e-chefe-da-guarda-municipal-Adauto-scaled.jpg?resize=300%2C200&amp;ssl=1 300w, https:\/\/i0.wp.com\/blogdoeloiltoncajuhy.com.br\/site\/wp-content\/uploads\/2021\/01\/PMJ_Secretarios-Antonio-Xavier-Nenem-do-Catuni-e-chefe-da-guarda-municipal-Adauto-scaled.jpg?resize=768%2C512&amp;ssl=1 768w, https:\/\/i0.wp.com\/blogdoeloiltoncajuhy.com.br\/site\/wp-content\/uploads\/2021\/01\/PMJ_Secretarios-Antonio-Xavier-Nenem-do-Catuni-e-chefe-da-guarda-municipal-Adauto-scaled.jpg?resize=1536%2C1024&amp;ssl=1 1536w, https:\/\/i0.wp.com\/blogdoeloiltoncajuhy.com.br\/site\/wp-content\/uploads\/2021\/01\/PMJ_Secretarios-Antonio-Xavier-Nenem-do-Catuni-e-chefe-da-guarda-municipal-Adauto-scaled.jpg?resize=2048%2C1365&amp;ssl=1 2048w, https:\/\/i0.wp.com\/blogdoeloiltoncajuhy.com.br\/site\/wp-content\/uploads\/2021\/01\/PMJ_Secretarios-Antonio-Xavier-Nenem-do-Catuni-e-chefe-da-guarda-municipal-Adauto-scaled.jpg?w=1600 1600w, https:\/\/i0.wp.com\/blogdoeloiltoncajuhy.com.br\/site\/wp-content\/uploads\/2021\/01\/PMJ_Secretarios-Antonio-Xavier-Nenem-do-Catuni-e-chefe-da-guarda-municipal-Adauto-scaled.jpg?w=2400 2400w\" sizes=\"(max-width: 800px) 100vw, 800px\" \/><\/figure><\/div>\n\n\n\n<p>Para melhor atender os apelos dos catadores, o secret\u00e1rio de Meio Ambiente, Ant\u00f4nio Carlos Xavier, convidou o secret\u00e1rio de Administra\u00e7\u00e3o, Nen\u00e9m do Catuni, cuja pasta \u00e9 respons\u00e1vel pelo sistema de limpeza p\u00fablica do munic\u00edpio, como tamb\u00e9m, representantes da Secretaria de Desenvolvimento Social e da Guarda Municipal. Todos se comprometeram a sanar os problemas mais urgentes, que garantam a seguran\u00e7a e os meios mais adequados de trabalho.<\/p>\n\n\n\n<p>No entanto, o objetivo maior \u00e9 organizar uma cooperativa para os catadores. <em>\u201cFicou acertado que, na primeira quinzena de fevereiro, o Recicla Bahia vir\u00e1 para discutir com a categoria um projeto para a cria\u00e7\u00e3o da cooperativa. O governo de Seu Ant\u00f4nio dar\u00e1 suporte trazendo o pessoal para c\u00e1 e far\u00e1 a sua parte, mas sabemos que a uni\u00e3o e o trabalho dos catadores \u00e9 que ir\u00e1 construir essa cooperativa\u201d<\/em>, declarou Xavier.<\/p>\n\n\n\n<div class=\"wp-block-image\"><figure class=\"aligncenter size-large\"><img data-recalc-dims=\"1\" decoding=\"async\" width=\"800\" height=\"534\" src=\"https:\/\/i0.wp.com\/blogdoeloiltoncajuhy.com.br\/site\/wp-content\/uploads\/2021\/01\/PMJ_Secretario-de-Administracao-conversa-com-catadoras-de-Jaguarari.jpg?resize=800%2C534\" alt=\"\" class=\"wp-image-53128\" srcset=\"https:\/\/i0.wp.com\/blogdoeloiltoncajuhy.com.br\/site\/wp-content\/uploads\/2021\/01\/PMJ_Secretario-de-Administracao-conversa-com-catadoras-de-Jaguarari-scaled.jpg?resize=1024%2C683&amp;ssl=1 1024w, https:\/\/i0.wp.com\/blogdoeloiltoncajuhy.com.br\/site\/wp-content\/uploads\/2021\/01\/PMJ_Secretario-de-Administracao-conversa-com-catadoras-de-Jaguarari-scaled.jpg?resize=300%2C200&amp;ssl=1 300w, https:\/\/i0.wp.com\/blogdoeloiltoncajuhy.com.br\/site\/wp-content\/uploads\/2021\/01\/PMJ_Secretario-de-Administracao-conversa-com-catadoras-de-Jaguarari-scaled.jpg?resize=768%2C512&amp;ssl=1 768w, https:\/\/i0.wp.com\/blogdoeloiltoncajuhy.com.br\/site\/wp-content\/uploads\/2021\/01\/PMJ_Secretario-de-Administracao-conversa-com-catadoras-de-Jaguarari-scaled.jpg?resize=1536%2C1024&amp;ssl=1 1536w, https:\/\/i0.wp.com\/blogdoeloiltoncajuhy.com.br\/site\/wp-content\/uploads\/2021\/01\/PMJ_Secretario-de-Administracao-conversa-com-catadoras-de-Jaguarari-scaled.jpg?resize=2048%2C1365&amp;ssl=1 2048w, https:\/\/i0.wp.com\/blogdoeloiltoncajuhy.com.br\/site\/wp-content\/uploads\/2021\/01\/PMJ_Secretario-de-Administracao-conversa-com-catadoras-de-Jaguarari-scaled.jpg?w=1600 1600w, https:\/\/i0.wp.com\/blogdoeloiltoncajuhy.com.br\/site\/wp-content\/uploads\/2021\/01\/PMJ_Secretario-de-Administracao-conversa-com-catadoras-de-Jaguarari-scaled.jpg?w=2400 2400w\" sizes=\"(max-width: 800px) 100vw, 800px\" \/><\/figure><\/div>\n","protected":false},"excerpt":{"rendered":"<p>Preocupada com as condi\u00e7\u00f5es de trabalho no lix\u00e3o de Jaguarari, a Prefeitura Municipal realizou uma reuni\u00e3o na \u00faltima ter\u00e7a-feira (19), com os catadores de material recicl\u00e1vel. O objetivo foi ouvir as reivindica\u00e7\u00f5es dos trabalhadores e analisar in loco as condi\u00e7\u00f5es de trabalho deixadas pela gest\u00e3o anterior. Dentre as principais reclama\u00e7\u00f5es que foram feitas pela classe, [&hellip;]<\/p>\n","protected":false},"author":2,"featured_media":53128,"comment_status":"open","ping_status":"open","sticky":false,"template":"","format":"standard","meta":{"_acf_changed":false,"_monsterinsights_skip_tracking":false,"_monsterinsights_sitenote_active":false,"_monsterinsights_sitenote_note":"","_monsterinsights_sitenote_category":0,"_jetpack_memberships_contains_paid_content":false,"footnotes":"","jetpack_publicize_message":"","jetpack_publicize_feature_enabled":true,"jetpack_social_post_already_shared":true,"jetpack_social_options":{"image_generator_settings":{"template":"highway","default_image_id":0,"font":"","enabled":false},"version":2}},"categories":[11],"tags":[],"class_list":["post-53125","post","type-post","status-publish","format-standard","has-post-thumbnail","hentry","category-regional"],"acf":[],"jetpack_publicize_connections":[],"jetpack_featured_media_url":"https:\/\/i0.wp.com\/blogdoeloiltoncajuhy.com.br\/site\/wp-content\/uploads\/2021\/01\/PMJ_Secretario-de-Administracao-conversa-com-catadoras-de-Jaguarari-scaled.jpg?fit=2560%2C1706&ssl=1","jetpack_sharing_enabled":true,"publishpress_future_workflow_manual_trigger":{"enabledWorkflows":[]},"_links":{"self":[{"href":"https:\/\/blogdoeloiltoncajuhy.com.br\/site\/wp-json\/wp\/v2\/posts\/53125","targetHints":{"allow":["GET"]}}],"collection":[{"href":"https:\/\/blogdoeloiltoncajuhy.com.br\/site\/wp-json\/wp\/v2\/posts"}],"about":[{"href":"https:\/\/blogdoeloiltoncajuhy.com.br\/site\/wp-json\/wp\/v2\/types\/post"}],"author":[{"embeddable":true,"href":"https:\/\/blogdoeloiltoncajuhy.com.br\/site\/wp-json\/wp\/v2\/users\/2"}],"replies":[{"embeddable":true,"href":"https:\/\/blogdoeloiltoncajuhy.com.br\/site\/wp-json\/wp\/v2\/comments?post=53125"}],"version-history":[{"count":2,"href":"https:\/\/blogdoeloiltoncajuhy.com.br\/site\/wp-json\/wp\/v2\/posts\/53125\/revisions"}],"predecessor-version":[{"id":53130,"href":"https:\/\/blogdoeloiltoncajuhy.com.br\/site\/wp-json\/wp\/v2\/posts\/53125\/revisions\/53130"}],"wp:featuredmedia":[{"embeddable":true,"href":"https:\/\/blogdoeloiltoncajuhy.com.br\/site\/wp-json\/wp\/v2\/media\/53128"}],"wp:attachment":[{"href":"https:\/\/blogdoeloiltoncajuhy.com.br\/site\/wp-json\/wp\/v2\/media?parent=53125"}],"wp:term":[{"taxonomy":"category","embeddable":true,"href":"https:\/\/blogdoeloiltoncajuhy.com.br\/site\/wp-json\/wp\/v2\/categories?post=53125"},{"taxonomy":"post_tag","embeddable":true,"href":"https:\/\/blogdoeloiltoncajuhy.com.br\/site\/wp-json\/wp\/v2\/tags?post=53125"}],"curies":[{"name":"wp","href":"https:\/\/api.w.org\/{rel}","templated":true}]}}