{"id":53111,"date":"2021-01-21T18:42:09","date_gmt":"2021-01-21T21:42:09","guid":{"rendered":"http:\/\/blogdoeloiltoncajuhy.com.br\/site\/?p=53111"},"modified":"2021-01-21T18:42:10","modified_gmt":"2021-01-21T21:42:10","slug":"caminhoneiro-e-filmado-com-corpo-para-fora-de-veiculo-com-garrafa-de-bebida-na-mao-enquanto-dirige-video","status":"publish","type":"post","link":"https:\/\/blogdoeloiltoncajuhy.com.br\/site\/caminhoneiro-e-filmado-com-corpo-para-fora-de-veiculo-com-garrafa-de-bebida-na-mao-enquanto-dirige-video\/","title":{"rendered":"Caminhoneiro \u00e9 filmado com corpo para fora de ve\u00edculo com garrafa de bebida na m\u00e3o enquanto dirige; V\u00cdDEO"},"content":{"rendered":"\n<h5 class=\"has-text-align-center wp-block-heading\"><em>Registro foi feito na BR-376, no norte do Paran\u00e1. N\u00e3o houve flagrante, por isso, motorista n\u00e3o foi preso e nem passou por teste para identificar poss\u00edvel uso de subst\u00e2ncias psicoativas, segundo a PRF<\/em><\/h5>\n\n\n\n<div class=\"wp-block-image\"><figure class=\"aligncenter size-full is-resized\"><img data-recalc-dims=\"1\" fetchpriority=\"high\" decoding=\"async\" src=\"https:\/\/i0.wp.com\/blogdoeloiltoncajuhy.com.br\/site\/wp-content\/uploads\/2021\/01\/CaminhoneiroInfracao.jpg?resize=738%2C462\" alt=\"\" class=\"wp-image-53112\" width=\"738\" height=\"462\" srcset=\"https:\/\/i0.wp.com\/blogdoeloiltoncajuhy.com.br\/site\/wp-content\/uploads\/2021\/01\/CaminhoneiroInfracao.jpg?w=984&amp;ssl=1 984w, https:\/\/i0.wp.com\/blogdoeloiltoncajuhy.com.br\/site\/wp-content\/uploads\/2021\/01\/CaminhoneiroInfracao.jpg?resize=300%2C188&amp;ssl=1 300w, https:\/\/i0.wp.com\/blogdoeloiltoncajuhy.com.br\/site\/wp-content\/uploads\/2021\/01\/CaminhoneiroInfracao.jpg?resize=768%2C481&amp;ssl=1 768w\" sizes=\"(max-width: 738px) 100vw, 738px\" \/><figcaption><em>Caminhoneiro \u00e9 filmado com corpo para fora de ve\u00edculo com garrafa de bebida na m\u00e3o enquanto dirige no Paran\u00e1 \u2014 Foto: Divulga\u00e7\u00e3o<\/em><\/figcaption><\/figure><\/div>\n\n\n\n<p>Um motorista foi filmado com parte do corpo para fora do caminh\u00e3o e segurando uma garrafa de bebida alco\u00f3lica enquanto o ve\u00edculo estava em movimento, na BR-376, no norte do Paran\u00e1.<\/p>\n\n\n\n<p>Segundo a Pol\u00edcia Rodovi\u00e1ria Federal (PRF), o caso aconteceu na entrada para o munic\u00edpio de Sarandi.<\/p>\n\n\n\n<p>N\u00e3o houve flagrante da PRF sobre a ocorr\u00eancia. At\u00e9 a publica\u00e7\u00e3o desta reportagem, o motorista n\u00e3o havia sido identificado.<\/p>\n\n\n\n<p>A pol\u00edcia destacou que, caso tivesse sido localizado pelos agentes, nestas condi\u00e7\u00f5es, o homem seria submetido a um teste para identificar poss\u00edveis subst\u00e2ncias psicoativas. Se o resultado desse positivo, ele poderia ser preso.<\/p>\n\n\n\n<p>Conforme a PRF, o motorista cometeu as seguintes infra\u00e7\u00f5es do C\u00f3digo Brasileiro de Tr\u00e2nsito:<\/p>\n\n\n\n<ul class=\"wp-block-list\"><li>dirigir com apenas uma das m\u00e3os;<\/li><\/ul>\n\n\n\n<ul class=\"wp-block-list\"><li>deixar de usar o cinto de seguran\u00e7a;<\/li><\/ul>\n\n\n\n<ul class=\"wp-block-list\"><li>dirigir sem os cuidados indispens\u00e1veis \u00e0 seguran\u00e7a;<\/li><\/ul>\n\n\n\n<ul class=\"wp-block-list\"><li>participar de manobras perigosas com ve\u00edculo gerando situa\u00e7\u00e3o de risco.<\/li><\/ul>\n\n\n\n<p>Essa \u00faltima infra\u00e7\u00e3o prev\u00ea pena de pris\u00e3o de 6 meses a 3 anos, multa, suspens\u00e3o do direito de dirigir e apreens\u00e3o do ve\u00edculo.<\/p>\n\n\n\n<p class=\"has-black-color has-text-color has-medium-font-size\"><strong>Veja o v\u00eddeo:<\/strong><\/p>\n\n\n\n<figure class=\"wp-block-embed-youtube aligncenter wp-block-embed is-type-video is-provider-youtube wp-embed-aspect-16-9 wp-has-aspect-ratio\"><div class=\"wp-block-embed__wrapper\">\n<iframe title=\"Caminhoneiro \u00e9 filmado com corpo para fora de ve\u00edculo com garrafa de bebida na m\u00e3o enquanto dirige.\" width=\"800\" height=\"450\" src=\"https:\/\/www.youtube.com\/embed\/phJT83WNgDY?feature=oembed\" frameborder=\"0\" allow=\"accelerometer; autoplay; clipboard-write; encrypted-media; gyroscope; picture-in-picture\" allowfullscreen><\/iframe>\n<\/div><\/figure>\n","protected":false},"excerpt":{"rendered":"<p>Registro foi feito na BR-376, no norte do Paran\u00e1. N\u00e3o houve flagrante, por isso, motorista n\u00e3o foi preso e nem passou por teste para identificar poss\u00edvel uso de subst\u00e2ncias psicoativas, segundo a PRF Um motorista foi filmado com parte do corpo para fora do caminh\u00e3o e segurando uma garrafa de bebida alco\u00f3lica enquanto o ve\u00edculo [&hellip;]<\/p>\n","protected":false},"author":2,"featured_media":53112,"comment_status":"open","ping_status":"open","sticky":false,"template":"","format":"standard","meta":{"_acf_changed":false,"_monsterinsights_skip_tracking":false,"_monsterinsights_sitenote_active":false,"_monsterinsights_sitenote_note":"","_monsterinsights_sitenote_category":0,"_jetpack_memberships_contains_paid_content":false,"footnotes":"","jetpack_publicize_message":"","jetpack_publicize_feature_enabled":true,"jetpack_social_post_already_shared":true,"jetpack_social_options":{"image_generator_settings":{"template":"highway","default_image_id":0,"font":"","enabled":false},"version":2}},"categories":[1],"tags":[],"class_list":["post-53111","post","type-post","status-publish","format-standard","has-post-thumbnail","hentry","category-noticias"],"acf":[],"jetpack_publicize_connections":[],"jetpack_featured_media_url":"https:\/\/i0.wp.com\/blogdoeloiltoncajuhy.com.br\/site\/wp-content\/uploads\/2021\/01\/CaminhoneiroInfracao.jpg?fit=984%2C616&ssl=1","jetpack_sharing_enabled":true,"publishpress_future_workflow_manual_trigger":{"enabledWorkflows":[]},"_links":{"self":[{"href":"https:\/\/blogdoeloiltoncajuhy.com.br\/site\/wp-json\/wp\/v2\/posts\/53111","targetHints":{"allow":["GET"]}}],"collection":[{"href":"https:\/\/blogdoeloiltoncajuhy.com.br\/site\/wp-json\/wp\/v2\/posts"}],"about":[{"href":"https:\/\/blogdoeloiltoncajuhy.com.br\/site\/wp-json\/wp\/v2\/types\/post"}],"author":[{"embeddable":true,"href":"https:\/\/blogdoeloiltoncajuhy.com.br\/site\/wp-json\/wp\/v2\/users\/2"}],"replies":[{"embeddable":true,"href":"https:\/\/blogdoeloiltoncajuhy.com.br\/site\/wp-json\/wp\/v2\/comments?post=53111"}],"version-history":[{"count":2,"href":"https:\/\/blogdoeloiltoncajuhy.com.br\/site\/wp-json\/wp\/v2\/posts\/53111\/revisions"}],"predecessor-version":[{"id":53114,"href":"https:\/\/blogdoeloiltoncajuhy.com.br\/site\/wp-json\/wp\/v2\/posts\/53111\/revisions\/53114"}],"wp:featuredmedia":[{"embeddable":true,"href":"https:\/\/blogdoeloiltoncajuhy.com.br\/site\/wp-json\/wp\/v2\/media\/53112"}],"wp:attachment":[{"href":"https:\/\/blogdoeloiltoncajuhy.com.br\/site\/wp-json\/wp\/v2\/media?parent=53111"}],"wp:term":[{"taxonomy":"category","embeddable":true,"href":"https:\/\/blogdoeloiltoncajuhy.com.br\/site\/wp-json\/wp\/v2\/categories?post=53111"},{"taxonomy":"post_tag","embeddable":true,"href":"https:\/\/blogdoeloiltoncajuhy.com.br\/site\/wp-json\/wp\/v2\/tags?post=53111"}],"curies":[{"name":"wp","href":"https:\/\/api.w.org\/{rel}","templated":true}]}}