{"id":52981,"date":"2021-01-15T09:55:47","date_gmt":"2021-01-15T12:55:47","guid":{"rendered":"http:\/\/blogdoeloiltoncajuhy.com.br\/site\/?p=52981"},"modified":"2021-01-15T09:55:53","modified_gmt":"2021-01-15T12:55:53","slug":"bahia-tera-mais-de-50-mil-profissionais-de-saude-na-operacao-de-vacinacao-contra-a-covid-19","status":"publish","type":"post","link":"https:\/\/blogdoeloiltoncajuhy.com.br\/site\/bahia-tera-mais-de-50-mil-profissionais-de-saude-na-operacao-de-vacinacao-contra-a-covid-19\/","title":{"rendered":"Bahia ter\u00e1 mais de 50 mil profissionais de sa\u00fade na opera\u00e7\u00e3o de vacina\u00e7\u00e3o contra a Covid-19"},"content":{"rendered":"\n<div class=\"wp-block-image\"><figure class=\"aligncenter size-full is-resized\"><img data-recalc-dims=\"1\" fetchpriority=\"high\" decoding=\"async\" src=\"https:\/\/i0.wp.com\/blogdoeloiltoncajuhy.com.br\/site\/wp-content\/uploads\/2018\/10\/vacina-hepatite.jpg?resize=582%2C428\" alt=\"\" class=\"wp-image-28739\" width=\"582\" height=\"428\" srcset=\"https:\/\/i0.wp.com\/blogdoeloiltoncajuhy.com.br\/site\/wp-content\/uploads\/2018\/10\/vacina-hepatite.jpg?w=380&amp;ssl=1 380w, https:\/\/i0.wp.com\/blogdoeloiltoncajuhy.com.br\/site\/wp-content\/uploads\/2018\/10\/vacina-hepatite.jpg?resize=300%2C221&amp;ssl=1 300w, https:\/\/i0.wp.com\/blogdoeloiltoncajuhy.com.br\/site\/wp-content\/uploads\/2018\/10\/vacina-hepatite.jpg?resize=250%2C184&amp;ssl=1 250w\" sizes=\"(max-width: 582px) 100vw, 582px\" \/><\/figure><\/div>\n\n\n\n<p>O governador Rui Costa utilizou as redes sociais para anunciar, nesta sexta-feira (15), parte da log\u00edstica do Governo do Estado para a vacina\u00e7\u00e3o contra a Covid-19 na Bahia.<\/p>\n\n\n\n<p><em>\u201cTeremos mais de 5 mil salas de vacina e 50 mil profissionais de sa\u00fade envolvidos nesta gigantesca opera\u00e7\u00e3o contra a Covid-19. S\u00f3 falta a vacina chegar para iniciarmos a vacina\u00e7\u00e3o nos 417 munic\u00edpios\u201d<\/em>, disse o governador.<\/p>\n\n\n\n<p>Rui tamb\u00e9m destacou que a opera\u00e7\u00e3o ter\u00e1 in\u00edcio com a distribui\u00e7\u00e3o de 10,2 milh\u00f5es de seringas e agulhas que j\u00e1 est\u00e3o em estoque na Bahia. Outras 19,8 milh\u00f5es de seringas e agulhas foram compradas pela Secretaria Estadual da Sa\u00fade para vacina\u00e7\u00e3o ap\u00f3s as 4 primeiras fases estabelecidas pelo Minist\u00e9rio da Sa\u00fade.<\/p>\n","protected":false},"excerpt":{"rendered":"<p>O governador Rui Costa utilizou as redes sociais para anunciar, nesta sexta-feira (15), parte da log\u00edstica do Governo do Estado para a vacina\u00e7\u00e3o contra a Covid-19 na Bahia. \u201cTeremos mais de 5 mil salas de vacina e 50 mil profissionais de sa\u00fade envolvidos nesta gigantesca opera\u00e7\u00e3o contra a Covid-19. S\u00f3 falta a vacina chegar para [&hellip;]<\/p>\n","protected":false},"author":2,"featured_media":50119,"comment_status":"open","ping_status":"open","sticky":false,"template":"","format":"standard","meta":{"_acf_changed":false,"_monsterinsights_skip_tracking":false,"_monsterinsights_sitenote_active":false,"_monsterinsights_sitenote_note":"","_monsterinsights_sitenote_category":0,"_jetpack_memberships_contains_paid_content":false,"footnotes":"","jetpack_publicize_message":"","jetpack_publicize_feature_enabled":true,"jetpack_social_post_already_shared":true,"jetpack_social_options":{"image_generator_settings":{"template":"highway","default_image_id":0,"font":"","enabled":false},"version":2}},"categories":[7],"tags":[],"class_list":["post-52981","post","type-post","status-publish","format-standard","has-post-thumbnail","hentry","category-saude"],"acf":[],"jetpack_publicize_connections":[],"jetpack_featured_media_url":"https:\/\/i0.wp.com\/blogdoeloiltoncajuhy.com.br\/site\/wp-content\/uploads\/2020\/10\/Vacina-Covid-02.jpg?fit=1170%2C700&ssl=1","jetpack_sharing_enabled":true,"publishpress_future_workflow_manual_trigger":{"enabledWorkflows":[]},"_links":{"self":[{"href":"https:\/\/blogdoeloiltoncajuhy.com.br\/site\/wp-json\/wp\/v2\/posts\/52981","targetHints":{"allow":["GET"]}}],"collection":[{"href":"https:\/\/blogdoeloiltoncajuhy.com.br\/site\/wp-json\/wp\/v2\/posts"}],"about":[{"href":"https:\/\/blogdoeloiltoncajuhy.com.br\/site\/wp-json\/wp\/v2\/types\/post"}],"author":[{"embeddable":true,"href":"https:\/\/blogdoeloiltoncajuhy.com.br\/site\/wp-json\/wp\/v2\/users\/2"}],"replies":[{"embeddable":true,"href":"https:\/\/blogdoeloiltoncajuhy.com.br\/site\/wp-json\/wp\/v2\/comments?post=52981"}],"version-history":[{"count":2,"href":"https:\/\/blogdoeloiltoncajuhy.com.br\/site\/wp-json\/wp\/v2\/posts\/52981\/revisions"}],"predecessor-version":[{"id":52983,"href":"https:\/\/blogdoeloiltoncajuhy.com.br\/site\/wp-json\/wp\/v2\/posts\/52981\/revisions\/52983"}],"wp:featuredmedia":[{"embeddable":true,"href":"https:\/\/blogdoeloiltoncajuhy.com.br\/site\/wp-json\/wp\/v2\/media\/50119"}],"wp:attachment":[{"href":"https:\/\/blogdoeloiltoncajuhy.com.br\/site\/wp-json\/wp\/v2\/media?parent=52981"}],"wp:term":[{"taxonomy":"category","embeddable":true,"href":"https:\/\/blogdoeloiltoncajuhy.com.br\/site\/wp-json\/wp\/v2\/categories?post=52981"},{"taxonomy":"post_tag","embeddable":true,"href":"https:\/\/blogdoeloiltoncajuhy.com.br\/site\/wp-json\/wp\/v2\/tags?post=52981"}],"curies":[{"name":"wp","href":"https:\/\/api.w.org\/{rel}","templated":true}]}}