{"id":5203,"date":"2015-10-26T20:04:19","date_gmt":"2015-10-26T22:04:19","guid":{"rendered":"http:\/\/blogdoeloiltoncajuhy.com.br\/site\/?p=5203"},"modified":"2015-10-26T20:04:19","modified_gmt":"2015-10-26T22:04:19","slug":"enem-2015-percentual-de-faltosos-na-bahia-e-maior-que-media-nacional","status":"publish","type":"post","link":"https:\/\/blogdoeloiltoncajuhy.com.br\/site\/enem-2015-percentual-de-faltosos-na-bahia-e-maior-que-media-nacional\/","title":{"rendered":"Enem 2015: percentual de faltosos na Bahia \u00e9 maior que m\u00e9dia nacional"},"content":{"rendered":"<p><em><strong>Exame foi realizado em todo o Brasil, no s\u00e1bado (24) e domingo (25)<\/strong><\/em><\/p>\n<figure id=\"attachment_5204\" aria-describedby=\"caption-attachment-5204\" style=\"width: 620px\" class=\"wp-caption aligncenter\"><a href=\"https:\/\/i0.wp.com\/blogdoeloiltoncajuhy.com.br\/site\/wp-content\/uploads\/2015\/10\/aloizio_mercadante.jpg\"><img data-recalc-dims=\"1\" fetchpriority=\"high\" decoding=\"async\" class=\"wp-image-5204 size-full\" src=\"https:\/\/i0.wp.com\/blogdoeloiltoncajuhy.com.br\/site\/wp-content\/uploads\/2015\/10\/aloizio_mercadante.jpg?resize=620%2C453\" alt=\"aloizio_mercadante\" width=\"620\" height=\"453\" srcset=\"https:\/\/i0.wp.com\/blogdoeloiltoncajuhy.com.br\/site\/wp-content\/uploads\/2015\/10\/aloizio_mercadante.jpg?w=620&amp;ssl=1 620w, https:\/\/i0.wp.com\/blogdoeloiltoncajuhy.com.br\/site\/wp-content\/uploads\/2015\/10\/aloizio_mercadante.jpg?resize=300%2C219&amp;ssl=1 300w, https:\/\/i0.wp.com\/blogdoeloiltoncajuhy.com.br\/site\/wp-content\/uploads\/2015\/10\/aloizio_mercadante.jpg?resize=250%2C183&amp;ssl=1 250w\" sizes=\"(max-width: 620px) 100vw, 620px\" \/><\/a><figcaption id=\"caption-attachment-5204\" class=\"wp-caption-text\">Aloizio Mercadante, ministro da Educa\u00e7\u00e3o (Foto: Arquivo EBC)<\/figcaption><\/figure>\n<p>Ap\u00f3s dois dias de provas do Exame Nacional do Ensino M\u00e9dio (Enem), o ministro da Educa\u00e7\u00e3o, Aloizio Mercadante, elogiou o resultado positivo sobre a prova deste ano, realizada em todo o pa\u00eds no s\u00e1bado (24) e domingo (25).<\/p>\n<p>&#8220;Chegamos ao final do Enem com o mais absoluto \u00eaxito; fazer um exame desta dimens\u00e3o \u00e9 um grande avan\u00e7o para educa\u00e7\u00e3o brasileira&#8221;, disse o ministro.<\/p>\n<p>Em entrevista coletiva, Mercadante informou que o percentual de absten\u00e7\u00f5es foi de 25,5%, menor n\u00famero da hist\u00f3ria do exame. A Bahia, por sua vez, teve n\u00edvel de absten\u00e7\u00f5es maior que a m\u00e9dia nacional, com 26,1% de faltosos.<\/p>\n<p>Em todo o Brasil, foram eliminados 743 participantes &#8211; tr\u00eas por postagem de imagens do local de provas nas redes socais -, menos da metade que o n\u00famero de exclu\u00eddos do ano passado, quando 1.519 candidatos foram eliminados.<\/p>\n<p><strong>Reda\u00e7\u00e3o pol\u00eamica<\/strong><\/p>\n<p>O ministro fez quest\u00e3o de elogiar a escolha do tema da reda\u00e7\u00e3o do Enem, que foi &#8220;A persist\u00eancia da viol\u00eancia contra a mulher na sociedade brasileira&#8221;. O tema gerou debates e pol\u00eamica no Twitter.<\/p>\n<p>&#8220;O tema da reda\u00e7\u00e3o foi de muita relev\u00e2ncia para a cultura do Brasil. Ajuda na reflex\u00e3o para 7 milh\u00f5es de participantes sobre o tema. Se conseguirmos discutir com transpar\u00eancia, ser\u00e1 um grande avan\u00e7o para a sociedade brasileira&#8221;, disse Mercadante.<\/p>\n<p>J\u00e1 nas redes sociais, alguns usu\u00e1rios defenderam que o assunto proposto pelo Minist\u00e9rio da Educa\u00e7\u00e3o (MEC) \u00e9 atual e pertinente, e outros criticaram o suposto feminismo dos organizadores do Enem.<\/p>\n<p>No Twitter, os internautas logo trataram de comentar sobre o assunto utilizando hashtags como #enemfeminista ou utilizando o a palavra pejorativa &#8220;feminazi&#8221;, al\u00e9m de outras rea\u00e7\u00f5es preconceituosas.<\/p>\n<p>Houve ainda os que utilizaram o momento para fazer piada com o tema da reda\u00e7\u00e3o, citando, inclusive, a recente separa\u00e7\u00e3o do casal Joelma e Chimbinha.<\/p>\n<p><em>*Correio da Bahia<\/em><\/p>\n","protected":false},"excerpt":{"rendered":"<p>Exame foi realizado em todo o Brasil, no s\u00e1bado (24) e domingo (25) Ap\u00f3s dois dias de provas do Exame Nacional do Ensino M\u00e9dio (Enem), o ministro da Educa\u00e7\u00e3o, Aloizio Mercadante, elogiou o resultado positivo sobre a prova deste ano, realizada em todo o pa\u00eds no s\u00e1bado (24) e domingo (25). &#8220;Chegamos ao final do [&hellip;]<\/p>\n","protected":false},"author":2,"featured_media":5204,"comment_status":"open","ping_status":"open","sticky":false,"template":"","format":"standard","meta":{"_acf_changed":false,"_monsterinsights_skip_tracking":false,"_monsterinsights_sitenote_active":false,"_monsterinsights_sitenote_note":"","_monsterinsights_sitenote_category":0,"_jetpack_memberships_contains_paid_content":false,"footnotes":"","jetpack_publicize_message":"","jetpack_publicize_feature_enabled":true,"jetpack_social_post_already_shared":true,"jetpack_social_options":{"image_generator_settings":{"template":"highway","default_image_id":0,"font":"","enabled":false},"version":2}},"categories":[14,1],"tags":[],"class_list":["post-5203","post","type-post","status-publish","format-standard","has-post-thumbnail","hentry","category-educacao","category-noticias"],"acf":[],"jetpack_publicize_connections":[],"jetpack_featured_media_url":"https:\/\/i0.wp.com\/blogdoeloiltoncajuhy.com.br\/site\/wp-content\/uploads\/2015\/10\/aloizio_mercadante.jpg?fit=620%2C453&ssl=1","jetpack_sharing_enabled":true,"publishpress_future_workflow_manual_trigger":{"enabledWorkflows":[]},"_links":{"self":[{"href":"https:\/\/blogdoeloiltoncajuhy.com.br\/site\/wp-json\/wp\/v2\/posts\/5203","targetHints":{"allow":["GET"]}}],"collection":[{"href":"https:\/\/blogdoeloiltoncajuhy.com.br\/site\/wp-json\/wp\/v2\/posts"}],"about":[{"href":"https:\/\/blogdoeloiltoncajuhy.com.br\/site\/wp-json\/wp\/v2\/types\/post"}],"author":[{"embeddable":true,"href":"https:\/\/blogdoeloiltoncajuhy.com.br\/site\/wp-json\/wp\/v2\/users\/2"}],"replies":[{"embeddable":true,"href":"https:\/\/blogdoeloiltoncajuhy.com.br\/site\/wp-json\/wp\/v2\/comments?post=5203"}],"version-history":[{"count":1,"href":"https:\/\/blogdoeloiltoncajuhy.com.br\/site\/wp-json\/wp\/v2\/posts\/5203\/revisions"}],"predecessor-version":[{"id":5205,"href":"https:\/\/blogdoeloiltoncajuhy.com.br\/site\/wp-json\/wp\/v2\/posts\/5203\/revisions\/5205"}],"wp:featuredmedia":[{"embeddable":true,"href":"https:\/\/blogdoeloiltoncajuhy.com.br\/site\/wp-json\/wp\/v2\/media\/5204"}],"wp:attachment":[{"href":"https:\/\/blogdoeloiltoncajuhy.com.br\/site\/wp-json\/wp\/v2\/media?parent=5203"}],"wp:term":[{"taxonomy":"category","embeddable":true,"href":"https:\/\/blogdoeloiltoncajuhy.com.br\/site\/wp-json\/wp\/v2\/categories?post=5203"},{"taxonomy":"post_tag","embeddable":true,"href":"https:\/\/blogdoeloiltoncajuhy.com.br\/site\/wp-json\/wp\/v2\/tags?post=5203"}],"curies":[{"name":"wp","href":"https:\/\/api.w.org\/{rel}","templated":true}]}}