{"id":5194,"date":"2015-10-26T19:18:05","date_gmt":"2015-10-26T21:18:05","guid":{"rendered":"http:\/\/blogdoeloiltoncajuhy.com.br\/site\/?p=5194"},"modified":"2015-10-26T19:21:51","modified_gmt":"2015-10-26T21:21:51","slug":"imagem-de-uma-cidade-abandonada","status":"publish","type":"post","link":"https:\/\/blogdoeloiltoncajuhy.com.br\/site\/imagem-de-uma-cidade-abandonada\/","title":{"rendered":"Imagem de uma cidade abandonada"},"content":{"rendered":"<p><a href=\"https:\/\/i0.wp.com\/blogdoeloiltoncajuhy.com.br\/site\/wp-content\/uploads\/2015\/10\/reboque_1.jpg\"><img data-recalc-dims=\"1\" fetchpriority=\"high\" decoding=\"async\" class=\"aligncenter size-full wp-image-5195\" src=\"https:\/\/i0.wp.com\/blogdoeloiltoncajuhy.com.br\/site\/wp-content\/uploads\/2015\/10\/reboque_1.jpg?resize=800%2C754\" alt=\"reboque_1\" width=\"800\" height=\"754\" srcset=\"https:\/\/i0.wp.com\/blogdoeloiltoncajuhy.com.br\/site\/wp-content\/uploads\/2015\/10\/reboque_1.jpg?w=1224&amp;ssl=1 1224w, https:\/\/i0.wp.com\/blogdoeloiltoncajuhy.com.br\/site\/wp-content\/uploads\/2015\/10\/reboque_1.jpg?resize=300%2C283&amp;ssl=1 300w, https:\/\/i0.wp.com\/blogdoeloiltoncajuhy.com.br\/site\/wp-content\/uploads\/2015\/10\/reboque_1.jpg?resize=1024%2C965&amp;ssl=1 1024w, https:\/\/i0.wp.com\/blogdoeloiltoncajuhy.com.br\/site\/wp-content\/uploads\/2015\/10\/reboque_1.jpg?resize=250%2C236&amp;ssl=1 250w\" sizes=\"(max-width: 800px) 100vw, 800px\" \/><\/a>Nesta segunda-feira (26), nossa reportagem flagrou, por volta das 17h, um reboque estacionado em cima de uma cal\u00e7ada na Pra\u00e7a Manoel Vitorino, centro de nossa cidade.<\/p>\n<p>Reparem que o ve\u00edculo ainda est\u00e1 preso com correntes ao orelh\u00e3o e a uma placa de sinaliza\u00e7\u00e3o, dificultando\u00a0a passagem de pedestres. Caso o orelh\u00e3o esteja funcionando, tamb\u00e9m \u00e9 imposs\u00edvel ser utilizado por causa das correntes.<\/p>\n<p>Vale ressaltar que neste local h\u00e1 grande fluxo de pessoas e carros, principalmente nos hor\u00e1rios de entrada e sa\u00edda dos alunos do Col\u00e9gio Sacramentinas, que fica do outro lado da pra\u00e7a.<\/p>\n<p><a href=\"https:\/\/i0.wp.com\/blogdoeloiltoncajuhy.com.br\/site\/wp-content\/uploads\/2015\/10\/reboque_2.jpg\"><img data-recalc-dims=\"1\" decoding=\"async\" class=\"aligncenter size-full wp-image-5196\" src=\"https:\/\/i0.wp.com\/blogdoeloiltoncajuhy.com.br\/site\/wp-content\/uploads\/2015\/10\/reboque_2.jpg?resize=767%2C1260\" alt=\"reboque_2\" width=\"767\" height=\"1260\" srcset=\"https:\/\/i0.wp.com\/blogdoeloiltoncajuhy.com.br\/site\/wp-content\/uploads\/2015\/10\/reboque_2.jpg?w=767&amp;ssl=1 767w, https:\/\/i0.wp.com\/blogdoeloiltoncajuhy.com.br\/site\/wp-content\/uploads\/2015\/10\/reboque_2.jpg?resize=183%2C300&amp;ssl=1 183w, https:\/\/i0.wp.com\/blogdoeloiltoncajuhy.com.br\/site\/wp-content\/uploads\/2015\/10\/reboque_2.jpg?resize=623%2C1024&amp;ssl=1 623w, https:\/\/i0.wp.com\/blogdoeloiltoncajuhy.com.br\/site\/wp-content\/uploads\/2015\/10\/reboque_2.jpg?resize=152%2C250&amp;ssl=1 152w\" sizes=\"(max-width: 767px) 100vw, 767px\" \/><\/a>No momento em que nossa reportagem passava pelo local, vimos pessoas, inclusive crian\u00e7as e idosos, tendo que ir para o meio da rua por causa desse reboque colocado no lugar destinado aos pedestres.<\/p>\n<p><em>*Eloilton Cajuhy &#8211; DRT 3621<\/em><\/p>\n","protected":false},"excerpt":{"rendered":"<p>Nesta segunda-feira (26), nossa reportagem flagrou, por volta das 17h, um reboque estacionado em cima de uma cal\u00e7ada na Pra\u00e7a Manoel Vitorino, centro de nossa cidade. Reparem que o ve\u00edculo ainda est\u00e1 preso com correntes ao orelh\u00e3o e a uma placa de sinaliza\u00e7\u00e3o, dificultando\u00a0a passagem de pedestres. Caso o orelh\u00e3o esteja funcionando, tamb\u00e9m \u00e9 imposs\u00edvel [&hellip;]<\/p>\n","protected":false},"author":2,"featured_media":5196,"comment_status":"open","ping_status":"open","sticky":false,"template":"","format":"standard","meta":{"_acf_changed":false,"_monsterinsights_skip_tracking":false,"_monsterinsights_sitenote_active":false,"_monsterinsights_sitenote_note":"","_monsterinsights_sitenote_category":0,"_jetpack_memberships_contains_paid_content":false,"footnotes":"","jetpack_publicize_message":"","jetpack_publicize_feature_enabled":true,"jetpack_social_post_already_shared":true,"jetpack_social_options":{"image_generator_settings":{"template":"highway","default_image_id":0,"font":"","enabled":false},"version":2}},"categories":[1,4],"tags":[],"class_list":["post-5194","post","type-post","status-publish","format-standard","has-post-thumbnail","hentry","category-noticias","category-local"],"acf":[],"jetpack_publicize_connections":[],"jetpack_featured_media_url":"https:\/\/i0.wp.com\/blogdoeloiltoncajuhy.com.br\/site\/wp-content\/uploads\/2015\/10\/reboque_2.jpg?fit=767%2C1260&ssl=1","jetpack_sharing_enabled":true,"publishpress_future_workflow_manual_trigger":{"enabledWorkflows":[]},"_links":{"self":[{"href":"https:\/\/blogdoeloiltoncajuhy.com.br\/site\/wp-json\/wp\/v2\/posts\/5194","targetHints":{"allow":["GET"]}}],"collection":[{"href":"https:\/\/blogdoeloiltoncajuhy.com.br\/site\/wp-json\/wp\/v2\/posts"}],"about":[{"href":"https:\/\/blogdoeloiltoncajuhy.com.br\/site\/wp-json\/wp\/v2\/types\/post"}],"author":[{"embeddable":true,"href":"https:\/\/blogdoeloiltoncajuhy.com.br\/site\/wp-json\/wp\/v2\/users\/2"}],"replies":[{"embeddable":true,"href":"https:\/\/blogdoeloiltoncajuhy.com.br\/site\/wp-json\/wp\/v2\/comments?post=5194"}],"version-history":[{"count":3,"href":"https:\/\/blogdoeloiltoncajuhy.com.br\/site\/wp-json\/wp\/v2\/posts\/5194\/revisions"}],"predecessor-version":[{"id":5199,"href":"https:\/\/blogdoeloiltoncajuhy.com.br\/site\/wp-json\/wp\/v2\/posts\/5194\/revisions\/5199"}],"wp:featuredmedia":[{"embeddable":true,"href":"https:\/\/blogdoeloiltoncajuhy.com.br\/site\/wp-json\/wp\/v2\/media\/5196"}],"wp:attachment":[{"href":"https:\/\/blogdoeloiltoncajuhy.com.br\/site\/wp-json\/wp\/v2\/media?parent=5194"}],"wp:term":[{"taxonomy":"category","embeddable":true,"href":"https:\/\/blogdoeloiltoncajuhy.com.br\/site\/wp-json\/wp\/v2\/categories?post=5194"},{"taxonomy":"post_tag","embeddable":true,"href":"https:\/\/blogdoeloiltoncajuhy.com.br\/site\/wp-json\/wp\/v2\/tags?post=5194"}],"curies":[{"name":"wp","href":"https:\/\/api.w.org\/{rel}","templated":true}]}}