{"id":5188,"date":"2015-10-26T10:55:44","date_gmt":"2015-10-26T12:55:44","guid":{"rendered":"http:\/\/blogdoeloiltoncajuhy.com.br\/site\/?p=5188"},"modified":"2015-10-26T10:55:44","modified_gmt":"2015-10-26T12:55:44","slug":"stephany-absoluta-casa-com-empresario-26-anos-mais-velho","status":"publish","type":"post","link":"https:\/\/blogdoeloiltoncajuhy.com.br\/site\/stephany-absoluta-casa-com-empresario-26-anos-mais-velho\/","title":{"rendered":"Stephany Absoluta casa com empres\u00e1rio 26 anos mais velho"},"content":{"rendered":"<p><em><strong>Cantora chegou montada num jumento<\/strong><\/em><\/p>\n<p><a href=\"https:\/\/i0.wp.com\/blogdoeloiltoncajuhy.com.br\/site\/wp-content\/uploads\/2015\/10\/stephany_1.jpg\"><img data-recalc-dims=\"1\" fetchpriority=\"high\" decoding=\"async\" class=\"aligncenter size-full wp-image-5189\" src=\"https:\/\/i0.wp.com\/blogdoeloiltoncajuhy.com.br\/site\/wp-content\/uploads\/2015\/10\/stephany_1.jpg?resize=382%2C263\" alt=\"stephany_1\" width=\"382\" height=\"263\" srcset=\"https:\/\/i0.wp.com\/blogdoeloiltoncajuhy.com.br\/site\/wp-content\/uploads\/2015\/10\/stephany_1.jpg?w=382&amp;ssl=1 382w, https:\/\/i0.wp.com\/blogdoeloiltoncajuhy.com.br\/site\/wp-content\/uploads\/2015\/10\/stephany_1.jpg?resize=300%2C207&amp;ssl=1 300w, https:\/\/i0.wp.com\/blogdoeloiltoncajuhy.com.br\/site\/wp-content\/uploads\/2015\/10\/stephany_1.jpg?resize=250%2C172&amp;ssl=1 250w\" sizes=\"(max-width: 382px) 100vw, 382px\" \/><\/a>A fazenda Bom Jesus, na cidade de Valen\u00e7a do Piau\u00ed, no Piau\u00ed, parou no \u00faltimo s\u00e1bado (24). Na ocasi\u00e3o, diversas pessoas da cidade foram convidadas para a inaugura\u00e7\u00e3o do novo empreendimento do empres\u00e1rio Roberto Cardoso, de 50 anos.<\/p>\n<p>Enquanto aguardavam a solenidade, uma surpresa. Stefhany Absoluta, conhecida pelo hit Sou Stefhany, aquele do CrossFox, chegou ao local vestida de noiva, em cima de um jumento e, em seguida, foi conduzida por seu padrasto at\u00e9 o altar.<\/p>\n<p>A artista de 24 anos &#8211; que abandonou as roupas provocantes e virou cantora gospel &#8211; se casou com o empres\u00e1rio. O marido da Absoluta \u00e9 da \u00e1rea imobili\u00e1ria.<\/p>\n<p>O enlace matrimonial foi celebrado pelo pastor Jo\u00e3o Batista de Fran\u00e7a Filho, que parabenizou o casal e lembrou ao empres\u00e1rio que sua noiva \u00e9 uma pessoa publica e, por isso, ele, que n\u00e3o \u00e9 do meio art\u00edstico, deve entender seu relacionamento com os f\u00e3s.<\/p>\n<p><em><a href=\"https:\/\/i0.wp.com\/blogdoeloiltoncajuhy.com.br\/site\/wp-content\/uploads\/2015\/10\/stephany_2.jpg\"><img data-recalc-dims=\"1\" decoding=\"async\" class=\"aligncenter size-full wp-image-5190\" src=\"https:\/\/i0.wp.com\/blogdoeloiltoncajuhy.com.br\/site\/wp-content\/uploads\/2015\/10\/stephany_2.jpg?resize=640%2C427\" alt=\"stephany_2\" width=\"640\" height=\"427\" srcset=\"https:\/\/i0.wp.com\/blogdoeloiltoncajuhy.com.br\/site\/wp-content\/uploads\/2015\/10\/stephany_2.jpg?w=640&amp;ssl=1 640w, https:\/\/i0.wp.com\/blogdoeloiltoncajuhy.com.br\/site\/wp-content\/uploads\/2015\/10\/stephany_2.jpg?resize=300%2C200&amp;ssl=1 300w, https:\/\/i0.wp.com\/blogdoeloiltoncajuhy.com.br\/site\/wp-content\/uploads\/2015\/10\/stephany_2.jpg?resize=250%2C167&amp;ssl=1 250w\" sizes=\"(max-width: 640px) 100vw, 640px\" \/><\/a>*O Fuxico<\/em><\/p>\n","protected":false},"excerpt":{"rendered":"<p>Cantora chegou montada num jumento A fazenda Bom Jesus, na cidade de Valen\u00e7a do Piau\u00ed, no Piau\u00ed, parou no \u00faltimo s\u00e1bado (24). Na ocasi\u00e3o, diversas pessoas da cidade foram convidadas para a inaugura\u00e7\u00e3o do novo empreendimento do empres\u00e1rio Roberto Cardoso, de 50 anos. Enquanto aguardavam a solenidade, uma surpresa. Stefhany Absoluta, conhecida pelo hit Sou [&hellip;]<\/p>\n","protected":false},"author":2,"featured_media":5190,"comment_status":"open","ping_status":"open","sticky":false,"template":"","format":"standard","meta":{"_acf_changed":false,"_monsterinsights_skip_tracking":false,"_monsterinsights_sitenote_active":false,"_monsterinsights_sitenote_note":"","_monsterinsights_sitenote_category":0,"_jetpack_memberships_contains_paid_content":false,"footnotes":"","jetpack_publicize_message":"","jetpack_publicize_feature_enabled":true,"jetpack_social_post_already_shared":true,"jetpack_social_options":{"image_generator_settings":{"template":"highway","default_image_id":0,"font":"","enabled":false},"version":2}},"categories":[8,1],"tags":[],"class_list":["post-5188","post","type-post","status-publish","format-standard","has-post-thumbnail","hentry","category-cultura","category-noticias"],"acf":[],"jetpack_publicize_connections":[],"jetpack_featured_media_url":"https:\/\/i0.wp.com\/blogdoeloiltoncajuhy.com.br\/site\/wp-content\/uploads\/2015\/10\/stephany_2.jpg?fit=640%2C427&ssl=1","jetpack_sharing_enabled":true,"publishpress_future_workflow_manual_trigger":{"enabledWorkflows":[]},"_links":{"self":[{"href":"https:\/\/blogdoeloiltoncajuhy.com.br\/site\/wp-json\/wp\/v2\/posts\/5188","targetHints":{"allow":["GET"]}}],"collection":[{"href":"https:\/\/blogdoeloiltoncajuhy.com.br\/site\/wp-json\/wp\/v2\/posts"}],"about":[{"href":"https:\/\/blogdoeloiltoncajuhy.com.br\/site\/wp-json\/wp\/v2\/types\/post"}],"author":[{"embeddable":true,"href":"https:\/\/blogdoeloiltoncajuhy.com.br\/site\/wp-json\/wp\/v2\/users\/2"}],"replies":[{"embeddable":true,"href":"https:\/\/blogdoeloiltoncajuhy.com.br\/site\/wp-json\/wp\/v2\/comments?post=5188"}],"version-history":[{"count":1,"href":"https:\/\/blogdoeloiltoncajuhy.com.br\/site\/wp-json\/wp\/v2\/posts\/5188\/revisions"}],"predecessor-version":[{"id":5191,"href":"https:\/\/blogdoeloiltoncajuhy.com.br\/site\/wp-json\/wp\/v2\/posts\/5188\/revisions\/5191"}],"wp:featuredmedia":[{"embeddable":true,"href":"https:\/\/blogdoeloiltoncajuhy.com.br\/site\/wp-json\/wp\/v2\/media\/5190"}],"wp:attachment":[{"href":"https:\/\/blogdoeloiltoncajuhy.com.br\/site\/wp-json\/wp\/v2\/media?parent=5188"}],"wp:term":[{"taxonomy":"category","embeddable":true,"href":"https:\/\/blogdoeloiltoncajuhy.com.br\/site\/wp-json\/wp\/v2\/categories?post=5188"},{"taxonomy":"post_tag","embeddable":true,"href":"https:\/\/blogdoeloiltoncajuhy.com.br\/site\/wp-json\/wp\/v2\/tags?post=5188"}],"curies":[{"name":"wp","href":"https:\/\/api.w.org\/{rel}","templated":true}]}}