{"id":5184,"date":"2015-10-26T10:47:43","date_gmt":"2015-10-26T12:47:43","guid":{"rendered":"http:\/\/blogdoeloiltoncajuhy.com.br\/site\/?p=5184"},"modified":"2015-10-26T10:47:43","modified_gmt":"2015-10-26T12:47:43","slug":"gente-que-faz-historia-hoje-e-aniversario-de-milton-nascimento-e-belchior","status":"publish","type":"post","link":"https:\/\/blogdoeloiltoncajuhy.com.br\/site\/gente-que-faz-historia-hoje-e-aniversario-de-milton-nascimento-e-belchior\/","title":{"rendered":"GENTE QUE FAZ HIST\u00d3RIA: Hoje \u00e9 anivers\u00e1rio de Milton Nascimento e Belchior"},"content":{"rendered":"<p><strong>= Milton Nascimento \u2013<\/strong>\u00a0Nasceu no Rio de Janeiro, em 26 de outubro de 1942.<\/p>\n<p><a href=\"https:\/\/i0.wp.com\/blogdoeloiltoncajuhy.com.br\/site\/wp-content\/uploads\/2015\/10\/MILTON-NASCIMENTO-1.jpeg\"><img data-recalc-dims=\"1\" fetchpriority=\"high\" decoding=\"async\" class=\"aligncenter size-full wp-image-5185\" src=\"https:\/\/i0.wp.com\/blogdoeloiltoncajuhy.com.br\/site\/wp-content\/uploads\/2015\/10\/MILTON-NASCIMENTO-1.jpeg?resize=692%2C447\" alt=\"MILTON-NASCIMENTO-1\" width=\"692\" height=\"447\" srcset=\"https:\/\/i0.wp.com\/blogdoeloiltoncajuhy.com.br\/site\/wp-content\/uploads\/2015\/10\/MILTON-NASCIMENTO-1.jpeg?w=692&amp;ssl=1 692w, https:\/\/i0.wp.com\/blogdoeloiltoncajuhy.com.br\/site\/wp-content\/uploads\/2015\/10\/MILTON-NASCIMENTO-1.jpeg?resize=300%2C194&amp;ssl=1 300w, https:\/\/i0.wp.com\/blogdoeloiltoncajuhy.com.br\/site\/wp-content\/uploads\/2015\/10\/MILTON-NASCIMENTO-1.jpeg?resize=250%2C161&amp;ssl=1 250w\" sizes=\"(max-width: 692px) 100vw, 692px\" \/><\/a>Cantor e compositor brasileiro, reconhecido mundialmente como um dos mais influentes e talentosos cantores e compositores da M\u00fasica Popular Brasileira.<\/p>\n<p>Mineiro de cora\u00e7\u00e3o, tornou-se conhecido nacionalmente, quando a can\u00e7\u00e3o &#8220;Travessia&#8221;, composta por ele e Fernando Brant, ocupou a segunda posi\u00e7\u00e3o no Festival Internacional da Can\u00e7\u00e3o, de 1967.<\/p>\n<p>Tem como parceiros e m\u00fasicos que regravaram suas can\u00e7\u00f5es, nomes como: Peter Gabriel, Sarah Vaughan, Chico Buarque, Gal Costa, Caetano Veloso, Gilberto Gil, Faf\u00e1 de Bel\u00e9m e Elis Regina.<\/p>\n<p>J\u00e1 recebeu 5 pr\u00eamios Grammy. Em 1998, ganhou o Grammy de Best World Music Album in 1997. Milton j\u00e1 se apresentou na Am\u00e9rica do Sul, Am\u00e9rica do Norte, Europa, \u00c1sia e \u00c1frica.<\/p>\n<p>At\u00e9 agora, Milton Nascimento j\u00e1 gravou trinta e quatro \u00e1lbuns. Cantou com v\u00e1rios outros artistas, incluindo Angra, Maria Beth\u00e2nia, Elis Regina, Gal Costa, Jorge Ben Jor, Caetano Veloso, Simone, Chico Buarque, Clementina de Jesus, Gilberto Gil, Beto Guedes, Paul Simon, Criolo, Peter Gabriel, Quincy Jones, dentre outros.<\/p>\n<p><strong>= Belchior \u2013<\/strong> Ant\u00f4nio Carlos Gomes Belchior Fontenelle Fernandes nasceu em Sobral, CE, no dia 26 de outubro de 1946.<\/p>\n<p><a href=\"https:\/\/i0.wp.com\/blogdoeloiltoncajuhy.com.br\/site\/wp-content\/uploads\/2015\/10\/belchior.jpg\"><img data-recalc-dims=\"1\" decoding=\"async\" class=\"aligncenter size-full wp-image-5186\" src=\"https:\/\/i0.wp.com\/blogdoeloiltoncajuhy.com.br\/site\/wp-content\/uploads\/2015\/10\/belchior.jpg?resize=800%2C534\" alt=\"belchior\" width=\"800\" height=\"534\" srcset=\"https:\/\/i0.wp.com\/blogdoeloiltoncajuhy.com.br\/site\/wp-content\/uploads\/2015\/10\/belchior.jpg?w=1204&amp;ssl=1 1204w, https:\/\/i0.wp.com\/blogdoeloiltoncajuhy.com.br\/site\/wp-content\/uploads\/2015\/10\/belchior.jpg?resize=300%2C200&amp;ssl=1 300w, https:\/\/i0.wp.com\/blogdoeloiltoncajuhy.com.br\/site\/wp-content\/uploads\/2015\/10\/belchior.jpg?resize=1024%2C684&amp;ssl=1 1024w, https:\/\/i0.wp.com\/blogdoeloiltoncajuhy.com.br\/site\/wp-content\/uploads\/2015\/10\/belchior.jpg?resize=250%2C167&amp;ssl=1 250w\" sizes=\"(max-width: 800px) 100vw, 800px\" \/><\/a>Cantor e compositor. Foi um dos primeiros cantores de MPB do nordeste brasileiro a fazer sucesso nacional, em meados da d\u00e9cada de 1970.<\/p>\n<p>Filho de m\u00fasicos amadores, foi bastante influenciado pelos cantores do r\u00e1dio dos anos 50. Mais tarde trabalhou como programador de r\u00e1dio e nos anos 60 participou de festivais de m\u00fasica no Nordeste, se aproximando de outros m\u00fasicos cearenses como Fagner e Ednardo.<\/p>\n<p>Em 1971 mudou-se para o Rio de Janeiro, onde conheceu S\u00e9rgio Ricardo, que possibilitou a grava\u00e7\u00e3o de &#8220;Mucuripe&#8221;, sua parceria com Fagner. Sua composi\u00e7\u00e3o &#8220;Na Hora do Almo\u00e7o&#8221; venceu o Festival Universit\u00e1rio e marcou sua estreia com um compacto.<\/p>\n<p>Mas foi a inclus\u00e3o de duas de suas composi\u00e7\u00f5es (&#8220;Como Nossos Pais&#8221; e &#8220;Velha Roupa Colorida&#8221;) no show de Elis Regina que o projetou como compositor, sendo gravado de Jair Rodrigues (&#8220;Galos, Noites e Quintais&#8221;) a Vanusa (&#8220;Paralelas&#8221;). Teve outros sucessos como &#8220;Apenas um Rapaz Latino-americano&#8221;, &#8220;Tudo Outra Vez&#8221; e &#8220;A Palo Seco&#8221;.<\/p>\n<p>Em 1999 lan\u00e7ou o CD duplo &#8220;Autorretrato&#8221;, em que faz uma releitura de suas principais obras. Belchior tamb\u00e9m atua como pintor, desenhista e caricaturista.<\/p>\n<p><em>*Wikip\u00e9dia e Cliquemusic<\/em><\/p>\n","protected":false},"excerpt":{"rendered":"<p>= Milton Nascimento \u2013\u00a0Nasceu no Rio de Janeiro, em 26 de outubro de 1942. Cantor e compositor brasileiro, reconhecido mundialmente como um dos mais influentes e talentosos cantores e compositores da M\u00fasica Popular Brasileira. Mineiro de cora\u00e7\u00e3o, tornou-se conhecido nacionalmente, quando a can\u00e7\u00e3o &#8220;Travessia&#8221;, composta por ele e Fernando Brant, ocupou a segunda posi\u00e7\u00e3o no [&hellip;]<\/p>\n","protected":false},"author":2,"featured_media":5186,"comment_status":"open","ping_status":"open","sticky":false,"template":"","format":"standard","meta":{"_acf_changed":false,"_monsterinsights_skip_tracking":false,"_monsterinsights_sitenote_active":false,"_monsterinsights_sitenote_note":"","_monsterinsights_sitenote_category":0,"_jetpack_memberships_contains_paid_content":false,"footnotes":"","jetpack_publicize_message":"","jetpack_publicize_feature_enabled":true,"jetpack_social_post_already_shared":true,"jetpack_social_options":{"image_generator_settings":{"template":"highway","default_image_id":0,"font":"","enabled":false},"version":2}},"categories":[8,12,1],"tags":[],"class_list":["post-5184","post","type-post","status-publish","format-standard","has-post-thumbnail","hentry","category-cultura","category-gente-que-faz-a-nossa-historia","category-noticias"],"acf":[],"jetpack_publicize_connections":[],"jetpack_featured_media_url":"https:\/\/i0.wp.com\/blogdoeloiltoncajuhy.com.br\/site\/wp-content\/uploads\/2015\/10\/belchior.jpg?fit=1204%2C804&ssl=1","jetpack_sharing_enabled":true,"publishpress_future_workflow_manual_trigger":{"enabledWorkflows":[]},"_links":{"self":[{"href":"https:\/\/blogdoeloiltoncajuhy.com.br\/site\/wp-json\/wp\/v2\/posts\/5184","targetHints":{"allow":["GET"]}}],"collection":[{"href":"https:\/\/blogdoeloiltoncajuhy.com.br\/site\/wp-json\/wp\/v2\/posts"}],"about":[{"href":"https:\/\/blogdoeloiltoncajuhy.com.br\/site\/wp-json\/wp\/v2\/types\/post"}],"author":[{"embeddable":true,"href":"https:\/\/blogdoeloiltoncajuhy.com.br\/site\/wp-json\/wp\/v2\/users\/2"}],"replies":[{"embeddable":true,"href":"https:\/\/blogdoeloiltoncajuhy.com.br\/site\/wp-json\/wp\/v2\/comments?post=5184"}],"version-history":[{"count":1,"href":"https:\/\/blogdoeloiltoncajuhy.com.br\/site\/wp-json\/wp\/v2\/posts\/5184\/revisions"}],"predecessor-version":[{"id":5187,"href":"https:\/\/blogdoeloiltoncajuhy.com.br\/site\/wp-json\/wp\/v2\/posts\/5184\/revisions\/5187"}],"wp:featuredmedia":[{"embeddable":true,"href":"https:\/\/blogdoeloiltoncajuhy.com.br\/site\/wp-json\/wp\/v2\/media\/5186"}],"wp:attachment":[{"href":"https:\/\/blogdoeloiltoncajuhy.com.br\/site\/wp-json\/wp\/v2\/media?parent=5184"}],"wp:term":[{"taxonomy":"category","embeddable":true,"href":"https:\/\/blogdoeloiltoncajuhy.com.br\/site\/wp-json\/wp\/v2\/categories?post=5184"},{"taxonomy":"post_tag","embeddable":true,"href":"https:\/\/blogdoeloiltoncajuhy.com.br\/site\/wp-json\/wp\/v2\/tags?post=5184"}],"curies":[{"name":"wp","href":"https:\/\/api.w.org\/{rel}","templated":true}]}}