{"id":5012,"date":"2015-10-20T20:50:04","date_gmt":"2015-10-20T22:50:04","guid":{"rendered":"http:\/\/blogdoeloiltoncajuhy.com.br\/site\/?p=5012"},"modified":"2015-10-20T20:50:04","modified_gmt":"2015-10-20T22:50:04","slug":"jovem-bonfinense-concorre-no-3o-festival-de-musica-do-governo-da-bahia","status":"publish","type":"post","link":"https:\/\/blogdoeloiltoncajuhy.com.br\/site\/jovem-bonfinense-concorre-no-3o-festival-de-musica-do-governo-da-bahia\/","title":{"rendered":"Jovem bonfinense concorre no 3\u00ba Festival de M\u00fasica do Governo da Bahia"},"content":{"rendered":"<p><a href=\"https:\/\/i0.wp.com\/blogdoeloiltoncajuhy.com.br\/site\/wp-content\/uploads\/2015\/10\/hebert.jpg\"><img data-recalc-dims=\"1\" decoding=\"async\" class=\"size-full wp-image-5013 alignright\" src=\"https:\/\/i0.wp.com\/blogdoeloiltoncajuhy.com.br\/site\/wp-content\/uploads\/2015\/10\/hebert.jpg?resize=128%2C180\" alt=\"hebert\" width=\"128\" height=\"180\" \/><\/a>Na pr\u00f3xima quarta-feira, 28, ocorre o Dia Voc\u00ea Servidor com a solenidade de entrega dos pr\u00eamios Boas Pr\u00e1ticas, Servidor Cidad\u00e3o, do 3\u00ba Festival de M\u00fasica e do 2\u00ba Concurso Liter\u00e1rio. O evento acontece a partir das 17h no Teatro Castro Alves e ter\u00e1 como atra\u00e7\u00f5es o Bal\u00e9 do TCA e a Camerata Opus Lumen, da Orquestra Sinf\u00f4nica da Bahia. Ao todo, ser\u00e3o distribu\u00eddos R$ 114 mil com as premia\u00e7\u00f5es nas quatro categorias.<\/p>\n<p>A vota\u00e7\u00e3o da enquete do 3\u00ba Festival de M\u00fasica pode ser feita <strong><a href=\"http:\/\/www.portaldoservidor.ba.gov.br\/noticias\/premios-para-o-servidor\/dia-do-servidor-ocorre-na-proxima-quarta-feira-28-no-teatro-castro-\">aqui<\/a><\/strong>; A vota\u00e7\u00e3o tamb\u00e9m pode ser realizada clicando nos banners na lateral direita do Portal do Servidor.<\/p>\n<p>Alberto Queiroz, diretor de Valoriza\u00e7\u00e3o e Desenvolvimento de Pessoas da Secretaria da Administra\u00e7\u00e3o (Saeb), salienta que o trabalho das comiss\u00f5es \u00e9 criterioso. \u201cA sele\u00e7\u00e3o e o julgamento dos trabalhos s\u00e3o feitos a partir da an\u00e1lise de todos os projetos entre os membros da comiss\u00e3o, permitindo que componentes distintos avaliem cada a\u00e7\u00e3o atrav\u00e9s de crit\u00e9rios objetivos\u201d, afirma Queiroz.<\/p>\n<p>O jovem bonfinense Hebert Lopes teve a sua m\u00fasica &#8220;Convexo do Amor&#8221; classificada entre as 15. Agora, ele precisa da for\u00e7a dos bonfinenses para sua can\u00e7\u00e3o ficar entre as 3 primeiras. \u00c9 s\u00f3 clicar <strong><a href=\"http:\/\/www.portaldoservidor.ba.gov.br\/noticias\/premios-para-o-servidor\/dia-do-servidor-ocorre-na-proxima-quarta-feira-28-no-teatro-castro-\">aqui<\/a><\/strong> e votar.<\/p>\n<p><em>*Portal do Servidor \/ Adapta\u00e7\u00e3o Eloilton Cajuhy &#8211; DRT 3621<\/em><\/p>\n<p><em>Foto: Ivan Silva Not\u00edcia<\/em><\/p>\n","protected":false},"excerpt":{"rendered":"<p>Na pr\u00f3xima quarta-feira, 28, ocorre o Dia Voc\u00ea Servidor com a solenidade de entrega dos pr\u00eamios Boas Pr\u00e1ticas, Servidor Cidad\u00e3o, do 3\u00ba Festival de M\u00fasica e do 2\u00ba Concurso Liter\u00e1rio. O evento acontece a partir das 17h no Teatro Castro Alves e ter\u00e1 como atra\u00e7\u00f5es o Bal\u00e9 do TCA e a Camerata Opus Lumen, da [&hellip;]<\/p>\n","protected":false},"author":2,"featured_media":5013,"comment_status":"open","ping_status":"open","sticky":false,"template":"","format":"standard","meta":{"_acf_changed":false,"_monsterinsights_skip_tracking":false,"_monsterinsights_sitenote_active":false,"_monsterinsights_sitenote_note":"","_monsterinsights_sitenote_category":0,"_jetpack_memberships_contains_paid_content":false,"footnotes":"","jetpack_publicize_message":"","jetpack_publicize_feature_enabled":true,"jetpack_social_post_already_shared":true,"jetpack_social_options":{"image_generator_settings":{"template":"highway","default_image_id":0,"font":"","enabled":false},"version":2}},"categories":[8,1,4],"tags":[],"class_list":["post-5012","post","type-post","status-publish","format-standard","has-post-thumbnail","hentry","category-cultura","category-noticias","category-local"],"acf":[],"jetpack_publicize_connections":[],"jetpack_featured_media_url":"https:\/\/i0.wp.com\/blogdoeloiltoncajuhy.com.br\/site\/wp-content\/uploads\/2015\/10\/hebert.jpg?fit=128%2C180&ssl=1","jetpack_sharing_enabled":true,"publishpress_future_workflow_manual_trigger":{"enabledWorkflows":[]},"_links":{"self":[{"href":"https:\/\/blogdoeloiltoncajuhy.com.br\/site\/wp-json\/wp\/v2\/posts\/5012","targetHints":{"allow":["GET"]}}],"collection":[{"href":"https:\/\/blogdoeloiltoncajuhy.com.br\/site\/wp-json\/wp\/v2\/posts"}],"about":[{"href":"https:\/\/blogdoeloiltoncajuhy.com.br\/site\/wp-json\/wp\/v2\/types\/post"}],"author":[{"embeddable":true,"href":"https:\/\/blogdoeloiltoncajuhy.com.br\/site\/wp-json\/wp\/v2\/users\/2"}],"replies":[{"embeddable":true,"href":"https:\/\/blogdoeloiltoncajuhy.com.br\/site\/wp-json\/wp\/v2\/comments?post=5012"}],"version-history":[{"count":1,"href":"https:\/\/blogdoeloiltoncajuhy.com.br\/site\/wp-json\/wp\/v2\/posts\/5012\/revisions"}],"predecessor-version":[{"id":5014,"href":"https:\/\/blogdoeloiltoncajuhy.com.br\/site\/wp-json\/wp\/v2\/posts\/5012\/revisions\/5014"}],"wp:featuredmedia":[{"embeddable":true,"href":"https:\/\/blogdoeloiltoncajuhy.com.br\/site\/wp-json\/wp\/v2\/media\/5013"}],"wp:attachment":[{"href":"https:\/\/blogdoeloiltoncajuhy.com.br\/site\/wp-json\/wp\/v2\/media?parent=5012"}],"wp:term":[{"taxonomy":"category","embeddable":true,"href":"https:\/\/blogdoeloiltoncajuhy.com.br\/site\/wp-json\/wp\/v2\/categories?post=5012"},{"taxonomy":"post_tag","embeddable":true,"href":"https:\/\/blogdoeloiltoncajuhy.com.br\/site\/wp-json\/wp\/v2\/tags?post=5012"}],"curies":[{"name":"wp","href":"https:\/\/api.w.org\/{rel}","templated":true}]}}