{"id":5002,"date":"2015-10-20T19:26:36","date_gmt":"2015-10-20T21:26:36","guid":{"rendered":"http:\/\/blogdoeloiltoncajuhy.com.br\/site\/?p=5002"},"modified":"2015-10-20T19:26:36","modified_gmt":"2015-10-20T21:26:36","slug":"bahiafarma-vai-produzir-remedios-para-tratamento-de-cancer","status":"publish","type":"post","link":"https:\/\/blogdoeloiltoncajuhy.com.br\/site\/bahiafarma-vai-produzir-remedios-para-tratamento-de-cancer\/","title":{"rendered":"Bahiafarma vai produzir rem\u00e9dios para tratamento de c\u00e2ncer"},"content":{"rendered":"<figure id=\"attachment_5003\" aria-describedby=\"caption-attachment-5003\" style=\"width: 300px\" class=\"wp-caption alignleft\"><a href=\"https:\/\/i0.wp.com\/blogdoeloiltoncajuhy.com.br\/site\/wp-content\/uploads\/2015\/10\/Rui-Costa_cr%C3%A9dito_Carla-Ornelas.jpg\"><img data-recalc-dims=\"1\" fetchpriority=\"high\" decoding=\"async\" class=\"wp-image-5003 size-medium\" src=\"https:\/\/i0.wp.com\/blogdoeloiltoncajuhy.com.br\/site\/wp-content\/uploads\/2015\/10\/Rui-Costa_cr%C3%A9dito_Carla-Ornelas.jpg?resize=300%2C211\" alt=\"Rui Costa_cr\u00e9dito_Carla Ornelas\" width=\"300\" height=\"211\" srcset=\"https:\/\/i0.wp.com\/blogdoeloiltoncajuhy.com.br\/site\/wp-content\/uploads\/2015\/10\/Rui-Costa_cr%C3%A9dito_Carla-Ornelas.jpg?resize=300%2C211&amp;ssl=1 300w, https:\/\/i0.wp.com\/blogdoeloiltoncajuhy.com.br\/site\/wp-content\/uploads\/2015\/10\/Rui-Costa_cr%C3%A9dito_Carla-Ornelas.jpg?resize=1024%2C720&amp;ssl=1 1024w, https:\/\/i0.wp.com\/blogdoeloiltoncajuhy.com.br\/site\/wp-content\/uploads\/2015\/10\/Rui-Costa_cr%C3%A9dito_Carla-Ornelas.jpg?resize=250%2C176&amp;ssl=1 250w, https:\/\/i0.wp.com\/blogdoeloiltoncajuhy.com.br\/site\/wp-content\/uploads\/2015\/10\/Rui-Costa_cr%C3%A9dito_Carla-Ornelas.jpg?w=1656&amp;ssl=1 1656w, https:\/\/i0.wp.com\/blogdoeloiltoncajuhy.com.br\/site\/wp-content\/uploads\/2015\/10\/Rui-Costa_cr%C3%A9dito_Carla-Ornelas.jpg?w=1600 1600w\" sizes=\"(max-width: 300px) 100vw, 300px\" \/><\/a><figcaption id=\"caption-attachment-5003\" class=\"wp-caption-text\">Foto: Carla Ornelas\/Secom<\/figcaption><\/figure>\n<p>Acordos assinados pelo governador Rui Costa na Europa v\u00e3o permitir que a Bahiafarma produza medicamentos para o tratamento de c\u00e2ncer e da anemia falciforme. O assunto foi\u00a0destaque no programa \u2018Diga\u00ed, Governador!\u2019 desta semana. O encontro com o Papa Francisco, no Vaticano, e a\u00e7\u00f5es para a juventude baiana tamb\u00e9m foram\u00a0abordados.<\/p>\n<p>\u201cN\u00f3s fizemos um acordo para a produ\u00e7\u00e3o de medicamentos na Bahiafarma. Eu destaco dois medicamentos. Um para tratamento da anemia falciforme, que incide mais sobre a popula\u00e7\u00e3o negra. Assinamos tamb\u00e9m o rem\u00e9dio para tratamento de oncologia, do c\u00e2ncer, medicamento de \u00faltima gera\u00e7\u00e3o, j\u00e1 aplicado nos Estados Unidos, na Europa, e aqui, na rede particular; n\u00f3s vamos tratar de hoje por diante para que o SUS tamb\u00e9m inclua no seu tratamento e, a partir da\u00ed, a Bahiafarma possa fornecer\u201d, explica o governador.<\/p>\n<p>A Bahiafarma tamb\u00e9m j\u00e1 recebeu autoriza\u00e7\u00e3o da Ag\u00eancia Nacional de Vigil\u00e2ncia Sanit\u00e1ria (Anvisa) para iniciar a produ\u00e7\u00e3o de pr\u00f3teses e outros materiais para sa\u00fade, como testes diagn\u00f3sticos e materiais descart\u00e1veis. A produ\u00e7\u00e3o, que vai atender ao SUS da Bahia e de todo o Brasil, deve ser iniciada em at\u00e9 oito meses.<\/p>\n<p>Ainda sobre a viagem \u00e0 Europa, Rui Costa lembra o convite feito ao Papa Francisco para que ele visite a Bahia em 2017. \u201cO Papa \u00e9 uma figura singular. Tem conseguido ser ouvido por todas as religi\u00f5es. Eu tive a oportunidade de entregar um convite das Obras Sociais Irm\u00e3 Dulce, para que na vinda dele, em 2017, ao Brasil, ele possa incluir a Bahia e a visita as Obras Sociais em sua agenda\u201d.<\/p>\n<p><strong>Educar para Transformar<\/strong><\/p>\n<p>Outro tema de destaque nesta edi\u00e7\u00e3o do \u2018Diga\u00ed, Governador!\u2019 foi\u00a0o futuro profissional dos jovens baianos. O programa Ford Educa\u00e7\u00e3o de Jovens, lan\u00e7ado nesta ter\u00e7a-feira (20), \u00e9 recebido com entusiasmo por Rui Costa. A iniciativa, que vai oferecer cursos profissionalizantes a 100 jovens da rede p\u00fablica, demonstra o alinhamento das empresas privadas com o programa estadual Educar para Transformar &#8211; um Pacto pela Educa\u00e7\u00e3o.<\/p>\n<p>&#8220;Eu tenho convidado as empresas para participarem do projeto Educar para Transformar e, gra\u00e7as a Deus, n\u00f3s temos conseguido a cada dia mais ades\u00f5es. Essa semana \u00e9 a assinatura com a Ford, que fez um programa espec\u00edfico, em conson\u00e2ncia com o nosso programa\u201d, diz o governador.<\/p>\n<p><em>*Secom-Ba<\/em><\/p>\n","protected":false},"excerpt":{"rendered":"<p>Acordos assinados pelo governador Rui Costa na Europa v\u00e3o permitir que a Bahiafarma produza medicamentos para o tratamento de c\u00e2ncer e da anemia falciforme. O assunto foi\u00a0destaque no programa \u2018Diga\u00ed, Governador!\u2019 desta semana. O encontro com o Papa Francisco, no Vaticano, e a\u00e7\u00f5es para a juventude baiana tamb\u00e9m foram\u00a0abordados. \u201cN\u00f3s fizemos um acordo para a [&hellip;]<\/p>\n","protected":false},"author":2,"featured_media":5003,"comment_status":"open","ping_status":"open","sticky":false,"template":"","format":"standard","meta":{"_acf_changed":false,"_monsterinsights_skip_tracking":false,"_monsterinsights_sitenote_active":false,"_monsterinsights_sitenote_note":"","_monsterinsights_sitenote_category":0,"_jetpack_memberships_contains_paid_content":false,"footnotes":"","jetpack_publicize_message":"","jetpack_publicize_feature_enabled":true,"jetpack_social_post_already_shared":true,"jetpack_social_options":{"image_generator_settings":{"template":"highway","default_image_id":0,"font":"","enabled":false},"version":2}},"categories":[14,1,3,7],"tags":[],"class_list":["post-5002","post","type-post","status-publish","format-standard","has-post-thumbnail","hentry","category-educacao","category-noticias","category-politica","category-saude"],"acf":[],"jetpack_publicize_connections":[],"jetpack_featured_media_url":"https:\/\/i0.wp.com\/blogdoeloiltoncajuhy.com.br\/site\/wp-content\/uploads\/2015\/10\/Rui-Costa_cr%C3%A9dito_Carla-Ornelas.jpg?fit=1656%2C1165&ssl=1","jetpack_sharing_enabled":true,"publishpress_future_workflow_manual_trigger":{"enabledWorkflows":[]},"_links":{"self":[{"href":"https:\/\/blogdoeloiltoncajuhy.com.br\/site\/wp-json\/wp\/v2\/posts\/5002","targetHints":{"allow":["GET"]}}],"collection":[{"href":"https:\/\/blogdoeloiltoncajuhy.com.br\/site\/wp-json\/wp\/v2\/posts"}],"about":[{"href":"https:\/\/blogdoeloiltoncajuhy.com.br\/site\/wp-json\/wp\/v2\/types\/post"}],"author":[{"embeddable":true,"href":"https:\/\/blogdoeloiltoncajuhy.com.br\/site\/wp-json\/wp\/v2\/users\/2"}],"replies":[{"embeddable":true,"href":"https:\/\/blogdoeloiltoncajuhy.com.br\/site\/wp-json\/wp\/v2\/comments?post=5002"}],"version-history":[{"count":1,"href":"https:\/\/blogdoeloiltoncajuhy.com.br\/site\/wp-json\/wp\/v2\/posts\/5002\/revisions"}],"predecessor-version":[{"id":5004,"href":"https:\/\/blogdoeloiltoncajuhy.com.br\/site\/wp-json\/wp\/v2\/posts\/5002\/revisions\/5004"}],"wp:featuredmedia":[{"embeddable":true,"href":"https:\/\/blogdoeloiltoncajuhy.com.br\/site\/wp-json\/wp\/v2\/media\/5003"}],"wp:attachment":[{"href":"https:\/\/blogdoeloiltoncajuhy.com.br\/site\/wp-json\/wp\/v2\/media?parent=5002"}],"wp:term":[{"taxonomy":"category","embeddable":true,"href":"https:\/\/blogdoeloiltoncajuhy.com.br\/site\/wp-json\/wp\/v2\/categories?post=5002"},{"taxonomy":"post_tag","embeddable":true,"href":"https:\/\/blogdoeloiltoncajuhy.com.br\/site\/wp-json\/wp\/v2\/tags?post=5002"}],"curies":[{"name":"wp","href":"https:\/\/api.w.org\/{rel}","templated":true}]}}