{"id":4999,"date":"2015-10-20T13:06:30","date_gmt":"2015-10-20T15:06:30","guid":{"rendered":"http:\/\/blogdoeloiltoncajuhy.com.br\/site\/?p=4999"},"modified":"2015-10-20T13:06:30","modified_gmt":"2015-10-20T15:06:30","slug":"movimento-estudantil-unificado-do-if-baiano-lamenta-morte-da-estudante-taise-rodrigues","status":"publish","type":"post","link":"https:\/\/blogdoeloiltoncajuhy.com.br\/site\/movimento-estudantil-unificado-do-if-baiano-lamenta-morte-da-estudante-taise-rodrigues\/","title":{"rendered":"Movimento Estudantil Unificado do IF Baiano lamenta morte da estudante Taise Rodrigues"},"content":{"rendered":"<figure id=\"attachment_5000\" aria-describedby=\"caption-attachment-5000\" style=\"width: 480px\" class=\"wp-caption aligncenter\"><a href=\"https:\/\/i0.wp.com\/blogdoeloiltoncajuhy.com.br\/site\/wp-content\/uploads\/2015\/10\/Ta%C3%ADse.jpg\"><img data-recalc-dims=\"1\" fetchpriority=\"high\" decoding=\"async\" class=\"wp-image-5000 size-full\" src=\"https:\/\/i0.wp.com\/blogdoeloiltoncajuhy.com.br\/site\/wp-content\/uploads\/2015\/10\/Ta%C3%ADse.jpg?resize=480%2C326\" alt=\"Ta\u00edse\" width=\"480\" height=\"326\" srcset=\"https:\/\/i0.wp.com\/blogdoeloiltoncajuhy.com.br\/site\/wp-content\/uploads\/2015\/10\/Ta%C3%ADse.jpg?w=480&amp;ssl=1 480w, https:\/\/i0.wp.com\/blogdoeloiltoncajuhy.com.br\/site\/wp-content\/uploads\/2015\/10\/Ta%C3%ADse.jpg?resize=300%2C204&amp;ssl=1 300w, https:\/\/i0.wp.com\/blogdoeloiltoncajuhy.com.br\/site\/wp-content\/uploads\/2015\/10\/Ta%C3%ADse.jpg?resize=250%2C170&amp;ssl=1 250w\" sizes=\"(max-width: 480px) 100vw, 480px\" \/><\/a><figcaption id=\"caption-attachment-5000\" class=\"wp-caption-text\">Foto: Reprodu\u00e7\u00e3o Facebook<\/figcaption><\/figure>\n<p>Atrav\u00e9s das redes sociais, o\u00a0Movimento Estudantil Unificado do IF Baiano, Campus de Senhor do Bonfim, lamentou o falecimento da estudante\u00a0de Licenciatura em Ci\u00eancias Agr\u00e1rias, Taise da Silva Rodrigues, 29 anos, que residia no Conjunto Habitacional Brisas do Monte. Ela morreu de forma s\u00fabita, nesta segunda-feira (19).<\/p>\n<p>Ta\u00edse\u00a0passou mal quando estava em sua resid\u00eancia. Foi socorrida para o Hospital Regional Dom Antonio Monteiro (HDAM), mas chegou \u00e0quela casa de sa\u00fade j\u00e1 chegou sem vida.\u00a0A sua morte causou\u00a0muita como\u00e7\u00e3o, principalmente nas redes sociais, onde ela\u00a0tinha centenas de amigos.<\/p>\n<p>Seu corpo est\u00e1 sendo velado na Igreja Adventista do S\u00e9timo Dia, na Avenida 2 de Julho, centro de Senhor do Bonfim, e o sepultamento ocorrer\u00e1 \u00e0s 16h no Cemit\u00e9rio S\u00e3o L\u00e1zaro, no Alto da Maravilha.<\/p>\n<p><strong>Confira nota do Movimento Estudantil Unificado do IF Baiano de Senhor do Bonfim:<\/strong><\/p>\n<p><em><strong>#\u200ePesar\u202c \u202a#\u200eFalecimento\u202c \u202a#\u200eSentimentos\u202c <\/strong><\/em><br \/>\n<em><strong>Movimento Estudantil Unificado do IF Baiano Manifesta seu pesar pelo falecimento da \u202a#\u200eEstudante\u202c de Licenciatura em Ci\u00eancias Agr\u00e1rias Taise da Silva Rodrigues Discente do Campus Senhor do Bonfim. <\/strong><\/em><br \/>\n<em><strong>Queremos aqui prestar nossas sinceras condol\u00eancias aos amigos e familiares. <\/strong><\/em><br \/>\n<em><strong>Muita for\u00e7a para transformar toda a dor desta perda irrepar\u00e1vel em f\u00e9 e esperan\u00e7a!<\/strong><\/em><br \/>\n<em><strong>IF Baiano Campus Senhor do Bonfim.<\/strong><\/em><\/p>\n<p><em>*Eloilton Cajuhy &#8211; DRT 3621<\/em><\/p>\n","protected":false},"excerpt":{"rendered":"<p>Atrav\u00e9s das redes sociais, o\u00a0Movimento Estudantil Unificado do IF Baiano, Campus de Senhor do Bonfim, lamentou o falecimento da estudante\u00a0de Licenciatura em Ci\u00eancias Agr\u00e1rias, Taise da Silva Rodrigues, 29 anos, que residia no Conjunto Habitacional Brisas do Monte. Ela morreu de forma s\u00fabita, nesta segunda-feira (19). Ta\u00edse\u00a0passou mal quando estava em sua resid\u00eancia. Foi socorrida [&hellip;]<\/p>\n","protected":false},"author":2,"featured_media":5000,"comment_status":"open","ping_status":"open","sticky":false,"template":"","format":"standard","meta":{"_acf_changed":false,"_monsterinsights_skip_tracking":false,"_monsterinsights_sitenote_active":false,"_monsterinsights_sitenote_note":"","_monsterinsights_sitenote_category":0,"_jetpack_memberships_contains_paid_content":false,"footnotes":"","jetpack_publicize_message":"","jetpack_publicize_feature_enabled":true,"jetpack_social_post_already_shared":true,"jetpack_social_options":{"image_generator_settings":{"template":"highway","default_image_id":0,"font":"","enabled":false},"version":2}},"categories":[1,4],"tags":[],"class_list":["post-4999","post","type-post","status-publish","format-standard","has-post-thumbnail","hentry","category-noticias","category-local"],"acf":[],"jetpack_publicize_connections":[],"jetpack_featured_media_url":"https:\/\/i0.wp.com\/blogdoeloiltoncajuhy.com.br\/site\/wp-content\/uploads\/2015\/10\/Ta%C3%ADse.jpg?fit=480%2C326&ssl=1","jetpack_sharing_enabled":true,"publishpress_future_workflow_manual_trigger":{"enabledWorkflows":[]},"_links":{"self":[{"href":"https:\/\/blogdoeloiltoncajuhy.com.br\/site\/wp-json\/wp\/v2\/posts\/4999","targetHints":{"allow":["GET"]}}],"collection":[{"href":"https:\/\/blogdoeloiltoncajuhy.com.br\/site\/wp-json\/wp\/v2\/posts"}],"about":[{"href":"https:\/\/blogdoeloiltoncajuhy.com.br\/site\/wp-json\/wp\/v2\/types\/post"}],"author":[{"embeddable":true,"href":"https:\/\/blogdoeloiltoncajuhy.com.br\/site\/wp-json\/wp\/v2\/users\/2"}],"replies":[{"embeddable":true,"href":"https:\/\/blogdoeloiltoncajuhy.com.br\/site\/wp-json\/wp\/v2\/comments?post=4999"}],"version-history":[{"count":1,"href":"https:\/\/blogdoeloiltoncajuhy.com.br\/site\/wp-json\/wp\/v2\/posts\/4999\/revisions"}],"predecessor-version":[{"id":5001,"href":"https:\/\/blogdoeloiltoncajuhy.com.br\/site\/wp-json\/wp\/v2\/posts\/4999\/revisions\/5001"}],"wp:featuredmedia":[{"embeddable":true,"href":"https:\/\/blogdoeloiltoncajuhy.com.br\/site\/wp-json\/wp\/v2\/media\/5000"}],"wp:attachment":[{"href":"https:\/\/blogdoeloiltoncajuhy.com.br\/site\/wp-json\/wp\/v2\/media?parent=4999"}],"wp:term":[{"taxonomy":"category","embeddable":true,"href":"https:\/\/blogdoeloiltoncajuhy.com.br\/site\/wp-json\/wp\/v2\/categories?post=4999"},{"taxonomy":"post_tag","embeddable":true,"href":"https:\/\/blogdoeloiltoncajuhy.com.br\/site\/wp-json\/wp\/v2\/tags?post=4999"}],"curies":[{"name":"wp","href":"https:\/\/api.w.org\/{rel}","templated":true}]}}