{"id":48914,"date":"2020-09-07T21:00:47","date_gmt":"2020-09-08T00:00:47","guid":{"rendered":"http:\/\/blogdoeloiltoncajuhy.com.br\/site\/?p=48914"},"modified":"2020-09-07T21:01:26","modified_gmt":"2020-09-08T00:01:26","slug":"brasil-registra-315-mortes-por-covid-19-menor-numero-desde-maio-aponta-consorcio-de-veiculos-de-imprensa","status":"publish","type":"post","link":"https:\/\/blogdoeloiltoncajuhy.com.br\/site\/brasil-registra-315-mortes-por-covid-19-menor-numero-desde-maio-aponta-consorcio-de-veiculos-de-imprensa\/","title":{"rendered":"Brasil registra 315 mortes por Covid-19, menor n\u00famero desde maio, aponta cons\u00f3rcio de ve\u00edculos de imprensa"},"content":{"rendered":"\n<h5 class=\"has-text-align-center wp-block-heading\"><em>M\u00e9dia m\u00f3vel de 784 \u00f3bitos causados pelo novo coronav\u00edrus \u00e9 a menor h\u00e1 112 dias<\/em><\/h5>\n\n\n\n<div class=\"wp-block-image\"><figure class=\"aligncenter size-large is-resized\"><img data-recalc-dims=\"1\" fetchpriority=\"high\" decoding=\"async\" src=\"https:\/\/i0.wp.com\/blogdoeloiltoncajuhy.com.br\/site\/wp-content\/uploads\/2020\/06\/Coronav%C3%ADrus-20.06.2020.jpg?resize=768%2C428\" alt=\"\" class=\"wp-image-45417\" width=\"768\" height=\"428\" srcset=\"https:\/\/i0.wp.com\/blogdoeloiltoncajuhy.com.br\/site\/wp-content\/uploads\/2020\/06\/Coronav%C3%ADrus-20.06.2020.jpg?resize=1024%2C571&amp;ssl=1 1024w, https:\/\/i0.wp.com\/blogdoeloiltoncajuhy.com.br\/site\/wp-content\/uploads\/2020\/06\/Coronav%C3%ADrus-20.06.2020.jpg?resize=300%2C167&amp;ssl=1 300w, https:\/\/i0.wp.com\/blogdoeloiltoncajuhy.com.br\/site\/wp-content\/uploads\/2020\/06\/Coronav%C3%ADrus-20.06.2020.jpg?resize=768%2C429&amp;ssl=1 768w, https:\/\/i0.wp.com\/blogdoeloiltoncajuhy.com.br\/site\/wp-content\/uploads\/2020\/06\/Coronav%C3%ADrus-20.06.2020.jpg?w=1292&amp;ssl=1 1292w\" sizes=\"(max-width: 768px) 100vw, 768px\" \/><\/figure><\/div>\n\n\n\n<p>O Brasil registrou nesta segunda-feira (07) 315 novas mortes por Covid-19. Este \u00e9 o dia com menor n\u00famero de vidas perdidas para o novo coronav\u00edrus desde 3 de maio, h\u00e1 127 dias, quando foram contabilizados 289 novos \u00f3bitos pela doen\u00e7a. Com os n\u00fameros das \u00faltimas 24 horas, h\u00e1 no pa\u00eds 127.001 v\u00edtimas fatais.<\/p>\n\n\n\n<p>Foram registrados tamb\u00e9m 9.992 novos casos da doen\u00e7a no pa\u00eds, elevando para 4.147.598 os infectados pelo Sars-CoV-2.<\/p>\n\n\n\n<p>O Brasil registrou nesta segunda uma m\u00e9dia m\u00f3vel de 784 mortes por Covid-19, a mais baixa desde 18 de maio, quando houve 749 \u00f3bitos por dia naquela semana. Desde 12 de agosto, a m\u00e9dia m\u00f3vel de mortes de brasileiros causados pelo novo coronav\u00edrus est\u00e1 abaixo de mil e desde o dia 28, abaixo de 900. Assim, o Brasil segue com tend\u00eancia de queda nas mortes provocadas pelo Sars-CoV-2.<\/p>\n\n\n\n<p>A &#8220;m\u00e9dia m\u00f3vel de 7 dias&#8221; faz uma m\u00e9dia entre o n\u00famero de mortes do dia e dos seis anteriores. Ela \u00e9 comparada com m\u00e9dia de duas semanas atr\u00e1s para indicar se h\u00e1 tend\u00eancia de alta, estabilidade ou queda. O c\u00e1lculo \u00e9 um recurso estat\u00edstico para conseguir enxergar a tend\u00eancia dos dados abafando o &#8220;ru\u00eddo&#8221; causado pelos finais de semana, quando a notifica\u00e7\u00e3o de mortes se reduz por escassez de funcion\u00e1rios em plant\u00e3o.<\/p>\n\n\n\n<p>O Distrito Federal e 16 estados apresentam tend\u00eancia de queda nas mortes por Covid-19: Acre, Alagoas, Amap\u00e1, <strong>Bahia<\/strong>, Esp\u00edrito Santo, Goi\u00e1s, Maranh\u00e3o, Mato Grosso, Para\u00edba, Pernambuco, Piau\u00ed, Rio de Janeiro, Rio Grande do Norte, Rond\u00f4nia, Santa Catarina e Sergipe.<\/p>\n\n\n\n<p>Em contrapartida, h\u00e1 apenas dois estados com tend\u00eancia de alta: Amazonas e Roraima. Os demais oito estados est\u00e3o em estabilidade: Cear\u00e1, Mato Grosso do Sul, Minas Gerais, Par\u00e1, Paran\u00e1, Rio Grande do Sul, S\u00e3o Paulo e Tocantins.<\/p>\n\n\n\n<p>As informa\u00e7\u00f5es s\u00e3o do boletim das 20h do cons\u00f3rcio de ve\u00edculos de imprensa, formado por O GLOBO, Extra, G1, Folha de S.Paulo, UOL e O Estado de S. Paulo, que re\u00fane informa\u00e7\u00f5es das secretarias estaduais de Sa\u00fade.<\/p>\n","protected":false},"excerpt":{"rendered":"<p>M\u00e9dia m\u00f3vel de 784 \u00f3bitos causados pelo novo coronav\u00edrus \u00e9 a menor h\u00e1 112 dias O Brasil registrou nesta segunda-feira (07) 315 novas mortes por Covid-19. Este \u00e9 o dia com menor n\u00famero de vidas perdidas para o novo coronav\u00edrus desde 3 de maio, h\u00e1 127 dias, quando foram contabilizados 289 novos \u00f3bitos pela doen\u00e7a. [&hellip;]<\/p>\n","protected":false},"author":2,"featured_media":42402,"comment_status":"open","ping_status":"open","sticky":false,"template":"","format":"standard","meta":{"_acf_changed":false,"_monsterinsights_skip_tracking":false,"_monsterinsights_sitenote_active":false,"_monsterinsights_sitenote_note":"","_monsterinsights_sitenote_category":0,"_jetpack_memberships_contains_paid_content":false,"footnotes":"","jetpack_publicize_message":"","jetpack_publicize_feature_enabled":true,"jetpack_social_post_already_shared":true,"jetpack_social_options":{"image_generator_settings":{"template":"highway","default_image_id":0,"font":"","enabled":false},"version":2}},"categories":[7],"tags":[],"class_list":["post-48914","post","type-post","status-publish","format-standard","has-post-thumbnail","hentry","category-saude"],"acf":[],"jetpack_publicize_connections":[],"jetpack_featured_media_url":"https:\/\/i0.wp.com\/blogdoeloiltoncajuhy.com.br\/site\/wp-content\/uploads\/2020\/03\/coronavirusimagem-6.jpg?fit=1200%2C762&ssl=1","jetpack_sharing_enabled":true,"publishpress_future_workflow_manual_trigger":{"enabledWorkflows":[]},"_links":{"self":[{"href":"https:\/\/blogdoeloiltoncajuhy.com.br\/site\/wp-json\/wp\/v2\/posts\/48914","targetHints":{"allow":["GET"]}}],"collection":[{"href":"https:\/\/blogdoeloiltoncajuhy.com.br\/site\/wp-json\/wp\/v2\/posts"}],"about":[{"href":"https:\/\/blogdoeloiltoncajuhy.com.br\/site\/wp-json\/wp\/v2\/types\/post"}],"author":[{"embeddable":true,"href":"https:\/\/blogdoeloiltoncajuhy.com.br\/site\/wp-json\/wp\/v2\/users\/2"}],"replies":[{"embeddable":true,"href":"https:\/\/blogdoeloiltoncajuhy.com.br\/site\/wp-json\/wp\/v2\/comments?post=48914"}],"version-history":[{"count":3,"href":"https:\/\/blogdoeloiltoncajuhy.com.br\/site\/wp-json\/wp\/v2\/posts\/48914\/revisions"}],"predecessor-version":[{"id":48917,"href":"https:\/\/blogdoeloiltoncajuhy.com.br\/site\/wp-json\/wp\/v2\/posts\/48914\/revisions\/48917"}],"wp:featuredmedia":[{"embeddable":true,"href":"https:\/\/blogdoeloiltoncajuhy.com.br\/site\/wp-json\/wp\/v2\/media\/42402"}],"wp:attachment":[{"href":"https:\/\/blogdoeloiltoncajuhy.com.br\/site\/wp-json\/wp\/v2\/media?parent=48914"}],"wp:term":[{"taxonomy":"category","embeddable":true,"href":"https:\/\/blogdoeloiltoncajuhy.com.br\/site\/wp-json\/wp\/v2\/categories?post=48914"},{"taxonomy":"post_tag","embeddable":true,"href":"https:\/\/blogdoeloiltoncajuhy.com.br\/site\/wp-json\/wp\/v2\/tags?post=48914"}],"curies":[{"name":"wp","href":"https:\/\/api.w.org\/{rel}","templated":true}]}}