{"id":48906,"date":"2020-09-07T19:41:57","date_gmt":"2020-09-07T22:41:57","guid":{"rendered":"http:\/\/blogdoeloiltoncajuhy.com.br\/site\/?p=48906"},"modified":"2020-09-07T19:41:59","modified_gmt":"2020-09-07T22:41:59","slug":"bahia-tem-738-novos-casos-de-covid-19-nas-ultimas-24h-e-no-total-chega-a-271-963-mortes-somam-5-693","status":"publish","type":"post","link":"https:\/\/blogdoeloiltoncajuhy.com.br\/site\/bahia-tem-738-novos-casos-de-covid-19-nas-ultimas-24h-e-no-total-chega-a-271-963-mortes-somam-5-693\/","title":{"rendered":"Bahia tem 738 novos casos de Covid-19 nas \u00faltimas 24h e n\u00ba total chega a 271.963; mortes somam 5.693"},"content":{"rendered":"\n<h5 class=\"has-text-align-center wp-block-heading\"><em>Informa\u00e7\u00f5es divulgadas pela Secretaria da Sa\u00fade do Estado (Sesab), na tarde desta segunda-feira (7)<\/em><\/h5>\n\n\n\n<div class=\"wp-block-image\"><figure class=\"aligncenter size-full is-resized\"><img data-recalc-dims=\"1\" fetchpriority=\"high\" decoding=\"async\" src=\"https:\/\/i0.wp.com\/blogdoeloiltoncajuhy.com.br\/site\/wp-content\/uploads\/2020\/05\/Coronav%C3%ADrus-Sesab-II.jpeg?resize=554%2C370\" alt=\"\" class=\"wp-image-44169\" width=\"554\" height=\"370\" srcset=\"https:\/\/i0.wp.com\/blogdoeloiltoncajuhy.com.br\/site\/wp-content\/uploads\/2020\/05\/Coronav%C3%ADrus-Sesab-II.jpeg?w=360&amp;ssl=1 360w, https:\/\/i0.wp.com\/blogdoeloiltoncajuhy.com.br\/site\/wp-content\/uploads\/2020\/05\/Coronav%C3%ADrus-Sesab-II.jpeg?resize=300%2C200&amp;ssl=1 300w, https:\/\/i0.wp.com\/blogdoeloiltoncajuhy.com.br\/site\/wp-content\/uploads\/2020\/05\/Coronav%C3%ADrus-Sesab-II.jpeg?resize=250%2C167&amp;ssl=1 250w\" sizes=\"(max-width: 554px) 100vw, 554px\" \/><\/figure><\/div>\n\n\n\n<p>A Bahia registrou, nas \u00faltimas 24 horas, 738 novos casos de Covid-19 e 35 novas mortes causadas pela doen\u00e7a, segundo informa\u00e7\u00f5es divulgadas pela Secretaria da Sa\u00fade do Estado (Sesab), na tarde desta segunda-feira (7).<\/p>\n\n\n\n<p>Do in\u00edcio da pandemia, em mar\u00e7o deste ano, at\u00e9 o momento, o n\u00famero de casos de Covid-19 confirmados no estado \u00e9 de 271.963, e o de mortes, 5.693, o que representa uma letalidade de 2,09%.<\/p>\n\n\n\n<p>Dentre os \u00f3bitos, 55,86% ocorreram em pessoas do sexo masculino e 44,14% em pacientes do sexo feminino. O percentual de casos com comorbidade foi de 75,07%, com maior percentual de doen\u00e7as card\u00edacas e cr\u00f4nicas (76,23%).<\/p>\n\n\n\n<p>De acordo com a Sesab, nas \u00faltimas 24 horas, a taxa de crescimento no n\u00famero de casos foi de 0,3% e a de recuperados da doen\u00e7a, 0,4% (1.099).<\/p>\n\n\n\n<p>Os casos confirmados ocorreram em 416 munic\u00edpios baianos, com maior propor\u00e7\u00e3o em Salvador (29,39%). Apenas Novo Horizonte, cidade que fica na regi\u00e3o da Chapada Diamantina, n\u00e3o tem registro do novo coronav\u00edrus.<\/p>\n\n\n\n<p>O boletim epidemiol\u00f3gico contabiliza ainda 510.157 casos descartados e 84.863 em investiga\u00e7\u00e3o. Estes dados representam notifica\u00e7\u00f5es oficiais compiladas pelo Centro de Informa\u00e7\u00f5es Estrat\u00e9gicas em Vigil\u00e2ncia em Sa\u00fade da Bahia (Cievs-BA), em conjunto com os Cievs municipais e as bases de dados do Minist\u00e9rio da Sa\u00fade at\u00e9 as 17 horas desta segunda-feira (7).<\/p>\n\n\n\n<p>Na Bahia, 23.548 profissionais da sa\u00fade tiveram diagn\u00f3stico positivo para o novo coronav\u00edrus.<\/p>\n","protected":false},"excerpt":{"rendered":"<p>Informa\u00e7\u00f5es divulgadas pela Secretaria da Sa\u00fade do Estado (Sesab), na tarde desta segunda-feira (7) A Bahia registrou, nas \u00faltimas 24 horas, 738 novos casos de Covid-19 e 35 novas mortes causadas pela doen\u00e7a, segundo informa\u00e7\u00f5es divulgadas pela Secretaria da Sa\u00fade do Estado (Sesab), na tarde desta segunda-feira (7). Do in\u00edcio da pandemia, em mar\u00e7o deste [&hellip;]<\/p>\n","protected":false},"author":2,"featured_media":43990,"comment_status":"open","ping_status":"open","sticky":false,"template":"","format":"standard","meta":{"_acf_changed":false,"_monsterinsights_skip_tracking":false,"_monsterinsights_sitenote_active":false,"_monsterinsights_sitenote_note":"","_monsterinsights_sitenote_category":0,"_jetpack_memberships_contains_paid_content":false,"footnotes":"","jetpack_publicize_message":"","jetpack_publicize_feature_enabled":true,"jetpack_social_post_already_shared":true,"jetpack_social_options":{"image_generator_settings":{"template":"highway","default_image_id":0,"font":"","enabled":false},"version":2}},"categories":[7],"tags":[],"class_list":["post-48906","post","type-post","status-publish","format-standard","has-post-thumbnail","hentry","category-saude"],"acf":[],"jetpack_publicize_connections":[],"jetpack_featured_media_url":"https:\/\/i0.wp.com\/blogdoeloiltoncajuhy.com.br\/site\/wp-content\/uploads\/2020\/05\/SESAB_BoletimCoronavirus.jpeg?fit=1280%2C853&ssl=1","jetpack_sharing_enabled":true,"publishpress_future_workflow_manual_trigger":{"enabledWorkflows":[]},"_links":{"self":[{"href":"https:\/\/blogdoeloiltoncajuhy.com.br\/site\/wp-json\/wp\/v2\/posts\/48906","targetHints":{"allow":["GET"]}}],"collection":[{"href":"https:\/\/blogdoeloiltoncajuhy.com.br\/site\/wp-json\/wp\/v2\/posts"}],"about":[{"href":"https:\/\/blogdoeloiltoncajuhy.com.br\/site\/wp-json\/wp\/v2\/types\/post"}],"author":[{"embeddable":true,"href":"https:\/\/blogdoeloiltoncajuhy.com.br\/site\/wp-json\/wp\/v2\/users\/2"}],"replies":[{"embeddable":true,"href":"https:\/\/blogdoeloiltoncajuhy.com.br\/site\/wp-json\/wp\/v2\/comments?post=48906"}],"version-history":[{"count":2,"href":"https:\/\/blogdoeloiltoncajuhy.com.br\/site\/wp-json\/wp\/v2\/posts\/48906\/revisions"}],"predecessor-version":[{"id":48908,"href":"https:\/\/blogdoeloiltoncajuhy.com.br\/site\/wp-json\/wp\/v2\/posts\/48906\/revisions\/48908"}],"wp:featuredmedia":[{"embeddable":true,"href":"https:\/\/blogdoeloiltoncajuhy.com.br\/site\/wp-json\/wp\/v2\/media\/43990"}],"wp:attachment":[{"href":"https:\/\/blogdoeloiltoncajuhy.com.br\/site\/wp-json\/wp\/v2\/media?parent=48906"}],"wp:term":[{"taxonomy":"category","embeddable":true,"href":"https:\/\/blogdoeloiltoncajuhy.com.br\/site\/wp-json\/wp\/v2\/categories?post=48906"},{"taxonomy":"post_tag","embeddable":true,"href":"https:\/\/blogdoeloiltoncajuhy.com.br\/site\/wp-json\/wp\/v2\/tags?post=48906"}],"curies":[{"name":"wp","href":"https:\/\/api.w.org\/{rel}","templated":true}]}}