{"id":48903,"date":"2020-09-07T14:35:49","date_gmt":"2020-09-07T17:35:49","guid":{"rendered":"http:\/\/blogdoeloiltoncajuhy.com.br\/site\/?p=48903"},"modified":"2020-09-07T23:48:13","modified_gmt":"2020-09-08T02:48:13","slug":"crianca-de-02-anos-que-viaja-de-moto-com-o-pai-morre-apos-veiculo-bater-em-animal-proximo-a-missao-do-sahy","status":"publish","type":"post","link":"https:\/\/blogdoeloiltoncajuhy.com.br\/site\/crianca-de-02-anos-que-viaja-de-moto-com-o-pai-morre-apos-veiculo-bater-em-animal-proximo-a-missao-do-sahy\/","title":{"rendered":"Crian\u00e7a de 02 anos que viaja de moto com o pai, morre ap\u00f3s ve\u00edculo bater em animal pr\u00f3ximo a Miss\u00e3o do Sahy"},"content":{"rendered":"\n<p>Atualizado em 07 de setembro de 2020 &#8211; \u00e0s 23h47<\/p>\n\n\n\n<div class=\"wp-block-image\"><figure class=\"aligncenter size-full is-resized\"><img data-recalc-dims=\"1\" fetchpriority=\"high\" decoding=\"async\" src=\"https:\/\/i0.wp.com\/blogdoeloiltoncajuhy.com.br\/site\/wp-content\/uploads\/2015\/12\/pol%C3%ADcia.jpg?resize=486%2C340\" alt=\"\" class=\"wp-image-6606\" width=\"486\" height=\"340\" srcset=\"https:\/\/i0.wp.com\/blogdoeloiltoncajuhy.com.br\/site\/wp-content\/uploads\/2015\/12\/pol%C3%ADcia.jpg?w=385&amp;ssl=1 385w, https:\/\/i0.wp.com\/blogdoeloiltoncajuhy.com.br\/site\/wp-content\/uploads\/2015\/12\/pol%C3%ADcia.jpg?resize=300%2C210&amp;ssl=1 300w, https:\/\/i0.wp.com\/blogdoeloiltoncajuhy.com.br\/site\/wp-content\/uploads\/2015\/12\/pol%C3%ADcia.jpg?resize=250%2C175&amp;ssl=1 250w\" sizes=\"(max-width: 486px) 100vw, 486px\" \/><\/figure><\/div>\n\n\n\n<p>Tr\u00e1gico acidente foi registrado por volta das 19h deste domingo (06), na BA que liga Senhor do Bonfim a Campo Formoso, nas proximidades de Miss\u00e3o do Sahy.<\/p>\n\n\n\n<p>Um homem trafegava de moto com o filho de apenas 02 anos de idade, do Povoado de S\u00e3o Jo\u00e3o, munic\u00edpio de Ant\u00f4nio Gon\u00e7alves, com destino a Miss\u00e3o do Sahy, quando o ve\u00edculo bateu em um burro que estava no meio da pista.<\/p>\n\n\n\n<p>O acidente aconteceu a cerca de 01 km de Miss\u00e3o, onde o garoto morava. Com o impacto, o menino morreu na hora. Equipes do Samu e da Pol\u00edcia Militar estiveram no local.<\/p>\n\n\n\n<p>O pai da crian\u00e7a foi preso e conduzido \u00e0 Delegacia de Pol\u00edcia e se encontra recolhido no Complexo Policial de Senhor do Bonfim. Segundo informa\u00e7\u00f5es, ele n\u00e3o tem Carteira de Habilita\u00e7\u00e3o.<\/p>\n\n\n\n<p>O corpo da crian\u00e7a foi removido pela Pol\u00edcia T\u00e9cnica de Senhor do Bonfim e foi liberado por volta das 14. Seu sepultamento aconteceu por volta das 15h no Cemit\u00e9rio de Miss\u00e3o do Sahy.<\/p>\n","protected":false},"excerpt":{"rendered":"<p>Atualizado em 07 de setembro de 2020 &#8211; \u00e0s 23h47 Tr\u00e1gico acidente foi registrado por volta das 19h deste domingo (06), na BA que liga Senhor do Bonfim a Campo Formoso, nas proximidades de Miss\u00e3o do Sahy. Um homem trafegava de moto com o filho de apenas 02 anos de idade, do Povoado de S\u00e3o [&hellip;]<\/p>\n","protected":false},"author":2,"featured_media":29277,"comment_status":"open","ping_status":"open","sticky":false,"template":"","format":"standard","meta":{"_acf_changed":false,"_monsterinsights_skip_tracking":false,"_monsterinsights_sitenote_active":false,"_monsterinsights_sitenote_note":"","_monsterinsights_sitenote_category":0,"_jetpack_memberships_contains_paid_content":false,"footnotes":"","jetpack_publicize_message":"","jetpack_publicize_feature_enabled":true,"jetpack_social_post_already_shared":true,"jetpack_social_options":{"image_generator_settings":{"template":"highway","default_image_id":0,"font":"","enabled":false},"version":2}},"categories":[15],"tags":[],"class_list":["post-48903","post","type-post","status-publish","format-standard","has-post-thumbnail","hentry","category-policia"],"acf":[],"jetpack_publicize_connections":[],"jetpack_featured_media_url":"https:\/\/i0.wp.com\/blogdoeloiltoncajuhy.com.br\/site\/wp-content\/uploads\/2018\/11\/assalto_2018.jpg?fit=961%2C531&ssl=1","jetpack_sharing_enabled":true,"publishpress_future_workflow_manual_trigger":{"enabledWorkflows":[]},"_links":{"self":[{"href":"https:\/\/blogdoeloiltoncajuhy.com.br\/site\/wp-json\/wp\/v2\/posts\/48903","targetHints":{"allow":["GET"]}}],"collection":[{"href":"https:\/\/blogdoeloiltoncajuhy.com.br\/site\/wp-json\/wp\/v2\/posts"}],"about":[{"href":"https:\/\/blogdoeloiltoncajuhy.com.br\/site\/wp-json\/wp\/v2\/types\/post"}],"author":[{"embeddable":true,"href":"https:\/\/blogdoeloiltoncajuhy.com.br\/site\/wp-json\/wp\/v2\/users\/2"}],"replies":[{"embeddable":true,"href":"https:\/\/blogdoeloiltoncajuhy.com.br\/site\/wp-json\/wp\/v2\/comments?post=48903"}],"version-history":[{"count":3,"href":"https:\/\/blogdoeloiltoncajuhy.com.br\/site\/wp-json\/wp\/v2\/posts\/48903\/revisions"}],"predecessor-version":[{"id":48921,"href":"https:\/\/blogdoeloiltoncajuhy.com.br\/site\/wp-json\/wp\/v2\/posts\/48903\/revisions\/48921"}],"wp:featuredmedia":[{"embeddable":true,"href":"https:\/\/blogdoeloiltoncajuhy.com.br\/site\/wp-json\/wp\/v2\/media\/29277"}],"wp:attachment":[{"href":"https:\/\/blogdoeloiltoncajuhy.com.br\/site\/wp-json\/wp\/v2\/media?parent=48903"}],"wp:term":[{"taxonomy":"category","embeddable":true,"href":"https:\/\/blogdoeloiltoncajuhy.com.br\/site\/wp-json\/wp\/v2\/categories?post=48903"},{"taxonomy":"post_tag","embeddable":true,"href":"https:\/\/blogdoeloiltoncajuhy.com.br\/site\/wp-json\/wp\/v2\/tags?post=48903"}],"curies":[{"name":"wp","href":"https:\/\/api.w.org\/{rel}","templated":true}]}}