{"id":48886,"date":"2020-09-07T10:18:41","date_gmt":"2020-09-07T13:18:41","guid":{"rendered":"http:\/\/blogdoeloiltoncajuhy.com.br\/site\/?p=48886"},"modified":"2020-09-07T10:18:44","modified_gmt":"2020-09-07T13:18:44","slug":"prefeitura-publica-novos-decretos-com-implantacao-da-fase-01-do-pano-de-retomada-confira","status":"publish","type":"post","link":"https:\/\/blogdoeloiltoncajuhy.com.br\/site\/prefeitura-publica-novos-decretos-com-implantacao-da-fase-01-do-pano-de-retomada-confira\/","title":{"rendered":"Prefeitura publica novos decretos com implanta\u00e7\u00e3o da fase 01 do Pano de Retomada; confira"},"content":{"rendered":"\n<div class=\"wp-block-image\"><figure class=\"aligncenter size-full is-resized\"><img data-recalc-dims=\"1\" fetchpriority=\"high\" decoding=\"async\" src=\"https:\/\/i0.wp.com\/blogdoeloiltoncajuhy.com.br\/site\/wp-content\/uploads\/2020\/09\/decreto_8set_editado.jpg?resize=455%2C454\" alt=\"\" class=\"wp-image-48891\" width=\"455\" height=\"454\" srcset=\"https:\/\/i0.wp.com\/blogdoeloiltoncajuhy.com.br\/site\/wp-content\/uploads\/2020\/09\/decreto_8set_editado.jpg?w=393&amp;ssl=1 393w, https:\/\/i0.wp.com\/blogdoeloiltoncajuhy.com.br\/site\/wp-content\/uploads\/2020\/09\/decreto_8set_editado.jpg?resize=300%2C300&amp;ssl=1 300w, https:\/\/i0.wp.com\/blogdoeloiltoncajuhy.com.br\/site\/wp-content\/uploads\/2020\/09\/decreto_8set_editado.jpg?resize=150%2C150&amp;ssl=1 150w\" sizes=\"(max-width: 455px) 100vw, 455px\" \/><\/figure><\/div>\n\n\n\n<p>A Prefeitura de Senhor do Bonfim publicou na noite deste domingo (06), os novos decretos que tratam da implanta\u00e7\u00e3o da primeira fase do Plano de Retomada Geral das atividades no munic\u00edpio. As mudan\u00e7as foram poss\u00edveis em virtude da queda do \u00edndice de cont\u00e1gio do coronav\u00edrus e do n\u00famero de casos ativos.<\/p>\n\n\n\n<p>O decreto sobre o toque recolher informa que a medida passa a valer a partir de hoje das 22h \u00e0s 05h, estendendo o seu in\u00edcio em 2 horas.<\/p>\n\n\n\n<p>O outro decreto trata das mudan\u00e7as no hor\u00e1rio de funcionamento do com\u00e9rcio. Este decreto, apesar de j\u00e1 estar valendo, s\u00f3 ter\u00e1 sua mudan\u00e7a aplicada na pr\u00e1tica a partir desta ter\u00e7a-feira,, dia 08, por conta do feriado da Independ\u00eancia do Brasil, comemorado nesta segunda.<\/p>\n\n\n\n<p class=\"has-text-color has-medium-font-size has-very-dark-gray-color\"><strong>Confira nos links abaixo os decretos na \u00edntegra:<\/strong><\/p>\n\n\n\n<div class=\"wp-block-file alignleft\"><a href=\"http:\/\/blogdoeloiltoncajuhy.com.br\/site\/wp-content\/uploads\/2020\/09\/Decreto-226-2020-Toque-de-Recolher.pdf\" target=\"_blank\" rel=\"noreferrer noopener\">Decreto-226-2020-Toque-de-Recolher<\/a><\/div>\n\n\n\n<div class=\"wp-block-file alignleft\"><a href=\"http:\/\/blogdoeloiltoncajuhy.com.br\/site\/wp-content\/uploads\/2020\/09\/Decreto-227-2020-Com\u00e9rcio-e-Atividades-Produtivas.pdf\" target=\"_blank\" rel=\"noreferrer noopener\">Decreto-227-2020-Com\u00e9rcio-e-Atividades-Produtivas<\/a><\/div>\n","protected":false},"excerpt":{"rendered":"<p>A Prefeitura de Senhor do Bonfim publicou na noite deste domingo (06), os novos decretos que tratam da implanta\u00e7\u00e3o da primeira fase do Plano de Retomada Geral das atividades no munic\u00edpio. As mudan\u00e7as foram poss\u00edveis em virtude da queda do \u00edndice de cont\u00e1gio do coronav\u00edrus e do n\u00famero de casos ativos. O decreto sobre o [&hellip;]<\/p>\n","protected":false},"author":2,"featured_media":48891,"comment_status":"open","ping_status":"open","sticky":false,"template":"","format":"standard","meta":{"_acf_changed":false,"_monsterinsights_skip_tracking":false,"_monsterinsights_sitenote_active":false,"_monsterinsights_sitenote_note":"","_monsterinsights_sitenote_category":0,"_jetpack_memberships_contains_paid_content":false,"footnotes":"","jetpack_publicize_message":"","jetpack_publicize_feature_enabled":true,"jetpack_social_post_already_shared":true,"jetpack_social_options":{"image_generator_settings":{"template":"highway","default_image_id":0,"font":"","enabled":false},"version":2}},"categories":[4],"tags":[],"class_list":["post-48886","post","type-post","status-publish","format-standard","has-post-thumbnail","hentry","category-local"],"acf":[],"jetpack_publicize_connections":[],"jetpack_featured_media_url":"https:\/\/i0.wp.com\/blogdoeloiltoncajuhy.com.br\/site\/wp-content\/uploads\/2020\/09\/decreto_8set_editado.jpg?fit=393%2C392&ssl=1","jetpack_sharing_enabled":true,"publishpress_future_workflow_manual_trigger":{"enabledWorkflows":[]},"_links":{"self":[{"href":"https:\/\/blogdoeloiltoncajuhy.com.br\/site\/wp-json\/wp\/v2\/posts\/48886","targetHints":{"allow":["GET"]}}],"collection":[{"href":"https:\/\/blogdoeloiltoncajuhy.com.br\/site\/wp-json\/wp\/v2\/posts"}],"about":[{"href":"https:\/\/blogdoeloiltoncajuhy.com.br\/site\/wp-json\/wp\/v2\/types\/post"}],"author":[{"embeddable":true,"href":"https:\/\/blogdoeloiltoncajuhy.com.br\/site\/wp-json\/wp\/v2\/users\/2"}],"replies":[{"embeddable":true,"href":"https:\/\/blogdoeloiltoncajuhy.com.br\/site\/wp-json\/wp\/v2\/comments?post=48886"}],"version-history":[{"count":3,"href":"https:\/\/blogdoeloiltoncajuhy.com.br\/site\/wp-json\/wp\/v2\/posts\/48886\/revisions"}],"predecessor-version":[{"id":48892,"href":"https:\/\/blogdoeloiltoncajuhy.com.br\/site\/wp-json\/wp\/v2\/posts\/48886\/revisions\/48892"}],"wp:featuredmedia":[{"embeddable":true,"href":"https:\/\/blogdoeloiltoncajuhy.com.br\/site\/wp-json\/wp\/v2\/media\/48891"}],"wp:attachment":[{"href":"https:\/\/blogdoeloiltoncajuhy.com.br\/site\/wp-json\/wp\/v2\/media?parent=48886"}],"wp:term":[{"taxonomy":"category","embeddable":true,"href":"https:\/\/blogdoeloiltoncajuhy.com.br\/site\/wp-json\/wp\/v2\/categories?post=48886"},{"taxonomy":"post_tag","embeddable":true,"href":"https:\/\/blogdoeloiltoncajuhy.com.br\/site\/wp-json\/wp\/v2\/tags?post=48886"}],"curies":[{"name":"wp","href":"https:\/\/api.w.org\/{rel}","templated":true}]}}