{"id":48878,"date":"2020-09-07T09:26:14","date_gmt":"2020-09-07T12:26:14","guid":{"rendered":"http:\/\/blogdoeloiltoncajuhy.com.br\/site\/?p=48878"},"modified":"2020-09-07T10:21:33","modified_gmt":"2020-09-07T13:21:33","slug":"sem-desfile-civico-por-conta-da-pandemia-secretaria-de-educacao-de-senhor-de-bonfim-divulga-video-em-alusao-a-independencia-do-brasil","status":"publish","type":"post","link":"https:\/\/blogdoeloiltoncajuhy.com.br\/site\/sem-desfile-civico-por-conta-da-pandemia-secretaria-de-educacao-de-senhor-de-bonfim-divulga-video-em-alusao-a-independencia-do-brasil\/","title":{"rendered":"Sem desfile c\u00edvico por conta da pandemia, Secretaria de Educa\u00e7\u00e3o de Senhor de Bonfim divulga v\u00eddeo em alus\u00e3o \u00e0 Independ\u00eancia do Brasil"},"content":{"rendered":"\n<h5 class=\"has-text-align-center wp-block-heading\"><em>O v\u00eddeo mostra paisagens bel\u00edssimas do munic\u00edpio de Senhor do Bonfim<\/em><\/h5>\n\n\n\n<figure class=\"wp-block-gallery aligncenter columns-2 is-cropped wp-block-gallery-1 is-layout-flex wp-block-gallery-is-layout-flex\"><ul class=\"blocks-gallery-grid\"><li class=\"blocks-gallery-item\"><figure><img data-recalc-dims=\"1\" fetchpriority=\"high\" decoding=\"async\" width=\"800\" height=\"439\" src=\"https:\/\/i0.wp.com\/blogdoeloiltoncajuhy.com.br\/site\/wp-content\/uploads\/2020\/09\/PMSB_VideoSemed-02.png?resize=800%2C439\" alt=\"\" data-id=\"48879\" data-full-url=\"http:\/\/blogdoeloiltoncajuhy.com.br\/site\/wp-content\/uploads\/2020\/09\/PMSB_VideoSemed-02.png\" data-link=\"http:\/\/blogdoeloiltoncajuhy.com.br\/site\/?attachment_id=48879\" class=\"wp-image-48879\" srcset=\"https:\/\/i0.wp.com\/blogdoeloiltoncajuhy.com.br\/site\/wp-content\/uploads\/2020\/09\/PMSB_VideoSemed-02.png?w=1417&amp;ssl=1 1417w, https:\/\/i0.wp.com\/blogdoeloiltoncajuhy.com.br\/site\/wp-content\/uploads\/2020\/09\/PMSB_VideoSemed-02.png?resize=300%2C165&amp;ssl=1 300w, https:\/\/i0.wp.com\/blogdoeloiltoncajuhy.com.br\/site\/wp-content\/uploads\/2020\/09\/PMSB_VideoSemed-02.png?resize=1024%2C562&amp;ssl=1 1024w, https:\/\/i0.wp.com\/blogdoeloiltoncajuhy.com.br\/site\/wp-content\/uploads\/2020\/09\/PMSB_VideoSemed-02.png?resize=768%2C421&amp;ssl=1 768w\" sizes=\"(max-width: 800px) 100vw, 800px\" \/><\/figure><\/li><li class=\"blocks-gallery-item\"><figure><img data-recalc-dims=\"1\" decoding=\"async\" width=\"800\" height=\"433\" src=\"https:\/\/i0.wp.com\/blogdoeloiltoncajuhy.com.br\/site\/wp-content\/uploads\/2020\/09\/PMSB_VideoSemed-03.png?resize=800%2C433\" alt=\"\" data-id=\"48880\" data-full-url=\"http:\/\/blogdoeloiltoncajuhy.com.br\/site\/wp-content\/uploads\/2020\/09\/PMSB_VideoSemed-03.png\" data-link=\"http:\/\/blogdoeloiltoncajuhy.com.br\/site\/?attachment_id=48880\" class=\"wp-image-48880\" srcset=\"https:\/\/i0.wp.com\/blogdoeloiltoncajuhy.com.br\/site\/wp-content\/uploads\/2020\/09\/PMSB_VideoSemed-03.png?w=1431&amp;ssl=1 1431w, https:\/\/i0.wp.com\/blogdoeloiltoncajuhy.com.br\/site\/wp-content\/uploads\/2020\/09\/PMSB_VideoSemed-03.png?resize=300%2C162&amp;ssl=1 300w, https:\/\/i0.wp.com\/blogdoeloiltoncajuhy.com.br\/site\/wp-content\/uploads\/2020\/09\/PMSB_VideoSemed-03.png?resize=1024%2C555&amp;ssl=1 1024w, https:\/\/i0.wp.com\/blogdoeloiltoncajuhy.com.br\/site\/wp-content\/uploads\/2020\/09\/PMSB_VideoSemed-03.png?resize=768%2C416&amp;ssl=1 768w\" sizes=\"(max-width: 800px) 100vw, 800px\" \/><\/figure><\/li><\/ul><\/figure>\n\n\n\n<p>Por conta da pandemia do novo coronav\u00edrus, as comemora\u00e7\u00f5es da Independ\u00eancia do Brasil foram suspensas em todo o pa\u00eds para evitar aglomera\u00e7\u00f5es. Aqui em Senhor do Bonfim, n\u00e3o foi diferente. Com 665 casos registrados da Covid-19, o governo municipal suspendeu toda a program\u00e7\u00e3o c\u00edvica que aconteceria nesta data.<\/p>\n\n\n\n<p>Por\u00e9m, a Secretaria Municipal de Educa\u00e7\u00e3o (SEMED), para n\u00e3o deixar a esta data t\u00e3o importante &#8220;passar em branco&#8221;, produziu um v\u00eddeo que est\u00e1 sendo divulgado em suas redes sociais, <em>&#8220;retratando as a\u00e7\u00f5es alusivas \u00e0 semana da p\u00e1tria, com o tema &#8216;Democracia: garantia do direito de aprendizagem, princ\u00edpio da cidadania&#8217;<\/em>. Esta seria a tem\u00e1tica do tradicional desfile c\u00edvico em nossa cidade.<\/p>\n\n\n\n<p>O v\u00eddeo produzido pela SEMED, conta com a participa\u00e7\u00e3o da Filarm\u00f4nica Uni\u00e3o dos Ferrovi\u00e1rios Bonfinenses.<\/p>\n\n\n\n<figure class=\"wp-block-gallery aligncenter columns-2 is-cropped wp-block-gallery-2 is-layout-flex wp-block-gallery-is-layout-flex\"><ul class=\"blocks-gallery-grid\"><li class=\"blocks-gallery-item\"><figure><img data-recalc-dims=\"1\" decoding=\"async\" width=\"800\" height=\"435\" src=\"https:\/\/i0.wp.com\/blogdoeloiltoncajuhy.com.br\/site\/wp-content\/uploads\/2020\/09\/PMSB_VideoSemed-04.png?resize=800%2C435\" alt=\"\" data-id=\"48881\" data-full-url=\"http:\/\/blogdoeloiltoncajuhy.com.br\/site\/wp-content\/uploads\/2020\/09\/PMSB_VideoSemed-04.png\" data-link=\"http:\/\/blogdoeloiltoncajuhy.com.br\/site\/?attachment_id=48881\" class=\"wp-image-48881\" srcset=\"https:\/\/i0.wp.com\/blogdoeloiltoncajuhy.com.br\/site\/wp-content\/uploads\/2020\/09\/PMSB_VideoSemed-04.png?w=1423&amp;ssl=1 1423w, https:\/\/i0.wp.com\/blogdoeloiltoncajuhy.com.br\/site\/wp-content\/uploads\/2020\/09\/PMSB_VideoSemed-04.png?resize=300%2C163&amp;ssl=1 300w, https:\/\/i0.wp.com\/blogdoeloiltoncajuhy.com.br\/site\/wp-content\/uploads\/2020\/09\/PMSB_VideoSemed-04.png?resize=1024%2C557&amp;ssl=1 1024w, https:\/\/i0.wp.com\/blogdoeloiltoncajuhy.com.br\/site\/wp-content\/uploads\/2020\/09\/PMSB_VideoSemed-04.png?resize=768%2C418&amp;ssl=1 768w\" sizes=\"(max-width: 800px) 100vw, 800px\" \/><\/figure><\/li><li class=\"blocks-gallery-item\"><figure><img data-recalc-dims=\"1\" loading=\"lazy\" decoding=\"async\" width=\"800\" height=\"434\" src=\"https:\/\/i0.wp.com\/blogdoeloiltoncajuhy.com.br\/site\/wp-content\/uploads\/2020\/09\/PMSB_VideoSemed-05.png?resize=800%2C434\" alt=\"\" data-id=\"48882\" data-full-url=\"http:\/\/blogdoeloiltoncajuhy.com.br\/site\/wp-content\/uploads\/2020\/09\/PMSB_VideoSemed-05.png\" data-link=\"http:\/\/blogdoeloiltoncajuhy.com.br\/site\/?attachment_id=48882\" class=\"wp-image-48882\" srcset=\"https:\/\/i0.wp.com\/blogdoeloiltoncajuhy.com.br\/site\/wp-content\/uploads\/2020\/09\/PMSB_VideoSemed-05.png?w=1435&amp;ssl=1 1435w, https:\/\/i0.wp.com\/blogdoeloiltoncajuhy.com.br\/site\/wp-content\/uploads\/2020\/09\/PMSB_VideoSemed-05.png?resize=300%2C163&amp;ssl=1 300w, https:\/\/i0.wp.com\/blogdoeloiltoncajuhy.com.br\/site\/wp-content\/uploads\/2020\/09\/PMSB_VideoSemed-05.png?resize=1024%2C556&amp;ssl=1 1024w, https:\/\/i0.wp.com\/blogdoeloiltoncajuhy.com.br\/site\/wp-content\/uploads\/2020\/09\/PMSB_VideoSemed-05.png?resize=768%2C417&amp;ssl=1 768w\" sizes=\"(max-width: 800px) 100vw, 800px\" \/><\/figure><\/li><\/ul><\/figure>\n\n\n\n<p>O desejo dos bonfinenses de irem \u00e0s ruas comemorar o dia da nossa independ\u00eancia, foi exaltado pela Secretaria de Educa\u00e7\u00e3o: <em>&#8220;Hoje acordamos com o desejo de estarmos juntos com os nossos educandos (as), com os nossos professores (as), equipe de governo e o povo! O povo na pra\u00e7a, acolhendo e abrilhantando o nosso desfile. Por\u00e9m, estamos, para nossa pr\u00f3pria prote\u00e7\u00e3o e do outro, de forma virtual promovendo uma reflex\u00e3o que remete ao povo brasileiro muitos significados que comemoram o marco da independ\u00eancia na hist\u00f3ria do nosso pa\u00eds&#8221;<\/em>.<\/p>\n","protected":false},"excerpt":{"rendered":"<p>O v\u00eddeo mostra paisagens bel\u00edssimas do munic\u00edpio de Senhor do Bonfim Por conta da pandemia do novo coronav\u00edrus, as comemora\u00e7\u00f5es da Independ\u00eancia do Brasil foram suspensas em todo o pa\u00eds para evitar aglomera\u00e7\u00f5es. Aqui em Senhor do Bonfim, n\u00e3o foi diferente. Com 665 casos registrados da Covid-19, o governo municipal suspendeu toda a program\u00e7\u00e3o c\u00edvica [&hellip;]<\/p>\n","protected":false},"author":2,"featured_media":48883,"comment_status":"open","ping_status":"open","sticky":false,"template":"","format":"standard","meta":{"_acf_changed":false,"_monsterinsights_skip_tracking":false,"_monsterinsights_sitenote_active":false,"_monsterinsights_sitenote_note":"","_monsterinsights_sitenote_category":0,"_jetpack_memberships_contains_paid_content":false,"footnotes":"","jetpack_publicize_message":"","jetpack_publicize_feature_enabled":true,"jetpack_social_post_already_shared":true,"jetpack_social_options":{"image_generator_settings":{"template":"highway","default_image_id":0,"font":"","enabled":false},"version":2}},"categories":[4],"tags":[],"class_list":["post-48878","post","type-post","status-publish","format-standard","has-post-thumbnail","hentry","category-local"],"acf":[],"jetpack_publicize_connections":[],"jetpack_featured_media_url":"https:\/\/i0.wp.com\/blogdoeloiltoncajuhy.com.br\/site\/wp-content\/uploads\/2020\/09\/PMSB_VideoSemed-01.png?fit=1405%2C775&ssl=1","jetpack_sharing_enabled":true,"publishpress_future_workflow_manual_trigger":{"enabledWorkflows":[]},"_links":{"self":[{"href":"https:\/\/blogdoeloiltoncajuhy.com.br\/site\/wp-json\/wp\/v2\/posts\/48878","targetHints":{"allow":["GET"]}}],"collection":[{"href":"https:\/\/blogdoeloiltoncajuhy.com.br\/site\/wp-json\/wp\/v2\/posts"}],"about":[{"href":"https:\/\/blogdoeloiltoncajuhy.com.br\/site\/wp-json\/wp\/v2\/types\/post"}],"author":[{"embeddable":true,"href":"https:\/\/blogdoeloiltoncajuhy.com.br\/site\/wp-json\/wp\/v2\/users\/2"}],"replies":[{"embeddable":true,"href":"https:\/\/blogdoeloiltoncajuhy.com.br\/site\/wp-json\/wp\/v2\/comments?post=48878"}],"version-history":[{"count":3,"href":"https:\/\/blogdoeloiltoncajuhy.com.br\/site\/wp-json\/wp\/v2\/posts\/48878\/revisions"}],"predecessor-version":[{"id":48893,"href":"https:\/\/blogdoeloiltoncajuhy.com.br\/site\/wp-json\/wp\/v2\/posts\/48878\/revisions\/48893"}],"wp:featuredmedia":[{"embeddable":true,"href":"https:\/\/blogdoeloiltoncajuhy.com.br\/site\/wp-json\/wp\/v2\/media\/48883"}],"wp:attachment":[{"href":"https:\/\/blogdoeloiltoncajuhy.com.br\/site\/wp-json\/wp\/v2\/media?parent=48878"}],"wp:term":[{"taxonomy":"category","embeddable":true,"href":"https:\/\/blogdoeloiltoncajuhy.com.br\/site\/wp-json\/wp\/v2\/categories?post=48878"},{"taxonomy":"post_tag","embeddable":true,"href":"https:\/\/blogdoeloiltoncajuhy.com.br\/site\/wp-json\/wp\/v2\/tags?post=48878"}],"curies":[{"name":"wp","href":"https:\/\/api.w.org\/{rel}","templated":true}]}}