{"id":48873,"date":"2020-09-07T08:11:21","date_gmt":"2020-09-07T11:11:21","guid":{"rendered":"http:\/\/blogdoeloiltoncajuhy.com.br\/site\/?p=48873"},"modified":"2020-09-07T23:51:17","modified_gmt":"2020-09-08T02:51:17","slug":"luto-morre-seu-ernesto-um-dos-mais-antigos-e-tradicionais-comerciantes-de-senhor-do-bonfim","status":"publish","type":"post","link":"https:\/\/blogdoeloiltoncajuhy.com.br\/site\/luto-morre-seu-ernesto-um-dos-mais-antigos-e-tradicionais-comerciantes-de-senhor-do-bonfim\/","title":{"rendered":"Luto: Morre &#8216;Seu Ernesto&#8217;, um dos mais antigos e tradicionais comerciantes de Senhor do Bonfim"},"content":{"rendered":"\n<p><em>Atualizado em 07.09.2020 &#8211; \u00e0s 13h14 e \u00e0s 23h50<\/em><\/p>\n\n\n\n<div class=\"wp-block-image\"><figure class=\"aligncenter size-large\"><img data-recalc-dims=\"1\" fetchpriority=\"high\" decoding=\"async\" width=\"796\" height=\"583\" src=\"https:\/\/i0.wp.com\/blogdoeloiltoncajuhy.com.br\/site\/wp-content\/uploads\/2020\/09\/SeuErnesto-07.09.2020.jpg?resize=796%2C583\" alt=\"\" class=\"wp-image-48874\" srcset=\"https:\/\/i0.wp.com\/blogdoeloiltoncajuhy.com.br\/site\/wp-content\/uploads\/2020\/09\/SeuErnesto-07.09.2020.jpg?w=796&amp;ssl=1 796w, https:\/\/i0.wp.com\/blogdoeloiltoncajuhy.com.br\/site\/wp-content\/uploads\/2020\/09\/SeuErnesto-07.09.2020.jpg?resize=300%2C220&amp;ssl=1 300w, https:\/\/i0.wp.com\/blogdoeloiltoncajuhy.com.br\/site\/wp-content\/uploads\/2020\/09\/SeuErnesto-07.09.2020.jpg?resize=768%2C562&amp;ssl=1 768w\" sizes=\"(max-width: 796px) 100vw, 796px\" \/><\/figure><\/div>\n\n\n\n<p class=\"has-text-color has-very-dark-gray-color\">Este 7 de setembro amanhece com uma triste not\u00edcia em Senhor do Bonfim, com o falecimento de um dos mais antigos e tradicionais comerciantes de nossa cidade: <strong>Ernesto Leite da Silva<\/strong>, ou simplesmente <strong>&#8220;Seu Ernesto&#8221;<\/strong>.<\/p>\n\n\n\n<p>Ele faleceu por volta das 6h da manh\u00e3 desta segunda-feira no Hospital Paulo Hilari\u00e3o, aos 87 anos de idade. &#8220;Seu Ernesto&#8221; vinha bastante debilitado nos \u00faltimos meses.<\/p>\n\n\n\n<p>Natural da regi\u00e3o da Grota, Ernesto Leite da Silva come\u00e7ou a trabalhar cedo, vendendo frutas e legumes na famosa Feira do Pau de Senhor do Bonfim. Foi tamb\u00e9m vendedor de jornais em Salvador e trabalhou nas fazendas de cacau em Ilh\u00e9us, at\u00e9 ingressar na Pol\u00edcia Militar da Bahia, servindo em Juazeiro e Piritiba.<\/p>\n\n\n\n<p>Ap\u00f3s sair da PM em 1959, retornou a Bonfim, quando, por influ\u00eancia do amigo Louro, passou a vender novamente na feira, inicialmente miudezas compradas na loja O Cometa. Come\u00e7ou a trabalhar nas feiras de Filad\u00e9lfia, Po\u00e7os (Campo Formoso) e Santa Rosa de Lima (Jaguarari) e, com o passar do tempo, a comprar mercadorias em Petrolina, Caruaru e S\u00e3o Paulo para revender a outros feirantes.<\/p>\n\n\n\n<p>Em 1971, Seu Ernesto trocou uma casa pelo ponto comercial da antiga Boutique S\u00e3o Jorge, localizado na Pra\u00e7a Augusto Sena Gomes, dando in\u00edcio assim \u00e0s atividades do Armarinho Senhor do Bonfim. Dois anos depois, transferiu a loja para um pr\u00e9dio na Pra\u00e7a Dr. Jos\u00e9 Gon\u00e7alves. Em 1974 mudou-se para Rua Manoel Teixeira, onde permanece em funcionamento, sendo um dos mais tradicionais estabelecimentos comerciais da cidade.<\/p>\n\n\n\n<p>O corpo de Ernesto Leite da Silva foi velado no Memorial Vila Nova e sepultado por volta das 17h no Cemit\u00e9rio de Miss\u00e3o do Sahy, interior de Senhor do Bonfim.<\/p>\n","protected":false},"excerpt":{"rendered":"<p>Atualizado em 07.09.2020 &#8211; \u00e0s 13h14 e \u00e0s 23h50 Este 7 de setembro amanhece com uma triste not\u00edcia em Senhor do Bonfim, com o falecimento de um dos mais antigos e tradicionais comerciantes de nossa cidade: Ernesto Leite da Silva, ou simplesmente &#8220;Seu Ernesto&#8221;. Ele faleceu por volta das 6h da manh\u00e3 desta segunda-feira no [&hellip;]<\/p>\n","protected":false},"author":2,"featured_media":46684,"comment_status":"open","ping_status":"open","sticky":false,"template":"","format":"standard","meta":{"_acf_changed":false,"_monsterinsights_skip_tracking":false,"_monsterinsights_sitenote_active":false,"_monsterinsights_sitenote_note":"","_monsterinsights_sitenote_category":0,"_jetpack_memberships_contains_paid_content":false,"footnotes":"","jetpack_publicize_message":"","jetpack_publicize_feature_enabled":true,"jetpack_social_post_already_shared":true,"jetpack_social_options":{"image_generator_settings":{"template":"highway","default_image_id":0,"font":"","enabled":false},"version":2}},"categories":[4],"tags":[],"class_list":["post-48873","post","type-post","status-publish","format-standard","has-post-thumbnail","hentry","category-local"],"acf":[],"jetpack_publicize_connections":[],"jetpack_featured_media_url":"https:\/\/i0.wp.com\/blogdoeloiltoncajuhy.com.br\/site\/wp-content\/uploads\/2020\/07\/MC-SeuErnesto.jpg?fit=1182%2C1182&ssl=1","jetpack_sharing_enabled":true,"publishpress_future_workflow_manual_trigger":{"enabledWorkflows":[]},"_links":{"self":[{"href":"https:\/\/blogdoeloiltoncajuhy.com.br\/site\/wp-json\/wp\/v2\/posts\/48873","targetHints":{"allow":["GET"]}}],"collection":[{"href":"https:\/\/blogdoeloiltoncajuhy.com.br\/site\/wp-json\/wp\/v2\/posts"}],"about":[{"href":"https:\/\/blogdoeloiltoncajuhy.com.br\/site\/wp-json\/wp\/v2\/types\/post"}],"author":[{"embeddable":true,"href":"https:\/\/blogdoeloiltoncajuhy.com.br\/site\/wp-json\/wp\/v2\/users\/2"}],"replies":[{"embeddable":true,"href":"https:\/\/blogdoeloiltoncajuhy.com.br\/site\/wp-json\/wp\/v2\/comments?post=48873"}],"version-history":[{"count":5,"href":"https:\/\/blogdoeloiltoncajuhy.com.br\/site\/wp-json\/wp\/v2\/posts\/48873\/revisions"}],"predecessor-version":[{"id":48922,"href":"https:\/\/blogdoeloiltoncajuhy.com.br\/site\/wp-json\/wp\/v2\/posts\/48873\/revisions\/48922"}],"wp:featuredmedia":[{"embeddable":true,"href":"https:\/\/blogdoeloiltoncajuhy.com.br\/site\/wp-json\/wp\/v2\/media\/46684"}],"wp:attachment":[{"href":"https:\/\/blogdoeloiltoncajuhy.com.br\/site\/wp-json\/wp\/v2\/media?parent=48873"}],"wp:term":[{"taxonomy":"category","embeddable":true,"href":"https:\/\/blogdoeloiltoncajuhy.com.br\/site\/wp-json\/wp\/v2\/categories?post=48873"},{"taxonomy":"post_tag","embeddable":true,"href":"https:\/\/blogdoeloiltoncajuhy.com.br\/site\/wp-json\/wp\/v2\/tags?post=48873"}],"curies":[{"name":"wp","href":"https:\/\/api.w.org\/{rel}","templated":true}]}}