{"id":46482,"date":"2020-07-11T21:30:42","date_gmt":"2020-07-12T00:30:42","guid":{"rendered":"http:\/\/blogdoeloiltoncajuhy.com.br\/site\/?p=46482"},"modified":"2020-07-11T21:30:47","modified_gmt":"2020-07-12T00:30:47","slug":"bahia-registra-3-002-casos-de-covid-19-nas-ultimas-24-horas","status":"publish","type":"post","link":"https:\/\/blogdoeloiltoncajuhy.com.br\/site\/bahia-registra-3-002-casos-de-covid-19-nas-ultimas-24-horas\/","title":{"rendered":"Bahia registra 3.002 casos de Covid-19 nas \u00faltimas 24 horas"},"content":{"rendered":"\n<div class=\"wp-block-image is-style-default\"><figure class=\"aligncenter size-large\"><img data-recalc-dims=\"1\" fetchpriority=\"high\" decoding=\"async\" width=\"800\" height=\"508\" src=\"https:\/\/i0.wp.com\/blogdoeloiltoncajuhy.com.br\/site\/wp-content\/uploads\/2020\/03\/coronavirusimagem-6.jpg?resize=800%2C508\" alt=\"\" class=\"wp-image-42402\" srcset=\"https:\/\/i0.wp.com\/blogdoeloiltoncajuhy.com.br\/site\/wp-content\/uploads\/2020\/03\/coronavirusimagem-6.jpg?resize=1024%2C650&amp;ssl=1 1024w, https:\/\/i0.wp.com\/blogdoeloiltoncajuhy.com.br\/site\/wp-content\/uploads\/2020\/03\/coronavirusimagem-6.jpg?resize=300%2C191&amp;ssl=1 300w, https:\/\/i0.wp.com\/blogdoeloiltoncajuhy.com.br\/site\/wp-content\/uploads\/2020\/03\/coronavirusimagem-6.jpg?resize=768%2C488&amp;ssl=1 768w, https:\/\/i0.wp.com\/blogdoeloiltoncajuhy.com.br\/site\/wp-content\/uploads\/2020\/03\/coronavirusimagem-6.jpg?resize=250%2C159&amp;ssl=1 250w, https:\/\/i0.wp.com\/blogdoeloiltoncajuhy.com.br\/site\/wp-content\/uploads\/2020\/03\/coronavirusimagem-6.jpg?w=1200&amp;ssl=1 1200w\" sizes=\"(max-width: 800px) 100vw, 800px\" \/><\/figure><\/div>\n\n\n\n<p>Na Bahia, nas \u00faltimas 24 horas, foram registrados 3.002 casos de Covid-19 (taxa de crescimento de +3,0%), 53 \u00f3bitos (+2,2%) e 1.210 curados (+1,7%). Dos 104.188 casos confirmados desde o in\u00edcio da pandemia, 73.136 j\u00e1 s\u00e3o considerados curados, 28.616 encontram-se ativos e 2.436 tiveram \u00f3bito confirmado.<\/p>\n\n\n\n<p>Os casos confirmados ocorreram em 397 munic\u00edpios baianos, com maior propor\u00e7\u00e3o em Salvador (41,72%). O boletim epidemiol\u00f3gico contabiliza 104.188 casos confirmados, 204.428 casos descartados e 101501 em investiga\u00e7\u00e3o. Estes dados representam notifica\u00e7\u00f5es oficiais compiladas at\u00e9 as 17h deste s\u00e1bado (11). Na Bahia, 11.188 profissionais da sa\u00fade foram confirmados para Covid-19.<\/p>\n\n\n\n<p>Todos os dados est\u00e3o dispon\u00edveis no Painel Epidemiol\u00f3gico (<strong><em>bi.saude.ba.gov.br\/transparencia\/<\/em><\/strong>).<\/p>\n\n\n\n<p class=\"has-text-color has-medium-font-size has-vivid-red-color\"><strong>Para acessar o boletim completo, <a href=\"http:\/\/www.saude.ba.gov.br\/wp-content\/uploads\/2020\/07\/BOLETIM_ELETRONICO_BAHIAN_109___11072020.pdf\">clique aqui<\/a>.<\/strong><\/p>\n\n\n\n<p class=\"has-medium-font-size\"><strong>\u00d3bitos<\/strong><\/p>\n\n\n\n<p>A Secretaria da Sa\u00fade do Estado da Bahia (Sesab) contabiliza 2.436 mortes pelo novo coronav\u00edrus.<\/p>\n\n\n\n<p>2384\u00ba \u00f3bito \u2013 homem, 92 anos, residente em Salvador, portador de diabetes mellitus e hipertens\u00e3o arterial. Internado dia 11\/06, foi a \u00f3bito dia 20\/06, em hospital da rede privada, em Salvador;<\/p>\n\n\n\n<p>2385\u00ba \u00f3bito \u2013 homem, 64 anos, residente em Ilh\u00e9us, sem comorbidades. Foi a \u00f3bito dia 22\/06, em seu domic\u00edlio, em Ilh\u00e9us;<\/p>\n\n\n\n<p>2386\u00ba \u00f3bito \u2013 homem, 40 anos, residente em Eun\u00e1polis, portador de hipertens\u00e3o arterial, diabetes mellitus e obesidade. Internado dia 04\/06, foi a \u00f3bito 20\/06, em hospital da rede privada, em Eun\u00e1polis;<\/p>\n\n\n\n<p>2387\u00ba \u00f3bito \u2013 homem, 72 anos, sem comorbidades, residente em Jacobina. Internado dia 07\/06, foi a \u00f3bito dia 30\/06, em hospital da rede p\u00fablica, em Salvador;<\/p>\n\n\n\n<p>2388\u00ba \u00f3bito \u2013 mulher, 85 anos, residente em Salvador, portadora de hipertens\u00e3o arterial. Internada dia 28\/06, foi a \u00f3bito dia 07\/07, em hospital da rede p\u00fablica, em Salvador;<\/p>\n\n\n\n<p>2389\u00ba \u00f3bito \u2013 homem, 86 anos, residente em Nova Ibi\u00e1, sem informa\u00e7\u00f5es acerca de comorbidades. Foi a \u00f3bito dia 10\/07, em seu domic\u00edlio, em Nova Ibi\u00e1;<\/p>\n\n\n\n<p>2390\u00ba \u00f3bito \u2013 homem, 76 anos, residente em Salvador, portador de hipertens\u00e3o arterial. Internado dia 06\/07, foi a \u00f3bito dia 08\/07, em hospital da rede p\u00fablica, em Salvador;<\/p>\n\n\n\n<p>2391\u00ba \u00f3bito \u2013 mulher, 67 anos, residente em Ubaitaba, portadora de diabetes mellitus, hipertens\u00e3o arterial, obesidade e doen\u00e7a respirat\u00f3ria cr\u00f4nica. Internada dia 27\/06, foi a \u00f3bito dia 08\/07, em hospital da rede p\u00fablica, em Vit\u00f3ria da Conquista;<\/p>\n\n\n\n<p>2392\u00ba \u00f3bito \u2013 mulher, 95 anos, residente em Salvador, sem informa\u00e7\u00e3o acerca da exist\u00eancia de comorbidades. Internada dia 08\/07, foi a \u00f3bito no mesmo dia (08\/07), em hospital da rede p\u00fablica, em Salvador;<\/p>\n\n\n\n<p>2393\u00ba \u00f3bito \u2013 homem, 67 anos, residente em Salvador, portador de hipertens\u00e3o arterial. Internado dia 22\/06, foi a \u00f3bito dia 07\/07, em hospital da rede p\u00fablica, em Salvador;<\/p>\n\n\n\n<p>2394\u00ba \u00f3bito \u2013 homem, 98 anos, residente em Salvador, portador de dem\u00eancias, incluindo Alzheimer e hipertens\u00e3o arterial. Internado dia 19\/06, foi a \u00f3bito dia 22\/06, em unidade da rede p\u00fablica, em Salvador;<\/p>\n\n\n\n<p>2395\u00ba \u00f3bito \u2013 homem, 78 anos, residente em Ilh\u00e9us, portador de diabetes mellitus. Internado dia 20\/06, foi a \u00f3bito dia 07\/07, em hospital da rede privada, em Ilh\u00e9us;<\/p>\n\n\n\n<p>2396\u00ba \u00f3bito \u2013 homem, 65 anos, residente em Salvador, fumante. Internado dia 05\/07, foi a \u00f3bito 07\/07, em hospital da rede p\u00fablica, em Salvador;<\/p>\n\n\n\n<p>2397\u00ba \u00f3bito \u2013 homem, 68 anos, residente em Ilh\u00e9us, sem comorbidades. Internado no dia 22\/06, foi a \u00f3bito no mesmo dia (22\/06), em unidade da rede p\u00fablica, em Ilh\u00e9us;<\/p>\n\n\n\n<p>2398\u00ba \u00f3bito \u2013 mulher, 80 anos, residente em Salvador, portadora de diabetes mellitus e doen\u00e7a renal cr\u00f4nica. Internada dia 25\/06, foi a \u00f3bito dia 07\/07, em hospital da rede p\u00fablica, em Salvador;<\/p>\n\n\n\n<p>2399\u00ba \u00f3bito \u2013 homem, 48 anos, residente em Salvador, portador de hipertens\u00e3o arterial. Internado dia 30\/06, foi a \u00f3bito dia 07\/07, em hospital da rede p\u00fablica, em Salvador;<\/p>\n\n\n\n<p>2400\u00ba \u00f3bito \u2013 mulher, 55 anos, residente em Salvador, portadora de diabetes mellitus, hipertens\u00e3o arterial e obesidade. Internada dia 14\/06, foi a \u00f3bito 22\/06, em hospital da rede p\u00fablica, em Salvador;<\/p>\n\n\n\n<p>2401\u00ba \u00f3bito \u2013 homem, 62 anos, residente em Salvador, sem comorbidades. Foi a \u00f3bito dia (02\/07), a caminho do hospital, em Lauro de Freitas;<\/p>\n\n\n\n<p>2402\u00ba \u00f3bito \u2013 homem, 76 anos, residente em Salvador, portador de hipertens\u00e3o arterial. Internado dia 08\/07, foi a \u00f3bito dia 09\/07, em hospital da rede p\u00fablica, em Salvador;<\/p>\n\n\n\n<p>2403\u00ba \u00f3bito \u2013 mulher, 85 anos, residente em Manoel Vitorino, portadora de hipertens\u00e3o arterial e neoplasias. Internada dia 30\/06, foi a \u00f3bito dia 07\/07, em hospital da rede p\u00fablica, em Jequi\u00e9;<\/p>\n\n\n\n<p>2404\u00ba \u00f3bito \u2013 mulher, 87 anos, residente em Serra Preta, sem informa\u00e7\u00f5es acerca da exist\u00eancia de comorbidades. Internada dia 07\/07, foi a \u00f3bito no mesmo dia (07\/07), em hospital da rede p\u00fablica, em Serra Preta;<\/p>\n\n\n\n<p>2405\u00ba \u00f3bito \u2013 mulher, 34 anos, residente em Teodoro Sampaio, portadora de obesidade. Internada dia 27\/06, foi a \u00f3bito dia 07\/07, em hospital da rede p\u00fablica, em Salvador;<\/p>\n\n\n\n<p>2406\u00ba \u00f3bito \u2013 homem, 93 anos, residente em Jequi\u00e9, portador de diabetes mellitus e hipertens\u00e3o arterial. Internado dia 24\/06, foi a \u00f3bito dia 09\/07, em hospital da rede p\u00fablica, em Jequi\u00e9;<\/p>\n\n\n\n<p>2407\u00ba \u00f3bito \u2013 mulher, 81 anos, residente em Salvador, portadora de hipertens\u00e3o arterial. Internada dia 28\/06, foi a \u00f3bito dia 03\/07, em hospital da rede p\u00fablica, em Salvador;<\/p>\n\n\n\n<p>2408\u00ba \u00f3bito \u2013 homem, 54 anos, residente em Salvador, portador de hipertens\u00e3o arterial e diabetes mellitus. Internado 26\/06, foi a \u00f3bito dia 03\/07, em hospital da rede p\u00fablica, em Salvador;<\/p>\n\n\n\n<p>2409\u00ba \u00f3bito \u2013 homem, 42 anos, residente em C\u00e2ndido Sales, portador de diabetes mellitus. Sem informa\u00e7\u00e3o acerca da data de interna\u00e7\u00e3o, foi a \u00f3bito dia 08\/07, em hospital da rede p\u00fablica, em C\u00e2ndido Sales;<\/p>\n\n\n\n<p>2410\u00ba \u00f3bito \u2013 homem, 67 anos, residente em Salvador, portador de doen\u00e7a cardiovascular e diabetes mellitus. Internado dia 02\/07, foi a \u00f3bito 06\/07, em hospital da rede p\u00fablica em Salvador;<\/p>\n\n\n\n<p>2411\u00ba \u00f3bito \u2013 mulher, 68 anos, residente em Salvador, portadora de diabetes mellitus e hipertens\u00e3o arterial. Internada dia 29\/06, foi a \u00f3bito dia 03\/07, em hospital da rede p\u00fablica, em Salvador;<\/p>\n\n\n\n<p>2412\u00ba \u00f3bito \u2013 homem, 31 anos, residente em Salvador, portador de obesidade e doen\u00e7a cardiovascular. Internado dia 17\/06, foi a \u00f3bito dia 03\/07, em hospital da rede p\u00fablica, em Salvador;<\/p>\n\n\n\n<p>2413\u00ba \u00f3bito \u2013 homem, 67 anos, residente em Salvador, portador de diabetes mellitus e hipertens\u00e3o arterial. Internado dia 16\/06, foi a \u00f3bito dia 03\/07, em hospital da rede p\u00fablica, em Salvador;<\/p>\n\n\n\n<p>2414\u00ba \u00f3bito \u2013 homem, 77 anos, residente em Dias D&#8217;\u00c1vila, sem comorbidades. Internado dia 26\/06, foi a \u00f3bito dia 03\/07, em hospital da rede p\u00fablica, em Lauro de Freitas;<\/p>\n\n\n\n<p>2415\u00ba \u00f3bito \u2013 mulher, 42 anos, residente em Salvador, portadora de doen\u00e7a renal cr\u00f4nica. Internada dia 27\/06, foi a \u00f3bito dia 01\/07, em hospital da rede p\u00fablica, em Salvador;<\/p>\n\n\n\n<p>2416\u00ba \u00f3bito \u2013 homem, 72 anos, residente em Salvador, portador de doen\u00e7a hep\u00e1tica. Internado dia 21\/05, foi a \u00f3bito dia 30\/05, em hospital da rede p\u00fablica, em Salvador;<\/p>\n\n\n\n<p>2417\u00ba \u00f3bito \u2013 mulher, 65 anos, residente em Salvador, sem informa\u00e7\u00f5es acerca de comorbidades. Sem informa\u00e7\u00e3o tamb\u00e9m sobre a data de interna\u00e7\u00e3o, foi a \u00f3bito dia 28\/06, em hospital da rede privada, em Salvador;<\/p>\n\n\n\n<p>2418\u00ba \u00f3bito \u2013 homem, 63 anos, residente em Castro Alves, portador de diabetes mellitus. Internado dia 08\/07, foi a \u00f3bito dia 10\/07, em hospital da rede p\u00fablica, em Santo Ant\u00f4nio de Jesus;<\/p>\n\n\n\n<p>2419\u00ba \u00f3bito \u2013 homem, 71 anos, residente em Salvador, portador de hipertens\u00e3o arterial e diabetes mellitus. Internado dia 25\/06, foi a \u00f3bito dia 01\/07, em hospital da rede p\u00fablica, em Salvador;<\/p>\n\n\n\n<p>2420\u00ba \u00f3bito \u2013 mulher, 66 anos, residente em Sim\u00f5es Filho, portadora de neoplasias, hipertens\u00e3o arterial, dem\u00eancias, incluindo Alzheimer. Internada dia 03\/07, foi a \u00f3bito dia 05\/07, em hospital da rede p\u00fablica, em Sim\u00f5es Filho;<\/p>\n\n\n\n<p>2421\u00ba \u00f3bito \u2013 homem, 32 anos, residente em Salvador, sem informa\u00e7\u00f5es acerca de comorbidades. Internado dia 26\/06, foi a \u00f3bito dia 02\/07, em hospital da rede p\u00fablica em Lauro de Freitas;<\/p>\n\n\n\n<p>2422\u00ba \u00f3bito \u2013 homem, 61 anos, residente em Serrinha, portador de neoplasias. Internado dia 20\/06, foi a \u00f3bito dia 24\/06, em hospital da rede privada, em Salvador;<\/p>\n\n\n\n<p>2423\u00ba \u00f3bito \u2013 mulher, 60 anos, residente em Salvador, portadora de hipertens\u00e3o arterial e obesidade. Sem informa\u00e7\u00e3o acerca da data de interna\u00e7\u00e3o, foi a \u00f3bito dia 09\/07, em hospital da rede p\u00fablica, em Salvador;<\/p>\n\n\n\n<p>2424\u00ba \u00f3bito \u2013 homem, 88 anos, residente em Salvador, sem informa\u00e7\u00f5es acerca de comorbidades. Internado dia 25\/06, foi a \u00f3bito dia 04\/07, em hospital da rede p\u00fablica, em Salvador;<\/p>\n\n\n\n<p>2425\u00ba \u00f3bito \u2013 homem, 68 anos, residente em Jaguaquara, portador de diabetes mellitus. Sem informa\u00e7\u00e3o acerca da data de interna\u00e7\u00e3o, foi a \u00f3bito dia 09\/07, em hospital da rede p\u00fablica, em Itabuna;<\/p>\n\n\n\n<p>2426\u00ba \u00f3bito \u2013 homem, 60 anos, residente em Valen\u00e7a, portador de diabetes mellitus e hipertens\u00e3o arterial. Internado dia 20\/06, foi a \u00f3bito dia 08\/07, em hospital da rede p\u00fablica, em Ilh\u00e9us;<\/p>\n\n\n\n<p>2427\u00ba \u00f3bito \u2013 homem, 93 anos, residente em Tapero\u00e1, portador de doen\u00e7a cardiovascular. Internado dia 01\/07, foi a \u00f3bito dia 09\/07, em hospital da rede privada, em Santo Ant\u00f4nio de Jesus;<\/p>\n\n\n\n<p>2428\u00ba \u00f3bito \u2013 mulher, 87 anos, residente em Itabuna, sem comorbidades. Internada dia 02\/07, foi a \u00f3bito no mesmo dia (02\/07), em hospital da rede p\u00fablica, em Itabuna;<\/p>\n\n\n\n<p>2429\u00ba \u00f3bito \u2013 homem, 59 anos, residente em Sobradinho, portador de hipertens\u00e3o arterial. Sem informa\u00e7\u00e3o acerca da data de interna\u00e7\u00e3o, foi a \u00f3bito dia 09\/07, em hospital da rede p\u00fablica, em Salgueiro (Pernambuco);<\/p>\n\n\n\n<p>2430\u00ba \u00f3bito \u2013 homem, 79 anos, residente em Valen\u00e7a, sem informa\u00e7\u00f5es acerca de comorbidades. Tamb\u00e9m sem informa\u00e7\u00f5es sobre a data de interna\u00e7\u00e3o, foi a \u00f3bito dia 08\/07, em hospital filantr\u00f3pico, em Valen\u00e7a;<\/p>\n\n\n\n<p>2431\u00ba \u00f3bito \u2013 homem, 65 anos, residente em Dias D&#8217;\u00c1vila, portador de hipertens\u00e3o arterial e doen\u00e7a renal cr\u00f4nica. Internado dia 30\/06, foi a \u00f3bito dia 03\/07, em hospital da rede p\u00fablica, em Salvador;<\/p>\n\n\n\n<p>2432\u00ba \u00f3bito \u2013 homem, 69 anos, residente em Jaguaquara, portador de hipertens\u00e3o arterial e diabetes mellitus. Sem informa\u00e7\u00e3o da data de interna\u00e7\u00e3o, foi a \u00f3bito dia 10\/07, em hospital da rede p\u00fablica, em Jequi\u00e9;<\/p>\n\n\n\n<p>2433\u00ba \u00f3bito \u2013 mulher, 80 anos, residente em Vera Cruz, portadora de diabetes mellitus e hipertens\u00e3o arterial. Internada dia 04\/07, foi a \u00f3bito no mesmo dia (04\/07), em hospital da rede p\u00fablica, em Itaparica;<\/p>\n\n\n\n<p>2434\u00ba \u00f3bito \u2013 mulher, 80 anos, residente em Vera Cruz, portadora de hipertens\u00e3o arterial. Internada dia 04\/07, foi a \u00f3bito no mesmo dia (04\/07), em hospital da rede p\u00fablica, em Itaparica;<\/p>\n\n\n\n<p>2435\u00ba \u00f3bito \u2013 mulher, 71 anos, residente em Sim\u00f5es Filho, portadora de hipertens\u00e3o arterial e diabetes mellitus. Internada dia 04\/07, foi a \u00f3bito no mesmo dia (04\/07), em hospital da rede p\u00fablica, em Sim\u00f5es Filho;<\/p>\n\n\n\n<p>2436\u00ba \u00f3bito \u2013 mulher, 68 anos, residente em Itacar\u00e9, portadora de hipertens\u00e3o arterial. Internada dia 16\/06, foi a \u00f3bito dia 22\/06, em hospital da rede p\u00fablica, em Ilh\u00e9us.<\/p>\n","protected":false},"excerpt":{"rendered":"<p>Na Bahia, nas \u00faltimas 24 horas, foram registrados 3.002 casos de Covid-19 (taxa de crescimento de +3,0%), 53 \u00f3bitos (+2,2%) e 1.210 curados (+1,7%). Dos 104.188 casos confirmados desde o in\u00edcio da pandemia, 73.136 j\u00e1 s\u00e3o considerados curados, 28.616 encontram-se ativos e 2.436 tiveram \u00f3bito confirmado. Os casos confirmados ocorreram em 397 munic\u00edpios baianos, com [&hellip;]<\/p>\n","protected":false},"author":2,"featured_media":43990,"comment_status":"open","ping_status":"open","sticky":false,"template":"","format":"standard","meta":{"_acf_changed":false,"_monsterinsights_skip_tracking":false,"_monsterinsights_sitenote_active":false,"_monsterinsights_sitenote_note":"","_monsterinsights_sitenote_category":0,"_jetpack_memberships_contains_paid_content":false,"footnotes":"","jetpack_publicize_message":"","jetpack_publicize_feature_enabled":true,"jetpack_social_post_already_shared":true,"jetpack_social_options":{"image_generator_settings":{"template":"highway","default_image_id":0,"font":"","enabled":false},"version":2}},"categories":[7],"tags":[],"class_list":["post-46482","post","type-post","status-publish","format-standard","has-post-thumbnail","hentry","category-saude"],"acf":[],"jetpack_publicize_connections":[],"jetpack_featured_media_url":"https:\/\/i0.wp.com\/blogdoeloiltoncajuhy.com.br\/site\/wp-content\/uploads\/2020\/05\/SESAB_BoletimCoronavirus.jpeg?fit=1280%2C853&ssl=1","jetpack_sharing_enabled":true,"publishpress_future_workflow_manual_trigger":{"enabledWorkflows":[]},"_links":{"self":[{"href":"https:\/\/blogdoeloiltoncajuhy.com.br\/site\/wp-json\/wp\/v2\/posts\/46482","targetHints":{"allow":["GET"]}}],"collection":[{"href":"https:\/\/blogdoeloiltoncajuhy.com.br\/site\/wp-json\/wp\/v2\/posts"}],"about":[{"href":"https:\/\/blogdoeloiltoncajuhy.com.br\/site\/wp-json\/wp\/v2\/types\/post"}],"author":[{"embeddable":true,"href":"https:\/\/blogdoeloiltoncajuhy.com.br\/site\/wp-json\/wp\/v2\/users\/2"}],"replies":[{"embeddable":true,"href":"https:\/\/blogdoeloiltoncajuhy.com.br\/site\/wp-json\/wp\/v2\/comments?post=46482"}],"version-history":[{"count":2,"href":"https:\/\/blogdoeloiltoncajuhy.com.br\/site\/wp-json\/wp\/v2\/posts\/46482\/revisions"}],"predecessor-version":[{"id":46484,"href":"https:\/\/blogdoeloiltoncajuhy.com.br\/site\/wp-json\/wp\/v2\/posts\/46482\/revisions\/46484"}],"wp:featuredmedia":[{"embeddable":true,"href":"https:\/\/blogdoeloiltoncajuhy.com.br\/site\/wp-json\/wp\/v2\/media\/43990"}],"wp:attachment":[{"href":"https:\/\/blogdoeloiltoncajuhy.com.br\/site\/wp-json\/wp\/v2\/media?parent=46482"}],"wp:term":[{"taxonomy":"category","embeddable":true,"href":"https:\/\/blogdoeloiltoncajuhy.com.br\/site\/wp-json\/wp\/v2\/categories?post=46482"},{"taxonomy":"post_tag","embeddable":true,"href":"https:\/\/blogdoeloiltoncajuhy.com.br\/site\/wp-json\/wp\/v2\/tags?post=46482"}],"curies":[{"name":"wp","href":"https:\/\/api.w.org\/{rel}","templated":true}]}}