{"id":46473,"date":"2020-07-11T15:17:46","date_gmt":"2020-07-11T18:17:46","guid":{"rendered":"http:\/\/blogdoeloiltoncajuhy.com.br\/site\/?p=46473"},"modified":"2020-07-11T15:19:15","modified_gmt":"2020-07-11T18:19:15","slug":"especialista-em-aviacao-regional-aprova-mudancas-no-projeto-do-aeroporto-de-senhor-do-bonfim","status":"publish","type":"post","link":"https:\/\/blogdoeloiltoncajuhy.com.br\/site\/especialista-em-aviacao-regional-aprova-mudancas-no-projeto-do-aeroporto-de-senhor-do-bonfim\/","title":{"rendered":"Especialista em avia\u00e7\u00e3o regional aprova mudan\u00e7as no projeto do Aeroporto de Senhor do Bonfim"},"content":{"rendered":"\n<div class=\"wp-block-image is-style-default\"><figure class=\"aligncenter size-full\"><img data-recalc-dims=\"1\" fetchpriority=\"high\" decoding=\"async\" width=\"450\" height=\"459\" src=\"https:\/\/i0.wp.com\/blogdoeloiltoncajuhy.com.br\/site\/wp-content\/uploads\/2020\/07\/ClaudioLouzada.jpg?resize=450%2C459\" alt=\"\" class=\"wp-image-46474\" srcset=\"https:\/\/i0.wp.com\/blogdoeloiltoncajuhy.com.br\/site\/wp-content\/uploads\/2020\/07\/ClaudioLouzada.jpg?w=450&amp;ssl=1 450w, https:\/\/i0.wp.com\/blogdoeloiltoncajuhy.com.br\/site\/wp-content\/uploads\/2020\/07\/ClaudioLouzada.jpg?resize=294%2C300&amp;ssl=1 294w\" sizes=\"(max-width: 450px) 100vw, 450px\" \/><figcaption><em>Claudio Louzada &#8211; Especializado em avia\u00e7\u00e3o regional<\/em><\/figcaption><\/figure><\/div>\n\n\n\n<p>Especializado em avia\u00e7\u00e3o regional, o paulista Claudio Lemes Louzada, ao tomar conhecimento do projeto do governo da Bahia de implantar um aeroporto em Senhor do Bonfim, enviou um coment\u00e1rio \u00e0 nossa reportagem aprovando as mudan\u00e7as efetuadas pela gest\u00e3o Rui Costa, no projeto original, elaborado pelo seu antecessor Jaques Wagner.<\/p>\n\n\n\n<p>Louzada \u00e9 Planejador de Linhas A\u00e9reas, Market Intelligence, e \u00e9 especializado em Avia\u00e7\u00e3o Regional, Log\u00edstica A\u00e9rea &amp; Carga, tendo atuado profissionalmente nas empresas Carrascosa Engenharia e Solu\u00e7\u00f5es Empresariais, Gol Linhas A\u00e9reas, Gaia Group Gas-Offshore &amp; Engenharia, Rio Sul Linhas A\u00e9reas, Fly Cargo Regional e Taba Linhas A\u00e9reas.<\/p>\n\n\n\n<p>Claudio Lemes tamb\u00e9m presta consultoria a prefeitos e pessoas envolvidas em projetos e na implanta\u00e7\u00e3o de aeroportos em todo o Brasil.<\/p>\n\n\n\n<p class=\"has-medium-font-size\"><strong>Confira o coment\u00e1rio do especialista a respeito do aeroporto de Senhor do Bonfim:<\/strong><\/p>\n\n\n\n<p><em>Parab\u00e9ns Senhor do Bonfim e cidades do entorno!<br>Parab\u00e9ns tamb\u00e9m ao Governo do Estado atrav\u00e9s da Seinfra que abandonou o projeto anterior de construir um aeroporto com pista de pouso de apenas 1.260m de comprimento, em favor do atual projeto com 1.610 metros (1.610 x 30m).<\/em><\/p>\n\n\n\n<p><em>A Secretaria de Infraestrutura j\u00e1 vinha mostrando uma tend\u00eancia de construir pistas maiores para a moderna avia\u00e7\u00e3o regional da Bahia, como em Guanambi 1.700 x 30m ou Vit\u00f3ria da Conquista 2.100 x 45m. Nada justificava construir 1.260m em Senhor do Bonfim.<\/em><\/p>\n\n\n\n<p><em>Sempre \u00e9 bom lembrar nossas autoridades que se a resist\u00eancia do piso asf\u00e1ltico for de 33 toneladas, a pista\/aeroporto poder\u00e1 receber sem restri\u00e7\u00f5es operacionais os atuais turbo\u00e9lices de 70 lugares e a nova gera\u00e7\u00e3o que j\u00e1 come\u00e7ou a chegar ao mercado capacitada a transportar 90 passageiros.<\/em><\/p>\n\n\n\n<p><em>N\u00e3o podemos mais projetar, reformar ou construir aeroportos regionais pensando s\u00f3 no hoje. O hoje, j\u00e1 \u00e9 passado. Parab\u00e9ns! 1.610 x 30 metros!<br>Sauda\u00e7\u00f5es e bons voos.<\/em><\/p>\n","protected":false},"excerpt":{"rendered":"<p>Especializado em avia\u00e7\u00e3o regional, o paulista Claudio Lemes Louzada, ao tomar conhecimento do projeto do governo da Bahia de implantar um aeroporto em Senhor do Bonfim, enviou um coment\u00e1rio \u00e0 nossa reportagem aprovando as mudan\u00e7as efetuadas pela gest\u00e3o Rui Costa, no projeto original, elaborado pelo seu antecessor Jaques Wagner. Louzada \u00e9 Planejador de Linhas A\u00e9reas, [&hellip;]<\/p>\n","protected":false},"author":2,"featured_media":42955,"comment_status":"open","ping_status":"open","sticky":false,"template":"","format":"standard","meta":{"_acf_changed":false,"_monsterinsights_skip_tracking":false,"_monsterinsights_sitenote_active":false,"_monsterinsights_sitenote_note":"","_monsterinsights_sitenote_category":0,"_jetpack_memberships_contains_paid_content":false,"footnotes":"","jetpack_publicize_message":"","jetpack_publicize_feature_enabled":true,"jetpack_social_post_already_shared":true,"jetpack_social_options":{"image_generator_settings":{"template":"highway","default_image_id":0,"font":"","enabled":false},"version":2}},"categories":[4],"tags":[],"class_list":["post-46473","post","type-post","status-publish","format-standard","has-post-thumbnail","hentry","category-local"],"acf":[],"jetpack_publicize_connections":[],"jetpack_featured_media_url":"https:\/\/i0.wp.com\/blogdoeloiltoncajuhy.com.br\/site\/wp-content\/uploads\/2020\/04\/ImagemAeroportoBonfim.jpg?fit=670%2C400&ssl=1","jetpack_sharing_enabled":true,"publishpress_future_workflow_manual_trigger":{"enabledWorkflows":[]},"_links":{"self":[{"href":"https:\/\/blogdoeloiltoncajuhy.com.br\/site\/wp-json\/wp\/v2\/posts\/46473","targetHints":{"allow":["GET"]}}],"collection":[{"href":"https:\/\/blogdoeloiltoncajuhy.com.br\/site\/wp-json\/wp\/v2\/posts"}],"about":[{"href":"https:\/\/blogdoeloiltoncajuhy.com.br\/site\/wp-json\/wp\/v2\/types\/post"}],"author":[{"embeddable":true,"href":"https:\/\/blogdoeloiltoncajuhy.com.br\/site\/wp-json\/wp\/v2\/users\/2"}],"replies":[{"embeddable":true,"href":"https:\/\/blogdoeloiltoncajuhy.com.br\/site\/wp-json\/wp\/v2\/comments?post=46473"}],"version-history":[{"count":3,"href":"https:\/\/blogdoeloiltoncajuhy.com.br\/site\/wp-json\/wp\/v2\/posts\/46473\/revisions"}],"predecessor-version":[{"id":46477,"href":"https:\/\/blogdoeloiltoncajuhy.com.br\/site\/wp-json\/wp\/v2\/posts\/46473\/revisions\/46477"}],"wp:featuredmedia":[{"embeddable":true,"href":"https:\/\/blogdoeloiltoncajuhy.com.br\/site\/wp-json\/wp\/v2\/media\/42955"}],"wp:attachment":[{"href":"https:\/\/blogdoeloiltoncajuhy.com.br\/site\/wp-json\/wp\/v2\/media?parent=46473"}],"wp:term":[{"taxonomy":"category","embeddable":true,"href":"https:\/\/blogdoeloiltoncajuhy.com.br\/site\/wp-json\/wp\/v2\/categories?post=46473"},{"taxonomy":"post_tag","embeddable":true,"href":"https:\/\/blogdoeloiltoncajuhy.com.br\/site\/wp-json\/wp\/v2\/tags?post=46473"}],"curies":[{"name":"wp","href":"https:\/\/api.w.org\/{rel}","templated":true}]}}