{"id":46469,"date":"2020-07-11T14:48:05","date_gmt":"2020-07-11T17:48:05","guid":{"rendered":"http:\/\/blogdoeloiltoncajuhy.com.br\/site\/?p=46469"},"modified":"2020-07-11T14:48:07","modified_gmt":"2020-07-11T17:48:07","slug":"governo-da-bahia-decreta-toque-de-recolher-em-campo-formoso-na-proxima-semana","status":"publish","type":"post","link":"https:\/\/blogdoeloiltoncajuhy.com.br\/site\/governo-da-bahia-decreta-toque-de-recolher-em-campo-formoso-na-proxima-semana\/","title":{"rendered":"Governo da Bahia decreta toque de recolher em Campo Formoso na pr\u00f3xima semana"},"content":{"rendered":"\n<div class=\"wp-block-image is-style-default\"><figure class=\"aligncenter size-full\"><img data-recalc-dims=\"1\" fetchpriority=\"high\" decoding=\"async\" width=\"719\" height=\"485\" src=\"https:\/\/i0.wp.com\/blogdoeloiltoncajuhy.com.br\/site\/wp-content\/uploads\/2020\/07\/CamFormoso.jpeg?resize=719%2C485\" alt=\"\" class=\"wp-image-46470\" srcset=\"https:\/\/i0.wp.com\/blogdoeloiltoncajuhy.com.br\/site\/wp-content\/uploads\/2020\/07\/CamFormoso.jpeg?w=719&amp;ssl=1 719w, https:\/\/i0.wp.com\/blogdoeloiltoncajuhy.com.br\/site\/wp-content\/uploads\/2020\/07\/CamFormoso.jpeg?resize=300%2C202&amp;ssl=1 300w\" sizes=\"(max-width: 719px) 100vw, 719px\" \/><figcaption><em>Foto: Leandro Daniel<\/em><\/figcaption><\/figure><\/div>\n\n\n\n<p>Campo Formoso est\u00e1 na lista dos munic\u00edpios baianos que ter\u00e3o toque de recolher decretado pelo Governo da Bahia entre a pr\u00f3xima segunda-feira (13) e o domingo (19), das 18h \u00e0s 5h, para evitar o aumento nos casos de cont\u00e1gio de Covid-19. O Documento foi assinado pelo governador Rui Costa e publicado neste s\u00e1bado (11).<\/p>\n\n\n\n<p>De acordo com o decreto 19.829\/2020, os servi\u00e7os essenciais est\u00e3o autorizados a funcionar <em>\u201cem especial as atividades relacionadas ao enfrentamento da pandemia, o transporte e o servi\u00e7o de entrega de medicamentos e demais insumos necess\u00e1rios para manuten\u00e7\u00e3o das atividades de sa\u00fade, as obras em hospitais e a constru\u00e7\u00e3o de unidades de sa\u00fade, nos Munic\u00edpios constantes do Anexo II deste Decreto, de 13 de julho de 2020 a 19 de julho de 2020\u201d<\/em>, diz o documento.<\/p>\n\n\n\n<p>O artigo 4\u00ba do decreto tamb\u00e9m afirma que a Pol\u00edcia Militar dever\u00e1 atuar no cumprimento das medidas.<\/p>\n\n\n\n<p class=\"has-text-color has-medium-font-size has-vivid-cyan-blue-color\"><strong>Confira o decreto:<\/strong><\/p>\n\n\n\n<p><em>DECRETO N\u00ba 19.829 DE 10 DE JULHO DE 2020<br>Institui, nos Munic\u00edpios indicados, a restri\u00e7\u00e3o de circula\u00e7\u00e3o noturna como medida de enfrentamento ao novo coronav\u00edrus, causador da COVID \u2013 19, e d\u00e1 outras provid\u00eancias.<\/em><\/p>\n\n\n\n<p><em>O GOVERNADOR DO ESTADO DA BAHIA, no uso da atribui\u00e7\u00e3o que lhe confere o inciso V do art. 105 da Constitui\u00e7\u00e3o Estadual,<\/em><\/p>\n\n\n\n<p><em>Considerando que a sa\u00fade \u00e9 direito de todos e dever do Estado, garantido mediante pol\u00edticas sociais e econ\u00f4micas que visem \u00e0 redu\u00e7\u00e3o do risco de doen\u00e7a e de outros agravos e ao acesso universal e igualit\u00e1rio \u00e0s a\u00e7\u00f5es e servi\u00e7os para sua promo\u00e7\u00e3o, prote\u00e7\u00e3o e recupera\u00e7\u00e3o, na forma do art. 196 da Constitui\u00e7\u00e3o Federal;<\/em><\/p>\n\n\n\n<p><em>Considerando a classifica\u00e7\u00e3o pela Organiza\u00e7\u00e3o Mundial de Sa\u00fade, no dia 11 de mar\u00e7o de 2020, como pandemia do Novo Coronav\u00edrus;<\/em><\/p>\n\n\n\n<p><em>Considerando que a situa\u00e7\u00e3o demanda o emprego urgente de mais medidas de preven\u00e7\u00e3o, controle e conten\u00e7\u00e3o de riscos, danos e agravos \u00e0 sa\u00fade p\u00fablica, a fim de evitar a dissemina\u00e7\u00e3o da doen\u00e7a,<\/em><\/p>\n\n\n\n<p><em>D E C R E T A<\/em><\/p>\n\n\n\n<p><em>Art. 1\u00ba \u2013 Fica determinada a restri\u00e7\u00e3o de locomo\u00e7\u00e3o noturna, vedados a qualquer indiv\u00edduo a perman\u00eancia e o tr\u00e2nsito em vias, equipamentos, locais e pra\u00e7as p\u00fablicas, das 18h \u00e0s 05h, a partir da 00h do dia 13 de julho de 2020 at\u00e9 \u00e0s 24h do dia 19 de julho de 2020, nos Munic\u00edpios constantes dos Anexos I e II deste Decreto, em conformidade com as condi\u00e7\u00f5es estabelecidas nos respectivos Decretos Municipais.<\/em><\/p>\n\n\n\n<p><em>\u00a7 1\u00ba \u2013 Ficam excetuadas da veda\u00e7\u00e3o prevista no caput deste artigo as hip\u00f3teses de deslocamento para ida a servi\u00e7os de sa\u00fade ou farm\u00e1cia, para compra de medicamentos, ou situa\u00e7\u00f5es em que fique comprovada a urg\u00eancia.<\/em><\/p>\n\n\n\n<p><em>\u00a7 2\u00ba \u2013 A restri\u00e7\u00e3o prevista no caput deste artigo n\u00e3o se aplica aos servidores, funcion\u00e1rios e colaboradores, no desempenho de suas fun\u00e7\u00f5es, que atuam nas unidades p\u00fablicas ou privadas de sa\u00fade e seguran\u00e7a.<\/em><\/p>\n\n\n\n<p><em>Art. 2\u00ba \u2013 Fica autorizado, das 05h \u00e0s 16h, somente o funcionamento dos servi\u00e7os essenciais, e em especial as atividades relacionadas ao enfrentamento da pandemia, o transporte e o servi\u00e7o de entrega de medicamentos e demais insumos necess\u00e1rios para manuten\u00e7\u00e3o das atividades de sa\u00fade, as obras em hospitais e a constru\u00e7\u00e3o de unidades de sa\u00fade, nos Munic\u00edpios constantes do Anexo II deste Decreto, de 13 de julho de 2020 a 19 de julho de 2020.<\/em><\/p>\n\n\n\n<p><em>\u00a7 1\u00ba \u2013 Para fins do disposto no caput deste artigo, consideram-se essenciais as atividades de mercados, servi\u00e7os de delivery, farm\u00e1cias, unidades de sa\u00fade, servi\u00e7os de seguran\u00e7a privada, servi\u00e7os funer\u00e1rios, postos de combust\u00edveis, ind\u00fastrias, bancos, lot\u00e9ricas e estabelecimentos voltados a alimenta\u00e7\u00e3o e cuidado a animais.<\/em><\/p>\n\n\n\n<p><em>\u00a7 2\u00ba \u2013 Para fins do disposto no caput deste artigo, consideram-se servi\u00e7os p\u00fablicos essenciais, cuja presta\u00e7\u00e3o n\u00e3o admite interrup\u00e7\u00e3o, as atividades relacionadas \u00e0 seguran\u00e7a p\u00fablica, sa\u00fade, prote\u00e7\u00e3o e defesa civil, fiscaliza\u00e7\u00e3o, arrecada\u00e7\u00e3o, limpeza p\u00fablica, manuten\u00e7\u00e3o urbana, transporte p\u00fablico, energia, saneamento b\u00e1sico e comunica\u00e7\u00f5es.<\/em><\/p>\n\n\n\n<p><em>Art. 3\u00ba \u2013 Ficam ratificadas as medidas adotadas pelos Munic\u00edpios constantes do Anexo III deste Decreto, na forma dos respectivos Decretos Municipais.<\/em><\/p>\n\n\n\n<p><em>Art. 4\u00ba \u2013 A Pol\u00edcia Militar da Bahia \u2013 PMBA apoiar\u00e1 as medidas necess\u00e1rias adotadas pelos Munic\u00edpios, tendo em vista o disposto neste Decreto, em conjunto com a Guarda Municipal.<\/em><\/p>\n\n\n\n<p><em>Art. 5\u00ba \u2013 Os \u00f3rg\u00e3os especiais vinculados \u00e0 Secretaria da Seguran\u00e7a P\u00fablica observar\u00e3o a incid\u00eancia dos arts. 268 e 330 do C\u00f3digo Penal, nos casos de descumprimento do quanto disposto neste Decreto.<\/em><\/p>\n\n\n\n<p><em>Art. 6\u00ba \u2013 O disposto neste Decreto ser\u00e1 aplicado a \u00f3rg\u00e3os e entidades integrantes da Administra\u00e7\u00e3o P\u00fablica Estadual e Municipal, nos termos dos atos normativos editados pelos respectivos entes.<\/em><\/p>\n\n\n\n<p><em>Art. 7\u00ba \u2013 Este Decreto entra em vigor na data de sua publica\u00e7\u00e3o.<\/em><\/p>\n\n\n\n<p><em>PAL\u00c1CIO DO GOVERNO DO ESTADO DA BAHIA, em 10 de julho de 2020<\/em>.<\/p>\n\n\n\n<p><em>RUI COSTA<br>Governador<br>Carlos Mello<br>Secret\u00e1rio da Casa Civil em exerc\u00edcio<br>Maur\u00edcio Teles Barbosa<br>Secret\u00e1rio da Seguran\u00e7a P\u00fablica<\/em><\/p>\n","protected":false},"excerpt":{"rendered":"<p>Campo Formoso est\u00e1 na lista dos munic\u00edpios baianos que ter\u00e3o toque de recolher decretado pelo Governo da Bahia entre a pr\u00f3xima segunda-feira (13) e o domingo (19), das 18h \u00e0s 5h, para evitar o aumento nos casos de cont\u00e1gio de Covid-19. O Documento foi assinado pelo governador Rui Costa e publicado neste s\u00e1bado (11). De [&hellip;]<\/p>\n","protected":false},"author":2,"featured_media":46470,"comment_status":"open","ping_status":"open","sticky":false,"template":"","format":"standard","meta":{"_acf_changed":false,"_monsterinsights_skip_tracking":false,"_monsterinsights_sitenote_active":false,"_monsterinsights_sitenote_note":"","_monsterinsights_sitenote_category":0,"_jetpack_memberships_contains_paid_content":false,"footnotes":"","jetpack_publicize_message":"","jetpack_publicize_feature_enabled":true,"jetpack_social_post_already_shared":true,"jetpack_social_options":{"image_generator_settings":{"template":"highway","default_image_id":0,"font":"","enabled":false},"version":2}},"categories":[11],"tags":[],"class_list":["post-46469","post","type-post","status-publish","format-standard","has-post-thumbnail","hentry","category-regional"],"acf":[],"jetpack_publicize_connections":[],"jetpack_featured_media_url":"https:\/\/i0.wp.com\/blogdoeloiltoncajuhy.com.br\/site\/wp-content\/uploads\/2020\/07\/CamFormoso.jpeg?fit=719%2C485&ssl=1","jetpack_sharing_enabled":true,"publishpress_future_workflow_manual_trigger":{"enabledWorkflows":[]},"_links":{"self":[{"href":"https:\/\/blogdoeloiltoncajuhy.com.br\/site\/wp-json\/wp\/v2\/posts\/46469","targetHints":{"allow":["GET"]}}],"collection":[{"href":"https:\/\/blogdoeloiltoncajuhy.com.br\/site\/wp-json\/wp\/v2\/posts"}],"about":[{"href":"https:\/\/blogdoeloiltoncajuhy.com.br\/site\/wp-json\/wp\/v2\/types\/post"}],"author":[{"embeddable":true,"href":"https:\/\/blogdoeloiltoncajuhy.com.br\/site\/wp-json\/wp\/v2\/users\/2"}],"replies":[{"embeddable":true,"href":"https:\/\/blogdoeloiltoncajuhy.com.br\/site\/wp-json\/wp\/v2\/comments?post=46469"}],"version-history":[{"count":2,"href":"https:\/\/blogdoeloiltoncajuhy.com.br\/site\/wp-json\/wp\/v2\/posts\/46469\/revisions"}],"predecessor-version":[{"id":46472,"href":"https:\/\/blogdoeloiltoncajuhy.com.br\/site\/wp-json\/wp\/v2\/posts\/46469\/revisions\/46472"}],"wp:featuredmedia":[{"embeddable":true,"href":"https:\/\/blogdoeloiltoncajuhy.com.br\/site\/wp-json\/wp\/v2\/media\/46470"}],"wp:attachment":[{"href":"https:\/\/blogdoeloiltoncajuhy.com.br\/site\/wp-json\/wp\/v2\/media?parent=46469"}],"wp:term":[{"taxonomy":"category","embeddable":true,"href":"https:\/\/blogdoeloiltoncajuhy.com.br\/site\/wp-json\/wp\/v2\/categories?post=46469"},{"taxonomy":"post_tag","embeddable":true,"href":"https:\/\/blogdoeloiltoncajuhy.com.br\/site\/wp-json\/wp\/v2\/tags?post=46469"}],"curies":[{"name":"wp","href":"https:\/\/api.w.org\/{rel}","templated":true}]}}