{"id":46467,"date":"2020-07-11T14:38:29","date_gmt":"2020-07-11T17:38:29","guid":{"rendered":"http:\/\/blogdoeloiltoncajuhy.com.br\/site\/?p=46467"},"modified":"2020-07-11T14:38:31","modified_gmt":"2020-07-11T17:38:31","slug":"decreto-estadual-que-suspende-aulas-eventos-e-transporte-intermunicipal-e-prorrogado-ate-31-de-julho","status":"publish","type":"post","link":"https:\/\/blogdoeloiltoncajuhy.com.br\/site\/decreto-estadual-que-suspende-aulas-eventos-e-transporte-intermunicipal-e-prorrogado-ate-31-de-julho\/","title":{"rendered":"Decreto estadual que suspende aulas, eventos e transporte intermunicipal \u00e9 prorrogado at\u00e9 31 de julho"},"content":{"rendered":"\n<p><\/p>\n\n\n\n<div class=\"wp-block-image is-style-default\"><figure class=\"aligncenter size-full\"><img data-recalc-dims=\"1\" fetchpriority=\"high\" decoding=\"async\" width=\"413\" height=\"328\" src=\"https:\/\/i0.wp.com\/blogdoeloiltoncajuhy.com.br\/site\/wp-content\/uploads\/2017\/01\/PN_decreto.png?resize=413%2C328\" alt=\"\" class=\"wp-image-14512\" srcset=\"https:\/\/i0.wp.com\/blogdoeloiltoncajuhy.com.br\/site\/wp-content\/uploads\/2017\/01\/PN_decreto.png?w=413&amp;ssl=1 413w, https:\/\/i0.wp.com\/blogdoeloiltoncajuhy.com.br\/site\/wp-content\/uploads\/2017\/01\/PN_decreto.png?resize=300%2C238&amp;ssl=1 300w, https:\/\/i0.wp.com\/blogdoeloiltoncajuhy.com.br\/site\/wp-content\/uploads\/2017\/01\/PN_decreto.png?resize=250%2C199&amp;ssl=1 250w\" sizes=\"(max-width: 413px) 100vw, 413px\" \/><\/figure><\/div>\n\n\n\n<p>O Governo do Estado publicou, no Di\u00e1rio Oficial do Estado (DOE) deste s\u00e1bado (11), decreto que mant\u00e9m suspensas em todo territ\u00f3rio baiano, at\u00e9 o dia 31 de julho, as aulas nas redes p\u00fablica e privada e as atividades que envolvem aglomera\u00e7\u00e3o de pessoas, eventos religiosos, shows, feiras, apresenta\u00e7\u00f5es circenses, eventos cient\u00edficos, passeatas, aulas em academias de dan\u00e7a e gin\u00e1stica, al\u00e9m da abertura e do funcionamento de zool\u00f3gicos, museus, teatros, dentre outros. Outro decreto publicado no DOE tamb\u00e9m determina <a href=\"http:\/\/www.secom.ba.gov.br\/2020\/07\/154295\/Governo-do-Estado-decreta-medidas-mais-duras-para-62-municipios-e-prorroga-medidas-na-RMS.html\">medidas mais duras em 62 munic\u00edpios<\/a>.<\/p>\n\n\n\n<p>Todas essas restri\u00e7\u00f5es est\u00e3o estabelecidas no decreto n\u00b0 19.586, que teria validade at\u00e9 este domingo (12). A prorroga\u00e7\u00e3o do decreto tamb\u00e9m inclui a suspens\u00e3o do transporte intermunicipal em 385 cidades baianas, conforme anexo publicado no DOE. Central, Iramaia, Lafaiete Coutinho, Maca\u00fabas, Marcion\u00edlio Souza, Mirante e Sa\u00fade passaram a fazer parte desta lista neste s\u00e1bado.<\/p>\n\n\n\n<p>Nesta sexta-feira (10), o governador Rui Costa tamb\u00e9m afirmou que os jogos de futebol, sem p\u00fablico, n\u00e3o poder\u00e3o ser realizados na Arena Fonte Nova. No est\u00e1dio foram instalados leitos de enfermaria e de Unidade de Terapia Intensiva para tratar pacientes contaminados pelo novo coronav\u00edrus.<\/p>\n\n\n\n<p><em>\u201cEntendemos que a Arena Fonte Nova n\u00e3o deve ser utilizada at\u00e9 porque, para a plena alegria e comemora\u00e7\u00e3o do futebol e jogadores \u00e9 melhor que os jogos sejam realizados no est\u00e1dio de Pitua\u00e7u\u201d<\/em>, destaca.<\/p>\n","protected":false},"excerpt":{"rendered":"<p>O Governo do Estado publicou, no Di\u00e1rio Oficial do Estado (DOE) deste s\u00e1bado (11), decreto que mant\u00e9m suspensas em todo territ\u00f3rio baiano, at\u00e9 o dia 31 de julho, as aulas nas redes p\u00fablica e privada e as atividades que envolvem aglomera\u00e7\u00e3o de pessoas, eventos religiosos, shows, feiras, apresenta\u00e7\u00f5es circenses, eventos cient\u00edficos, passeatas, aulas em academias [&hellip;]<\/p>\n","protected":false},"author":2,"featured_media":14512,"comment_status":"open","ping_status":"open","sticky":false,"template":"","format":"standard","meta":{"_acf_changed":false,"_monsterinsights_skip_tracking":false,"_monsterinsights_sitenote_active":false,"_monsterinsights_sitenote_note":"","_monsterinsights_sitenote_category":0,"_jetpack_memberships_contains_paid_content":false,"footnotes":"","jetpack_publicize_message":"","jetpack_publicize_feature_enabled":true,"jetpack_social_post_already_shared":true,"jetpack_social_options":{"image_generator_settings":{"template":"highway","default_image_id":0,"font":"","enabled":false},"version":2}},"categories":[7],"tags":[],"class_list":["post-46467","post","type-post","status-publish","format-standard","has-post-thumbnail","hentry","category-saude"],"acf":[],"jetpack_publicize_connections":[],"jetpack_featured_media_url":"https:\/\/i0.wp.com\/blogdoeloiltoncajuhy.com.br\/site\/wp-content\/uploads\/2017\/01\/PN_decreto.png?fit=413%2C328&ssl=1","jetpack_sharing_enabled":true,"publishpress_future_workflow_manual_trigger":{"enabledWorkflows":[]},"_links":{"self":[{"href":"https:\/\/blogdoeloiltoncajuhy.com.br\/site\/wp-json\/wp\/v2\/posts\/46467","targetHints":{"allow":["GET"]}}],"collection":[{"href":"https:\/\/blogdoeloiltoncajuhy.com.br\/site\/wp-json\/wp\/v2\/posts"}],"about":[{"href":"https:\/\/blogdoeloiltoncajuhy.com.br\/site\/wp-json\/wp\/v2\/types\/post"}],"author":[{"embeddable":true,"href":"https:\/\/blogdoeloiltoncajuhy.com.br\/site\/wp-json\/wp\/v2\/users\/2"}],"replies":[{"embeddable":true,"href":"https:\/\/blogdoeloiltoncajuhy.com.br\/site\/wp-json\/wp\/v2\/comments?post=46467"}],"version-history":[{"count":1,"href":"https:\/\/blogdoeloiltoncajuhy.com.br\/site\/wp-json\/wp\/v2\/posts\/46467\/revisions"}],"predecessor-version":[{"id":46468,"href":"https:\/\/blogdoeloiltoncajuhy.com.br\/site\/wp-json\/wp\/v2\/posts\/46467\/revisions\/46468"}],"wp:featuredmedia":[{"embeddable":true,"href":"https:\/\/blogdoeloiltoncajuhy.com.br\/site\/wp-json\/wp\/v2\/media\/14512"}],"wp:attachment":[{"href":"https:\/\/blogdoeloiltoncajuhy.com.br\/site\/wp-json\/wp\/v2\/media?parent=46467"}],"wp:term":[{"taxonomy":"category","embeddable":true,"href":"https:\/\/blogdoeloiltoncajuhy.com.br\/site\/wp-json\/wp\/v2\/categories?post=46467"},{"taxonomy":"post_tag","embeddable":true,"href":"https:\/\/blogdoeloiltoncajuhy.com.br\/site\/wp-json\/wp\/v2\/tags?post=46467"}],"curies":[{"name":"wp","href":"https:\/\/api.w.org\/{rel}","templated":true}]}}