{"id":41495,"date":"2020-02-24T09:11:19","date_gmt":"2020-02-24T12:11:19","guid":{"rendered":"http:\/\/blogdoeloiltoncajuhy.com.br\/site\/?p=41495"},"modified":"2020-02-24T09:11:25","modified_gmt":"2020-02-24T12:11:25","slug":"filiado-ao-pv-targino-gondim-nao-descarta-disputa-pela-prefeitura-de-juazeiro","status":"publish","type":"post","link":"https:\/\/blogdoeloiltoncajuhy.com.br\/site\/filiado-ao-pv-targino-gondim-nao-descarta-disputa-pela-prefeitura-de-juazeiro\/","title":{"rendered":"Filiado ao PV, Targino Gondim n\u00e3o descarta disputa pela Prefeitura de Juazeiro"},"content":{"rendered":"\n<p><strong>Bahia Not\u00edcias<\/strong><\/p>\n\n\n\n<div class=\"wp-block-image\"><figure class=\"aligncenter size-full is-resized\"><img data-recalc-dims=\"1\" fetchpriority=\"high\" decoding=\"async\" src=\"https:\/\/i0.wp.com\/blogdoeloiltoncajuhy.com.br\/site\/wp-content\/uploads\/2020\/02\/TarginoCarnavalSSA.jpg?resize=528%2C389\" alt=\"\" class=\"wp-image-41496\" width=\"528\" height=\"389\" srcset=\"https:\/\/i0.wp.com\/blogdoeloiltoncajuhy.com.br\/site\/wp-content\/uploads\/2020\/02\/TarginoCarnavalSSA.jpg?w=380&amp;ssl=1 380w, https:\/\/i0.wp.com\/blogdoeloiltoncajuhy.com.br\/site\/wp-content\/uploads\/2020\/02\/TarginoCarnavalSSA.jpg?resize=300%2C221&amp;ssl=1 300w, https:\/\/i0.wp.com\/blogdoeloiltoncajuhy.com.br\/site\/wp-content\/uploads\/2020\/02\/TarginoCarnavalSSA.jpg?resize=250%2C184&amp;ssl=1 250w\" sizes=\"(max-width: 528px) 100vw, 528px\" \/><figcaption>Foto: Jefferson Peixoto \/ Ag Haack \/ Bahia Not\u00edcias<\/figcaption><\/figure><\/div>\n\n\n\n<p>Presente no camarote Expresso 2222, neste s\u00e1bado (22) de folia, o sanfoneiro Targino Gondim afirmou que <em>\u201cn\u00e3o \u00e9 descartada\u201d<\/em> a possibilidade de concorrer a prefeitura de Juazeiro, cidade onde atualmente vive. Filiado ao PV, o m\u00fasico chegou a ser candidato a deputado federal e justifica o seu desejo de entrar na pol\u00edtica.<\/p>\n\n\n\n<p><em>\u201cFui candidato a deputado federal, tive uma vota\u00e7\u00e3o bacana. Tive pouco tempo de trabalho, porque resolvi em cima da hora, por desejo de tentar mudar algumas coisas que eu vejo acontecer perto da gente\u201d<\/em>, declarou.<\/p>\n\n\n\n<p>Segundo Gondim, al\u00e9m de cogitarem o seu nome como candidato a prefeito de Juazeiro, especulam a possibilidade que ele saia como vice-prefeito na chapa junto com Anselmo Bispo. Ele, no entanto, reafirma seu desejo de <em>\u201cmudar a hist\u00f3ria de Juazeiro e mudar a vida de algumas pessoas como deputado federal\u201d<\/em>. <\/p>\n\n\n\n<p>Fora da pol\u00edtica, Targino prev\u00ea mais uma edi\u00e7\u00e3o do Festival Internacional da Sanfona para o final do ano. Antes disso, por\u00e9m, ele vem preparando outros dois festivais, sendo um deles logo ap\u00f3s o Carnaval. <\/p>\n\n\n\n<p><em>\u201cNa Semana Santa tenho o Festival de Forr\u00f3 de Itacar\u00e9. Vou levar Elba Ramalho, Geraldo Azevedo, Rural El\u00e9trica, em tr\u00eas dias de festa da Semana Santa sob meu comando. No m\u00eas de outubro, comemorando o meu anivers\u00e1rio, \u00e9 o Festival de Forr\u00f3 da Chapada, em Mucug\u00ea, dias 9, 10 e 11 de outubro\u201d<\/em>, adiantou.<\/p>\n","protected":false},"excerpt":{"rendered":"<p>Bahia Not\u00edcias Presente no camarote Expresso 2222, neste s\u00e1bado (22) de folia, o sanfoneiro Targino Gondim afirmou que \u201cn\u00e3o \u00e9 descartada\u201d a possibilidade de concorrer a prefeitura de Juazeiro, cidade onde atualmente vive. Filiado ao PV, o m\u00fasico chegou a ser candidato a deputado federal e justifica o seu desejo de entrar na pol\u00edtica. \u201cFui [&hellip;]<\/p>\n","protected":false},"author":2,"featured_media":41496,"comment_status":"open","ping_status":"open","sticky":false,"template":"","format":"standard","meta":{"_acf_changed":false,"_monsterinsights_skip_tracking":false,"_monsterinsights_sitenote_active":false,"_monsterinsights_sitenote_note":"","_monsterinsights_sitenote_category":0,"_jetpack_memberships_contains_paid_content":false,"footnotes":"","jetpack_publicize_message":"","jetpack_publicize_feature_enabled":true,"jetpack_social_post_already_shared":true,"jetpack_social_options":{"image_generator_settings":{"template":"highway","default_image_id":0,"font":"","enabled":false},"version":2}},"categories":[1,3,11],"tags":[],"class_list":["post-41495","post","type-post","status-publish","format-standard","has-post-thumbnail","hentry","category-noticias","category-politica","category-regional"],"acf":[],"jetpack_publicize_connections":[],"jetpack_featured_media_url":"https:\/\/i0.wp.com\/blogdoeloiltoncajuhy.com.br\/site\/wp-content\/uploads\/2020\/02\/TarginoCarnavalSSA.jpg?fit=380%2C280&ssl=1","jetpack_sharing_enabled":true,"publishpress_future_workflow_manual_trigger":{"enabledWorkflows":[]},"_links":{"self":[{"href":"https:\/\/blogdoeloiltoncajuhy.com.br\/site\/wp-json\/wp\/v2\/posts\/41495","targetHints":{"allow":["GET"]}}],"collection":[{"href":"https:\/\/blogdoeloiltoncajuhy.com.br\/site\/wp-json\/wp\/v2\/posts"}],"about":[{"href":"https:\/\/blogdoeloiltoncajuhy.com.br\/site\/wp-json\/wp\/v2\/types\/post"}],"author":[{"embeddable":true,"href":"https:\/\/blogdoeloiltoncajuhy.com.br\/site\/wp-json\/wp\/v2\/users\/2"}],"replies":[{"embeddable":true,"href":"https:\/\/blogdoeloiltoncajuhy.com.br\/site\/wp-json\/wp\/v2\/comments?post=41495"}],"version-history":[{"count":1,"href":"https:\/\/blogdoeloiltoncajuhy.com.br\/site\/wp-json\/wp\/v2\/posts\/41495\/revisions"}],"predecessor-version":[{"id":41497,"href":"https:\/\/blogdoeloiltoncajuhy.com.br\/site\/wp-json\/wp\/v2\/posts\/41495\/revisions\/41497"}],"wp:featuredmedia":[{"embeddable":true,"href":"https:\/\/blogdoeloiltoncajuhy.com.br\/site\/wp-json\/wp\/v2\/media\/41496"}],"wp:attachment":[{"href":"https:\/\/blogdoeloiltoncajuhy.com.br\/site\/wp-json\/wp\/v2\/media?parent=41495"}],"wp:term":[{"taxonomy":"category","embeddable":true,"href":"https:\/\/blogdoeloiltoncajuhy.com.br\/site\/wp-json\/wp\/v2\/categories?post=41495"},{"taxonomy":"post_tag","embeddable":true,"href":"https:\/\/blogdoeloiltoncajuhy.com.br\/site\/wp-json\/wp\/v2\/tags?post=41495"}],"curies":[{"name":"wp","href":"https:\/\/api.w.org\/{rel}","templated":true}]}}