{"id":41458,"date":"2020-02-22T10:00:26","date_gmt":"2020-02-22T13:00:26","guid":{"rendered":"http:\/\/blogdoeloiltoncajuhy.com.br\/site\/?p=41458"},"modified":"2020-02-22T10:00:35","modified_gmt":"2020-02-22T13:00:35","slug":"apos-dizer-que-nao-iria-ao-carnaval-gilberto-gil-aparece-em-camarote-de-salvador-pelo-segundo-dia-seguido","status":"publish","type":"post","link":"https:\/\/blogdoeloiltoncajuhy.com.br\/site\/apos-dizer-que-nao-iria-ao-carnaval-gilberto-gil-aparece-em-camarote-de-salvador-pelo-segundo-dia-seguido\/","title":{"rendered":"Ap\u00f3s dizer que n\u00e3o iria ao carnaval, Gilberto Gil aparece em camarote de Salvador pelo segundo dia seguido"},"content":{"rendered":"\n<h5 class=\"has-text-align-center wp-block-heading\"><em>Artista foi flagrado aos beijos com a esposa Flora Gil, na noite desta sexta-feira (21), no camarote Expresso 2222, no circuito Dod\u00f4 (Barra-Ondina)<\/em><\/h5>\n\n\n\n<p><strong>Por G1 BA<\/strong><\/p>\n\n\n\n<div class=\"wp-block-image\"><figure class=\"aligncenter size-large\"><img fetchpriority=\"high\" decoding=\"async\" width=\"1344\" height=\"963\" src=\"https:\/\/i1.wp.com\/blogdoeloiltoncajuhy.com.br\/site\/wp-content\/uploads\/2020\/02\/GilbertoGil-Flora.jpg?fit=590%2C423\" alt=\"\" class=\"wp-image-41459\" srcset=\"https:\/\/i0.wp.com\/blogdoeloiltoncajuhy.com.br\/site\/wp-content\/uploads\/2020\/02\/GilbertoGil-Flora.jpg?w=1344&amp;ssl=1 1344w, https:\/\/i0.wp.com\/blogdoeloiltoncajuhy.com.br\/site\/wp-content\/uploads\/2020\/02\/GilbertoGil-Flora.jpg?resize=300%2C215&amp;ssl=1 300w, https:\/\/i0.wp.com\/blogdoeloiltoncajuhy.com.br\/site\/wp-content\/uploads\/2020\/02\/GilbertoGil-Flora.jpg?resize=1024%2C734&amp;ssl=1 1024w, https:\/\/i0.wp.com\/blogdoeloiltoncajuhy.com.br\/site\/wp-content\/uploads\/2020\/02\/GilbertoGil-Flora.jpg?resize=768%2C550&amp;ssl=1 768w, https:\/\/i0.wp.com\/blogdoeloiltoncajuhy.com.br\/site\/wp-content\/uploads\/2020\/02\/GilbertoGil-Flora.jpg?resize=250%2C179&amp;ssl=1 250w\" sizes=\"(max-width: 800px) 100vw, 800px\" \/><figcaption>Flora Gil e Gilberto Gil se beijam no Expresso 2222, no segundo dia de carnaval em Salvador \u2014 Foto: Dilson Silva\/AgNews<\/figcaption><\/figure><\/div>\n\n\n\n<p>Ap\u00f3s revelar que n\u00e3o ia participar do carnaval por causa do ass\u00e9dio, o cantor, compositor e multi-instrumentista Gilberto Gil apareceu na noite de sexta-feira (21) no camarote Expresso 2222, pelo segundo dia seguido. O artista foi flagrado aos beijos com a esposa Flora Gil.<\/p>\n\n\n\n<p>Em entrevista \u00e0 TV Bahia, no in\u00edcio de fevereiro, o artista disse ainda que entendia o ass\u00e9dio das pessoas \u00e0s figuras p\u00fablicas, mas que esse era um fator que dificulta sua sa\u00edda no carnaval por ser idoso.<\/p>\n\n\n\n<p><em>\u201cAno passado eu fui muito pouco. Fiz s\u00f3 uma visita muito r\u00e1pida aos Filhos de Gandhy, quando vieram pra Barra. Fui um dia s\u00f3 no camarote do Expresso [2222], que \u00e9 uma atividade que a Flora [esposa] e a equipe dela j\u00e1 v\u00eam fazendo. S\u00e3o duas quest\u00f5es: eu nunca fui carnavalesco propriamente. Eu aderi muito ao carnaval por solidariedade cultural e espiritual a essa magnifica festa, que \u00e9 uma constru\u00e7\u00e3o extraordin\u00e1ria do povo brasileiro. No caso da Bahia, ainda mais especial&#8221;<\/em>, destacou Gil.<\/p>\n\n\n\n<div class=\"wp-block-image\"><figure class=\"aligncenter size-large\"><img decoding=\"async\" width=\"984\" height=\"1128\" src=\"https:\/\/i0.wp.com\/blogdoeloiltoncajuhy.com.br\/site\/wp-content\/uploads\/2020\/02\/GilbertoGil-Flora-02.jpg?fit=590%2C677\" alt=\"\" class=\"wp-image-41460\" srcset=\"https:\/\/i0.wp.com\/blogdoeloiltoncajuhy.com.br\/site\/wp-content\/uploads\/2020\/02\/GilbertoGil-Flora-02.jpg?w=984&amp;ssl=1 984w, https:\/\/i0.wp.com\/blogdoeloiltoncajuhy.com.br\/site\/wp-content\/uploads\/2020\/02\/GilbertoGil-Flora-02.jpg?resize=262%2C300&amp;ssl=1 262w, https:\/\/i0.wp.com\/blogdoeloiltoncajuhy.com.br\/site\/wp-content\/uploads\/2020\/02\/GilbertoGil-Flora-02.jpg?resize=893%2C1024&amp;ssl=1 893w, https:\/\/i0.wp.com\/blogdoeloiltoncajuhy.com.br\/site\/wp-content\/uploads\/2020\/02\/GilbertoGil-Flora-02.jpg?resize=768%2C880&amp;ssl=1 768w, https:\/\/i0.wp.com\/blogdoeloiltoncajuhy.com.br\/site\/wp-content\/uploads\/2020\/02\/GilbertoGil-Flora-02.jpg?resize=218%2C250&amp;ssl=1 218w\" sizes=\"(max-width: 800px) 100vw, 800px\" \/><figcaption>Gilberto Gil e Flora GIL no Expresso 2222, no segundo dia de carnaval em Salvador \u2014 Foto: Dilson Silva\/AgNews<\/figcaption><\/figure><\/div>\n","protected":false},"excerpt":{"rendered":"<p>Artista foi flagrado aos beijos com a esposa Flora Gil, na noite desta sexta-feira (21), no camarote Expresso 2222, no circuito Dod\u00f4 (Barra-Ondina) Por G1 BA Ap\u00f3s revelar que n\u00e3o ia participar do carnaval por causa do ass\u00e9dio, o cantor, compositor e multi-instrumentista Gilberto Gil apareceu na noite de sexta-feira (21) no camarote Expresso 2222, [&hellip;]<\/p>\n","protected":false},"author":2,"featured_media":41460,"comment_status":"open","ping_status":"open","sticky":false,"template":"","format":"standard","meta":{"_acf_changed":false,"_monsterinsights_skip_tracking":false,"_monsterinsights_sitenote_active":false,"_monsterinsights_sitenote_note":"","_monsterinsights_sitenote_category":0,"_jetpack_memberships_contains_paid_content":false,"footnotes":"","jetpack_publicize_message":"","jetpack_publicize_feature_enabled":true,"jetpack_social_post_already_shared":true,"jetpack_social_options":{"image_generator_settings":{"template":"highway","default_image_id":0,"font":"","enabled":false},"version":2}},"categories":[8,1],"tags":[],"class_list":["post-41458","post","type-post","status-publish","format-standard","has-post-thumbnail","hentry","category-cultura","category-noticias"],"acf":[],"jetpack_publicize_connections":[],"jetpack_featured_media_url":"https:\/\/i0.wp.com\/blogdoeloiltoncajuhy.com.br\/site\/wp-content\/uploads\/2020\/02\/GilbertoGil-Flora-02.jpg?fit=984%2C1128&ssl=1","jetpack_sharing_enabled":true,"publishpress_future_workflow_manual_trigger":{"enabledWorkflows":[]},"_links":{"self":[{"href":"https:\/\/blogdoeloiltoncajuhy.com.br\/site\/wp-json\/wp\/v2\/posts\/41458","targetHints":{"allow":["GET"]}}],"collection":[{"href":"https:\/\/blogdoeloiltoncajuhy.com.br\/site\/wp-json\/wp\/v2\/posts"}],"about":[{"href":"https:\/\/blogdoeloiltoncajuhy.com.br\/site\/wp-json\/wp\/v2\/types\/post"}],"author":[{"embeddable":true,"href":"https:\/\/blogdoeloiltoncajuhy.com.br\/site\/wp-json\/wp\/v2\/users\/2"}],"replies":[{"embeddable":true,"href":"https:\/\/blogdoeloiltoncajuhy.com.br\/site\/wp-json\/wp\/v2\/comments?post=41458"}],"version-history":[{"count":1,"href":"https:\/\/blogdoeloiltoncajuhy.com.br\/site\/wp-json\/wp\/v2\/posts\/41458\/revisions"}],"predecessor-version":[{"id":41461,"href":"https:\/\/blogdoeloiltoncajuhy.com.br\/site\/wp-json\/wp\/v2\/posts\/41458\/revisions\/41461"}],"wp:featuredmedia":[{"embeddable":true,"href":"https:\/\/blogdoeloiltoncajuhy.com.br\/site\/wp-json\/wp\/v2\/media\/41460"}],"wp:attachment":[{"href":"https:\/\/blogdoeloiltoncajuhy.com.br\/site\/wp-json\/wp\/v2\/media?parent=41458"}],"wp:term":[{"taxonomy":"category","embeddable":true,"href":"https:\/\/blogdoeloiltoncajuhy.com.br\/site\/wp-json\/wp\/v2\/categories?post=41458"},{"taxonomy":"post_tag","embeddable":true,"href":"https:\/\/blogdoeloiltoncajuhy.com.br\/site\/wp-json\/wp\/v2\/tags?post=41458"}],"curies":[{"name":"wp","href":"https:\/\/api.w.org\/{rel}","templated":true}]}}